{"id":7815,"date":"2026-02-05T08:37:18","date_gmt":"2026-02-05T07:37:18","guid":{"rendered":"https:\/\/evibossanyi.com\/?p=7815"},"modified":"2026-02-05T08:37:18","modified_gmt":"2026-02-05T07:37:18","slug":"9-fantastici-corsi-di-intreccio-con-le-cannucce-di-carta-di-giornale","status":"publish","type":"post","link":"https:\/\/evibossanyi.com\/intreccio-quotidiano\/9-fantastici-corsi-di-intreccio-con-le-cannucce-di-carta-di-giornale\/","title":{"rendered":"9 fantastici corsi di intreccio con le cannucce di carta di giornale"},"content":{"rendered":"\t\t<div data-elementor-type=\"wp-post\" data-elementor-id=\"7815\" class=\"elementor elementor-7815\" data-elementor-post-type=\"post\">\n\t\t\t\t\t\t<section class=\"elementor-section elementor-top-section elementor-element elementor-element-36731f6 elementor-section-boxed elementor-section-height-default elementor-section-height-default\" data-id=\"36731f6\" data-element_type=\"section\" data-settings=\"{&quot;jet_parallax_layout_list&quot;:[]}\">\n\t\t\t\t\t\t<div class=\"elementor-container elementor-column-gap-default\">\n\t\t\t\t\t<div class=\"elementor-column elementor-col-100 elementor-top-column elementor-element elementor-element-136892e\" data-id=\"136892e\" data-element_type=\"column\">\n\t\t\t<div class=\"elementor-widget-wrap elementor-element-populated\">\n\t\t\t\t\t\t<div class=\"elementor-element elementor-element-9dda8e1 elementor-widget elementor-widget-text-editor\" data-id=\"9dda8e1\" data-element_type=\"widget\" data-widget_type=\"text-editor.default\">\n\t\t\t\t<div class=\"elementor-widget-container\">\n\t\t\t\t\t\t\t\t\t<p>Nei prossimi mesi sar\u00f2 presente nelle principali fiere del settore e ti aspetto con tanti corsi e novit\u00e0 presso il mio stand personale. Tutti i corsi che propongo in fiera hanno vari livelli di difficolt\u00e0 e una durata che varia da 1 a 3 ore. Avrai a tua disposizione tutto il materiale necessario per realizzare il progetto scelto. I corsi si svolgono tutto il giorno ininterrottamente, in ogni caso ti consiglio vivamente di <a href=\"https:\/\/evibossanyi.com\/contatti\/\"><strong>prenotare<\/strong><\/a>\u00a0per assicurarti il posto e l\u2019orario da te preferito.<\/p><p>Se ancora non hai consultato il\u00a0<a href=\"https:\/\/evibossanyi.com\/eventi\/\"><strong>calendario degli eventi<\/strong><\/a>\u00a0ecco dove e quando puoi trovarmi:<\/p><ul><li><a href=\"https:\/\/www.abilmente.org\/it\/vicenza?gad_source=1&amp;gad_campaignid=23444838680&amp;gbraid=0AAAAADOn6UkwqFgYDmB20WeHZZQyolw3U&amp;gclid=Cj0KCQiA-YvMBhDtARIsAHZuUzLcWv4itPz1oQrzumnZyJPqDySa3dLR53VMYSzNDbcHOFQoUAe5e0UaAmUyEALw_wcB\"><em><strong>Abilmente Vicenza<\/strong><\/em><\/a> 19-22 febbraio\u00a0<\/li><li><a href=\"https:\/\/www.abilmente.org\/it\/roma?gad_source=1&amp;gad_campaignid=23458891368&amp;gbraid=0AAAAADOn6UlnvJPg5EYMoycAcjOEuVVVk&amp;gclid=Cj0KCQiA-YvMBhDtARIsAHZuUzKLCbRJk8Nkig9oKm8eqY4miS4dGBTVe4YjB_uRUWoukJrkp4VnYWMaAjwAEALw_wcB\"><strong style=\"font-size: 16px; font-style: normal;\"><em style=\"font-size: 16px;\">Abilmente Roma <\/em><\/strong><\/a>26 febbraio &#8211; 1 marzo\u00a0<\/li><li><a href=\"https:\/\/www.abilmente.org\/it\/milano\"><strong style=\"font-size: 16px; font-style: normal;\"><em style=\"font-size: 16px;\">Abilmente Milano <\/em><\/strong><\/a>26-29 marzo\u00a0\u00a0<\/li><\/ul><p><img decoding=\"async\" class=\"size-medium wp-image-4333 aligncenter\" src=\"https:\/\/evibossanyi.com\/wp-content\/uploads\/2020\/03\/ABILMENTE_orizz-300x117.png\" alt=\"\" width=\"300\" height=\"117\" srcset=\"https:\/\/evibossanyi.com\/wp-content\/uploads\/2020\/03\/ABILMENTE_orizz-300x117.png 300w, https:\/\/evibossanyi.com\/wp-content\/uploads\/2020\/03\/ABILMENTE_orizz.png 555w\" sizes=\"(max-width: 300px) 100vw, 300px\" \/><\/p>\t\t\t\t\t\t\t\t<\/div>\n\t\t\t\t<\/div>\n\t\t\t\t<div class=\"elementor-element elementor-element-a767cc9 elementor-widget elementor-widget-heading\" data-id=\"a767cc9\" data-element_type=\"widget\" data-widget_type=\"heading.default\">\n\t\t\t\t<div class=\"elementor-widget-container\">\n\t\t\t\t\t<h2 class=\"elementor-heading-title elementor-size-default\">Corsi a cui potrai partecipare<\/h2>\t\t\t\t<\/div>\n\t\t\t\t<\/div>\n\t\t\t\t<div class=\"elementor-element elementor-element-2d746aa elementor-widget elementor-widget-text-editor\" data-id=\"2d746aa\" data-element_type=\"widget\" data-widget_type=\"text-editor.default\">\n\t\t\t\t<div class=\"elementor-widget-container\">\n\t\t\t\t\t\t\t\t\t<p>I corsi sono adatti sia agli adulti sia ai bambini da 8 anni in su, un\u2019opportunit\u00e0 perfetta per trascorrere del tempo creativo insieme imparando una tecnica che stimola la manualit\u00e0 e la fantasia.\u00a0<\/p><p>Da oggi tutti i corsi elencati sono disponibili anche in versione digitale. I video tutorial ti accompagneranno passo dopo passo nella realizzazione del progetto scelto. Li puoi consultare in qualsiasi momento e saranno sempre a tua disposizione nella tua area corsi personale.\u00a0<strong><a href=\"https:\/\/evibossanyi.com\/corsi\/\">Clicca qui<\/a><\/strong>\u00a0per visualizzare tutti i video tutorial e scegli il tuo progetto preferito!<\/p>\t\t\t\t\t\t\t\t<\/div>\n\t\t\t\t<\/div>\n\t\t\t\t<div class=\"elementor-element elementor-element-2bad05c elementor-widget elementor-widget-heading\" data-id=\"2bad05c\" data-element_type=\"widget\" data-widget_type=\"heading.default\">\n\t\t\t\t<div class=\"elementor-widget-container\">\n\t\t\t\t\t<h2 class=\"elementor-heading-title elementor-size-default\">Cuore in stile provenzale da appendere<\/h2>\t\t\t\t<\/div>\n\t\t\t\t<\/div>\n\t\t\t\t<div class=\"elementor-element elementor-element-87c4974 elementor-widget elementor-widget-image\" data-id=\"87c4974\" data-element_type=\"widget\" data-widget_type=\"image.default\">\n\t\t\t\t<div class=\"elementor-widget-container\">\n\t\t\t\t\t\t\t\t\t\t\t\t\t\t\t<img fetchpriority=\"high\" decoding=\"async\" width=\"1024\" height=\"1024\" src=\"https:\/\/evibossanyi.com\/wp-content\/uploads\/2026\/02\/cuore-provenzale-3-1024x1024.png\" class=\"attachment-large size-large wp-image-7818\" alt=\"\" srcset=\"https:\/\/evibossanyi.com\/wp-content\/uploads\/2026\/02\/cuore-provenzale-3-1024x1024.png 1024w, https:\/\/evibossanyi.com\/wp-content\/uploads\/2026\/02\/cuore-provenzale-3-300x300.png 300w, https:\/\/evibossanyi.com\/wp-content\/uploads\/2026\/02\/cuore-provenzale-3-150x150.png 150w, https:\/\/evibossanyi.com\/wp-content\/uploads\/2026\/02\/cuore-provenzale-3-768x768.png 768w, https:\/\/evibossanyi.com\/wp-content\/uploads\/2026\/02\/cuore-provenzale-3-600x600.png 600w, https:\/\/evibossanyi.com\/wp-content\/uploads\/2026\/02\/cuore-provenzale-3-100x100.png 100w, https:\/\/evibossanyi.com\/wp-content\/uploads\/2026\/02\/cuore-provenzale-3-50x50.png 50w, https:\/\/evibossanyi.com\/wp-content\/uploads\/2026\/02\/cuore-provenzale-3.png 1080w\" sizes=\"(max-width: 1024px) 100vw, 1024px\" \/>\t\t\t\t\t\t\t\t\t\t\t\t\t\t\t<\/div>\n\t\t\t\t<\/div>\n\t\t\t\t<div class=\"elementor-element elementor-element-37ccacc elementor-widget elementor-widget-text-editor\" data-id=\"37ccacc\" data-element_type=\"widget\" data-widget_type=\"text-editor.default\">\n\t\t\t\t<div class=\"elementor-widget-container\">\n\t\t\t\t\t\t\t\t\t<p>Lasciati conquistare dal fascino senza tempo del cuore intrecciato in stile provenzale, pensato per essere appeso e impreziosito da delicati fiori di lavanda e raffinati decori color verde. Questo cuore \u00e8 un dettaglio che trasforma ogni ingresso e ogni porta in uno spazio unico, accogliente e ricco di personalit\u00e0.<\/p><p>Perfetti da appendere sotto un portico o in un terrazzo coperto diffonde una nota di colore e calore in qualsiasi ambiente, regalando subito una sensazione di benvenuto. La combinazione della lavanda, simbolo di pace e tranquillit\u00e0, con il verde dei decori, che richiama la natura della Provenza, rende ogni pezzo speciale e inconfondibile.<\/p><p>Il corso, della durata di circa 1 ora e mezza, comprende tutti i materiali e non richiede competenze pregresse.<\/p><p>Il cuore provenzale misura 22 cm x 19 cm<\/p><p>Il costo del corso \u00e8 di \u20ac 30<\/p>\t\t\t\t\t\t\t\t<\/div>\n\t\t\t\t<\/div>\n\t\t\t\t<div class=\"elementor-element elementor-element-58a4265 elementor-widget elementor-widget-heading\" data-id=\"58a4265\" data-element_type=\"widget\" data-widget_type=\"heading.default\">\n\t\t\t\t<div class=\"elementor-widget-container\">\n\t\t\t\t\t<h2 class=\"elementor-heading-title elementor-size-default\">Gigetto lo gnometto<\/h2>\t\t\t\t<\/div>\n\t\t\t\t<\/div>\n\t\t\t\t<div class=\"elementor-element elementor-element-f75e152 elementor-widget elementor-widget-image\" data-id=\"f75e152\" data-element_type=\"widget\" data-widget_type=\"image.default\">\n\t\t\t\t<div class=\"elementor-widget-container\">\n\t\t\t\t\t\t\t\t\t\t\t\t\t\t\t<img decoding=\"async\" width=\"1024\" height=\"1024\" src=\"https:\/\/evibossanyi.com\/wp-content\/uploads\/2026\/02\/Gigetto-lo-gnometto-4-1024x1024.png\" class=\"attachment-large size-large wp-image-7820\" alt=\"\" srcset=\"https:\/\/evibossanyi.com\/wp-content\/uploads\/2026\/02\/Gigetto-lo-gnometto-4-1024x1024.png 1024w, https:\/\/evibossanyi.com\/wp-content\/uploads\/2026\/02\/Gigetto-lo-gnometto-4-300x300.png 300w, https:\/\/evibossanyi.com\/wp-content\/uploads\/2026\/02\/Gigetto-lo-gnometto-4-150x150.png 150w, https:\/\/evibossanyi.com\/wp-content\/uploads\/2026\/02\/Gigetto-lo-gnometto-4-768x768.png 768w, https:\/\/evibossanyi.com\/wp-content\/uploads\/2026\/02\/Gigetto-lo-gnometto-4-600x600.png 600w, https:\/\/evibossanyi.com\/wp-content\/uploads\/2026\/02\/Gigetto-lo-gnometto-4-100x100.png 100w, https:\/\/evibossanyi.com\/wp-content\/uploads\/2026\/02\/Gigetto-lo-gnometto-4-50x50.png 50w, https:\/\/evibossanyi.com\/wp-content\/uploads\/2026\/02\/Gigetto-lo-gnometto-4.png 1080w\" sizes=\"(max-width: 1024px) 100vw, 1024px\" \/>\t\t\t\t\t\t\t\t\t\t\t\t\t\t\t<\/div>\n\t\t\t\t<\/div>\n\t\t\t\t\t<\/div>\n\t\t<\/div>\n\t\t\t\t\t<\/div>\n\t\t<\/section>\n\t\t\t\t<section class=\"elementor-section elementor-top-section elementor-element elementor-element-14d223f elementor-section-boxed elementor-section-height-default elementor-section-height-default\" data-id=\"14d223f\" data-element_type=\"section\" data-settings=\"{&quot;jet_parallax_layout_list&quot;:[]}\">\n\t\t\t\t\t\t<div class=\"elementor-container elementor-column-gap-default\">\n\t\t\t\t\t<div class=\"elementor-column elementor-col-100 elementor-top-column elementor-element elementor-element-eb11e39\" data-id=\"eb11e39\" data-element_type=\"column\">\n\t\t\t<div class=\"elementor-widget-wrap elementor-element-populated\">\n\t\t\t\t\t\t<div class=\"elementor-element elementor-element-0eac44c elementor-widget elementor-widget-text-editor\" data-id=\"0eac44c\" data-element_type=\"widget\" data-widget_type=\"text-editor.default\">\n\t\t\t\t<div class=\"elementor-widget-container\">\n\t\t\t\t\t\t\t\t\t<p>Gigetto lo gnometto \u00e8 un personaggio allegro e pieno di energia positiva. Con il suo cappello colorato a punta e la barba folta porta un sorriso a chiunque lo guardi. Non \u00e8 solo una decorazione, \u00e8 un vero e proprio amico che ti accompagna durante la giornata, pronto a rendere ogni momento speciale con il suo spirito giocoso.<\/p><p>La versatilit\u00e0 di Gigetto lo rende perfetto per qualsiasi ambiente. Puoi tenerlo sulla scrivania, dove ti far\u00e0 compagnia mentre studi o lavori, aiutandoti a mantenere la concentrazione e la serenit\u00e0. Posizionalo anche su un mobile all\u2019ingresso, sulla libreria tra i tuoi volumi preferiti, oppure in camera da letto, dove veglier\u00e0 sui tuoi sogni. Gigetto racchiude lo spirito delle fiabe e porta un pizzico di magia nella vita di tutti i giorni.<\/p><p>Il corso, della durata di circa 1 ora e mezza, comprende tutti i materiali e non richiede competenze pregresse.<\/p><p>Gigetto \u00e8 alto 29 cm<\/p><p>Il costo del corso \u00e8 di \u20ac 30<\/p>\t\t\t\t\t\t\t\t<\/div>\n\t\t\t\t<\/div>\n\t\t\t\t<div class=\"elementor-element elementor-element-f5ecd42 elementor-widget elementor-widget-heading\" data-id=\"f5ecd42\" data-element_type=\"widget\" data-widget_type=\"heading.default\">\n\t\t\t\t<div class=\"elementor-widget-container\">\n\t\t\t\t\t<h2 class=\"elementor-heading-title elementor-size-default\">Ghirlanda primaverile<\/h2>\t\t\t\t<\/div>\n\t\t\t\t<\/div>\n\t\t\t\t<div class=\"elementor-element elementor-element-83e53e8 elementor-widget elementor-widget-image\" data-id=\"83e53e8\" data-element_type=\"widget\" data-widget_type=\"image.default\">\n\t\t\t\t<div class=\"elementor-widget-container\">\n\t\t\t\t\t\t\t\t\t\t\t\t\t\t\t<img loading=\"lazy\" decoding=\"async\" width=\"1024\" height=\"1024\" src=\"https:\/\/evibossanyi.com\/wp-content\/uploads\/2026\/02\/ghirlanda-primaverile-1024x1024.png\" class=\"attachment-large size-large wp-image-7822\" alt=\"\" srcset=\"https:\/\/evibossanyi.com\/wp-content\/uploads\/2026\/02\/ghirlanda-primaverile-1024x1024.png 1024w, https:\/\/evibossanyi.com\/wp-content\/uploads\/2026\/02\/ghirlanda-primaverile-300x300.png 300w, https:\/\/evibossanyi.com\/wp-content\/uploads\/2026\/02\/ghirlanda-primaverile-150x150.png 150w, https:\/\/evibossanyi.com\/wp-content\/uploads\/2026\/02\/ghirlanda-primaverile-768x768.png 768w, https:\/\/evibossanyi.com\/wp-content\/uploads\/2026\/02\/ghirlanda-primaverile-600x600.png 600w, https:\/\/evibossanyi.com\/wp-content\/uploads\/2026\/02\/ghirlanda-primaverile-100x100.png 100w, https:\/\/evibossanyi.com\/wp-content\/uploads\/2026\/02\/ghirlanda-primaverile-50x50.png 50w, https:\/\/evibossanyi.com\/wp-content\/uploads\/2026\/02\/ghirlanda-primaverile.png 1080w\" sizes=\"(max-width: 1024px) 100vw, 1024px\" \/>\t\t\t\t\t\t\t\t\t\t\t\t\t\t\t<\/div>\n\t\t\t\t<\/div>\n\t\t\t\t<div class=\"elementor-element elementor-element-3b9b84e elementor-widget elementor-widget-text-editor\" data-id=\"3b9b84e\" data-element_type=\"widget\" data-widget_type=\"text-editor.default\">\n\t\t\t\t<div class=\"elementor-widget-container\">\n\t\t\t\t\t\t\t\t\t<p>La ghirlanda primaverile intrecciata a spirale \u00e8 un elegante elemento decorativo e simboleggia la rinascita e la vitalit\u00e0 della natura, portando energia positiva e colore tra le mura domestiche.<\/p><p>Puoi appenderla alla porta d\u2019ingresso per accogliere amici e familiari con un messaggio di benvenuto fresco e colorato, all\u2019interno della tua casa oppure sotto ad un portico o in un terrazzo coperto.<\/p><p>Il corso, della durata di circa 1 ora e mezza, comprende tutti i materiali e non richiede competenze pregresse.<\/p><p>Misura 22 cm di diametro.<\/p><p>Il costo del corso \u00e8 di \u20ac 30<\/p>\t\t\t\t\t\t\t\t<\/div>\n\t\t\t\t<\/div>\n\t\t\t\t<div class=\"elementor-element elementor-element-af79562 elementor-widget elementor-widget-heading\" data-id=\"af79562\" data-element_type=\"widget\" data-widget_type=\"heading.default\">\n\t\t\t\t<div class=\"elementor-widget-container\">\n\t\t\t\t\t<h2 class=\"elementor-heading-title elementor-size-default\">Farfalla coloratissima<\/h2>\t\t\t\t<\/div>\n\t\t\t\t<\/div>\n\t\t\t\t<div class=\"elementor-element elementor-element-c66e67d elementor-widget elementor-widget-image\" data-id=\"c66e67d\" data-element_type=\"widget\" data-widget_type=\"image.default\">\n\t\t\t\t<div class=\"elementor-widget-container\">\n\t\t\t\t\t\t\t\t\t\t\t\t\t\t\t<img loading=\"lazy\" decoding=\"async\" width=\"1024\" height=\"1024\" src=\"https:\/\/evibossanyi.com\/wp-content\/uploads\/2026\/02\/farfalla-colorata-1-1024x1024.png\" class=\"attachment-large size-large wp-image-7830\" alt=\"\" srcset=\"https:\/\/evibossanyi.com\/wp-content\/uploads\/2026\/02\/farfalla-colorata-1-1024x1024.png 1024w, https:\/\/evibossanyi.com\/wp-content\/uploads\/2026\/02\/farfalla-colorata-1-300x300.png 300w, https:\/\/evibossanyi.com\/wp-content\/uploads\/2026\/02\/farfalla-colorata-1-150x150.png 150w, https:\/\/evibossanyi.com\/wp-content\/uploads\/2026\/02\/farfalla-colorata-1-768x768.png 768w, https:\/\/evibossanyi.com\/wp-content\/uploads\/2026\/02\/farfalla-colorata-1-600x600.png 600w, https:\/\/evibossanyi.com\/wp-content\/uploads\/2026\/02\/farfalla-colorata-1-100x100.png 100w, https:\/\/evibossanyi.com\/wp-content\/uploads\/2026\/02\/farfalla-colorata-1-50x50.png 50w, https:\/\/evibossanyi.com\/wp-content\/uploads\/2026\/02\/farfalla-colorata-1.png 1080w\" sizes=\"(max-width: 1024px) 100vw, 1024px\" \/>\t\t\t\t\t\t\t\t\t\t\t\t\t\t\t<\/div>\n\t\t\t\t<\/div>\n\t\t\t\t<div class=\"elementor-element elementor-element-c063780 elementor-widget elementor-widget-text-editor\" data-id=\"c063780\" data-element_type=\"widget\" data-widget_type=\"text-editor.default\">\n\t\t\t\t<div class=\"elementor-widget-container\">\n\t\t\t\t\t\t\t\t\t<p>La farfalla coloratissima non \u00e8 soltanto un semplice oggetto decorativo: con le sue ali vivaci e dai colori brillanti, porta allegria e freschezza in ogni ambiente domestico. Puoi utilizzarla come soprammobile, posizionandola su una mensola o una libreria: sar\u00e0 sempre pronta a catturare lo sguardo e regalare un sorriso agli ospiti. In alternativa pu\u00f2 essere facilmente appesa a una parete, a una porta o persino alla finestra per creare un punto di colore e originalit\u00e0.<\/p><p><span style=\"font-size: 16px; font-style: normal; font-weight: 400;\">Il corso, della durata di circa 1 ora e mezza, comprende tutti i materiali e non richiede competenze pregresse.<\/span><\/p><p>La farfalla misura 22 cm x 22 cm.<\/p><p>Il costo del corso \u00e8 di \u20ac 30<\/p>\t\t\t\t\t\t\t\t<\/div>\n\t\t\t\t<\/div>\n\t\t\t\t<div class=\"elementor-element elementor-element-aa52879 elementor-widget elementor-widget-heading\" data-id=\"aa52879\" data-element_type=\"widget\" data-widget_type=\"heading.default\">\n\t\t\t\t<div class=\"elementor-widget-container\">\n\t\t\t\t\t<h2 class=\"elementor-heading-title elementor-size-default\">Felix, Romeo e Cloe: tre simpatici gattini<\/h2>\t\t\t\t<\/div>\n\t\t\t\t<\/div>\n\t\t\t\t<div class=\"elementor-element elementor-element-0d51edd elementor-widget elementor-widget-image\" data-id=\"0d51edd\" data-element_type=\"widget\" data-widget_type=\"image.default\">\n\t\t\t\t<div class=\"elementor-widget-container\">\n\t\t\t\t\t\t\t\t\t\t\t\t\t\t\t<img loading=\"lazy\" decoding=\"async\" width=\"1024\" height=\"1024\" src=\"https:\/\/evibossanyi.com\/wp-content\/uploads\/2026\/02\/Gattini-1024x1024.png\" class=\"attachment-large size-large wp-image-7828\" alt=\"\" srcset=\"https:\/\/evibossanyi.com\/wp-content\/uploads\/2026\/02\/Gattini-1024x1024.png 1024w, https:\/\/evibossanyi.com\/wp-content\/uploads\/2026\/02\/Gattini-300x300.png 300w, https:\/\/evibossanyi.com\/wp-content\/uploads\/2026\/02\/Gattini-150x150.png 150w, https:\/\/evibossanyi.com\/wp-content\/uploads\/2026\/02\/Gattini-768x768.png 768w, https:\/\/evibossanyi.com\/wp-content\/uploads\/2026\/02\/Gattini-600x600.png 600w, https:\/\/evibossanyi.com\/wp-content\/uploads\/2026\/02\/Gattini-100x100.png 100w, https:\/\/evibossanyi.com\/wp-content\/uploads\/2026\/02\/Gattini-50x50.png 50w, https:\/\/evibossanyi.com\/wp-content\/uploads\/2026\/02\/Gattini.png 1080w\" sizes=\"(max-width: 1024px) 100vw, 1024px\" \/>\t\t\t\t\t\t\t\t\t\t\t\t\t\t\t<\/div>\n\t\t\t\t<\/div>\n\t\t\t\t<div class=\"elementor-element elementor-element-098ea84 elementor-widget elementor-widget-text-editor\" data-id=\"098ea84\" data-element_type=\"widget\" data-widget_type=\"text-editor.default\">\n\t\t\t\t<div class=\"elementor-widget-container\">\n\t\t\t\t\t\t\t\t\t<p>Felix l\u2019esploratore, Romeo il coccolone e Cloe la principessa: tre simpatici gattini che porteranno gioia nella tua casa. Da tenere sopra ad un mobile in soggiorno oppure sul comodino per un buongiorno micioso.<\/p><p>Potrai realizzare un simpatico gattino scegliendo fra tre colori diversi.<\/p><p>La durata del corso \u00e8 di due ore e mezzo circa, tutti i materiali necessari saranno forniti, \u00e8 richiesto avere una buona manualit\u00e0 di base per potersi dedicare con sicurezza agli intrecci e alle finiture pi\u00f9 delicate.<\/p><p>Misure: altezza 20 cm e base 9 cm<\/p><p>Il costo del corso del corso \u00e8 di \u20ac 35<\/p>\t\t\t\t\t\t\t\t<\/div>\n\t\t\t\t<\/div>\n\t\t\t\t<div class=\"elementor-element elementor-element-a75821b elementor-widget elementor-widget-heading\" data-id=\"a75821b\" data-element_type=\"widget\" data-widget_type=\"heading.default\">\n\t\t\t\t<div class=\"elementor-widget-container\">\n\t\t\t\t\t<h2 class=\"elementor-heading-title elementor-size-default\">Cuore a tasca da appendere<\/h2>\t\t\t\t<\/div>\n\t\t\t\t<\/div>\n\t\t\t\t<div class=\"elementor-element elementor-element-50a71b1 elementor-widget elementor-widget-image\" data-id=\"50a71b1\" data-element_type=\"widget\" data-widget_type=\"image.default\">\n\t\t\t\t<div class=\"elementor-widget-container\">\n\t\t\t\t\t\t\t\t\t\t\t\t\t\t\t<img loading=\"lazy\" decoding=\"async\" width=\"1024\" height=\"1024\" src=\"https:\/\/evibossanyi.com\/wp-content\/uploads\/2026\/02\/Cuore-a-tasca-1024x1024.png\" class=\"attachment-large size-large wp-image-7826\" alt=\"\" srcset=\"https:\/\/evibossanyi.com\/wp-content\/uploads\/2026\/02\/Cuore-a-tasca-1024x1024.png 1024w, https:\/\/evibossanyi.com\/wp-content\/uploads\/2026\/02\/Cuore-a-tasca-300x300.png 300w, https:\/\/evibossanyi.com\/wp-content\/uploads\/2026\/02\/Cuore-a-tasca-150x150.png 150w, https:\/\/evibossanyi.com\/wp-content\/uploads\/2026\/02\/Cuore-a-tasca-768x768.png 768w, https:\/\/evibossanyi.com\/wp-content\/uploads\/2026\/02\/Cuore-a-tasca-600x600.png 600w, https:\/\/evibossanyi.com\/wp-content\/uploads\/2026\/02\/Cuore-a-tasca-100x100.png 100w, https:\/\/evibossanyi.com\/wp-content\/uploads\/2026\/02\/Cuore-a-tasca-50x50.png 50w, https:\/\/evibossanyi.com\/wp-content\/uploads\/2026\/02\/Cuore-a-tasca.png 1080w\" sizes=\"(max-width: 1024px) 100vw, 1024px\" \/>\t\t\t\t\t\t\t\t\t\t\t\t\t\t\t<\/div>\n\t\t\t\t<\/div>\n\t\t\t\t<div class=\"elementor-element elementor-element-f458731 elementor-widget elementor-widget-text-editor\" data-id=\"f458731\" data-element_type=\"widget\" data-widget_type=\"text-editor.default\">\n\t\t\t\t<div class=\"elementor-widget-container\">\n\t\t\t\t\t\t\t\t\t<p>Il cuore a tasca intrecciato da appendere \u00e8 un oggetto dal fascino unico, capace di unire estetica e funzionalit\u00e0 in una sola creazione. Grazie alle sue linee e alla forma elegante, questo accessorio si presta a molteplici usi e si adatta perfettamente a diversi ambienti della casa e non solo.<\/p><p>Riempilo di fiori finti dai colori vivaci per ravvivare ogni ambiente della tua casa, appeso vicino alla porta di casa pu\u00f2 diventare un pratico raccoglitore per la corrispondenza. In cucina, si trasforma in un originale porta mestoli, in bagno per riporvi le spazzole e i pettini che usi pi\u00f9 spesso. Puoi appenderlo in un portico o in un terrazzo per riporvi i piccoli attrezzi da giardinaggio. Anche vuoto, il cuore intrecciato \u00e8 un elemento ornamentale che impreziosisce la parete con la sua forma romantica e il suo design raffinato.<\/p><p>La durata del corso \u00e8 di tre ore circa, tutti i materiali necessari saranno forniti, \u00e8 richiesto avere una buona manualit\u00e0 di base per potersi dedicare con sicurezza agli intrecci e alle finiture pi\u00f9 delicate.<\/p><p>Il cuore a tasca misura 25 cm x 21 cm<\/p><p>Il costo del corso \u00e8 di \u20ac 45<\/p>\t\t\t\t\t\t\t\t<\/div>\n\t\t\t\t<\/div>\n\t\t\t\t<div class=\"elementor-element elementor-element-daa85d8 elementor-widget elementor-widget-heading\" data-id=\"daa85d8\" data-element_type=\"widget\" data-widget_type=\"heading.default\">\n\t\t\t\t<div class=\"elementor-widget-container\">\n\t\t\t\t\t<h2 class=\"elementor-heading-title elementor-size-default\">Corso di cesteria<\/h2>\t\t\t\t<\/div>\n\t\t\t\t<\/div>\n\t\t\t\t<div class=\"elementor-element elementor-element-854a2a1 elementor-widget elementor-widget-image\" data-id=\"854a2a1\" data-element_type=\"widget\" data-widget_type=\"image.default\">\n\t\t\t\t<div class=\"elementor-widget-container\">\n\t\t\t\t\t\t\t\t\t\t\t\t\t\t\t<img loading=\"lazy\" decoding=\"async\" width=\"1024\" height=\"1024\" src=\"https:\/\/evibossanyi.com\/wp-content\/uploads\/2025\/09\/Corso-di-cesteria-3-2-1024x1024.png\" class=\"attachment-large size-large wp-image-7595\" alt=\"\" srcset=\"https:\/\/evibossanyi.com\/wp-content\/uploads\/2025\/09\/Corso-di-cesteria-3-2-1024x1024.png 1024w, https:\/\/evibossanyi.com\/wp-content\/uploads\/2025\/09\/Corso-di-cesteria-3-2-300x300.png 300w, https:\/\/evibossanyi.com\/wp-content\/uploads\/2025\/09\/Corso-di-cesteria-3-2-150x150.png 150w, https:\/\/evibossanyi.com\/wp-content\/uploads\/2025\/09\/Corso-di-cesteria-3-2-768x768.png 768w, https:\/\/evibossanyi.com\/wp-content\/uploads\/2025\/09\/Corso-di-cesteria-3-2-600x600.png 600w, https:\/\/evibossanyi.com\/wp-content\/uploads\/2025\/09\/Corso-di-cesteria-3-2-100x100.png 100w, https:\/\/evibossanyi.com\/wp-content\/uploads\/2025\/09\/Corso-di-cesteria-3-2-50x50.png 50w, https:\/\/evibossanyi.com\/wp-content\/uploads\/2025\/09\/Corso-di-cesteria-3-2.png 1080w\" sizes=\"(max-width: 1024px) 100vw, 1024px\" \/>\t\t\t\t\t\t\t\t\t\t\t\t\t\t\t<\/div>\n\t\t\t\t<\/div>\n\t\t\t\t<div class=\"elementor-element elementor-element-f93409c elementor-widget elementor-widget-text-editor\" data-id=\"f93409c\" data-element_type=\"widget\" data-widget_type=\"text-editor.default\">\n\t\t\t\t<div class=\"elementor-widget-container\">\n\t\t\t\t\t\t\t\t\t<p>Realizzare un cestino intrecciato utilizzando le cannucce di carta di giornale \u00e8 un\u2019esperienza manuale e creativa che unisce il fascino dell\u2019artigianato alla sostenibilit\u00e0 ambientale. Questo corso si rivolge a chi possiede gi\u00e0 una certa scioltezza manuale e ha una minima familiarit\u00e0 con le tecniche base dell\u2019intreccio cos\u00ec da potersi cimentare senza timori in lavorazioni pi\u00f9 complesse. Durante questo laboratorio sei proprio tu a scegliere cosa realizzare tra\u00a0<strong><em>tre diverse proposte<\/em><\/strong>:<\/p><ol><li><strong>Cestino rotondo con manici decorativi<\/strong>\u00a0che ha una base di 15 cm e un\u2019altezza di circa 13 cm<\/li><li><strong>Cestino rettangolare<\/strong>\u00a0che misura 19 x 10 cm alla base ed \u00e8 alto 8 cm<\/li><li><strong>Cestino ovale<\/strong>\u00a0con una base di 20\u00d712 cm e con un\u2019altezza di 9 cm.<\/li><\/ol><p>Imparando questa tecnica di intreccio puoi, in futuro, applicarla a qualsiasi misura che vuoi e fare cesti anche molto pi\u00f9 grandi. Il corso ha una durata di circa 3 ore durante il quale imparerai i metodi base della cesteria, la realizzazione di una chiusura decorativa e tanti altri segreti del mestiere. Tutto il materiale necessario sar\u00e0 messo a tua disposizione, e ovviamente, l\u2019oggetto creato sar\u00e0 tuo per sempre.<\/p><p>Il costo del corso \u00e8 di \u20ac 45<\/p>\t\t\t\t\t\t\t\t<\/div>\n\t\t\t\t<\/div>\n\t\t\t\t\t<\/div>\n\t\t<\/div>\n\t\t\t\t\t<\/div>\n\t\t<\/section>\n\t\t\t\t<\/div>\n\t\t","protected":false},"excerpt":{"rendered":"<p>Nei prossimi mesi sar\u00f2 presente nelle principali fiere del settore e ti aspetto con tanti corsi e novit\u00e0 presso il mio stand personale. Tutti i corsi che propongo in fiera hanno vari livelli di difficolt\u00e0 e una durata che varia da 1 a 3 ore. Avrai a tua disposizione tutto il materiale necessario per realizzare [&hellip;]<\/p>\n","protected":false},"author":6,"featured_media":7816,"comment_status":"closed","ping_status":"closed","sticky":false,"template":"","format":"standard","meta":{"site-sidebar-layout":"default","site-content-layout":"","ast-site-content-layout":"default","site-content-style":"default","site-sidebar-style":"default","ast-global-header-display":"","ast-banner-title-visibility":"","ast-main-header-display":"","ast-hfb-above-header-display":"","ast-hfb-below-header-display":"","ast-hfb-mobile-header-display":"","site-post-title":"","ast-breadcrumbs-content":"","ast-featured-img":"","footer-sml-layout":"","theme-transparent-header-meta":"default","adv-header-id-meta":"","stick-header-meta":"default","header-above-stick-meta":"","header-main-stick-meta":"","header-below-stick-meta":"","astra-migrate-meta-layouts":"set","ast-page-background-enabled":"default","ast-page-background-meta":{"desktop":{"background-color":"","background-image":"","background-repeat":"repeat","background-position":"center center","background-size":"auto","background-attachment":"scroll","background-type":"","background-media":"","overlay-type":"","overlay-color":"","overlay-opacity":"","overlay-gradient":""},"tablet":{"background-color":"","background-image":"","background-repeat":"repeat","background-position":"center center","background-size":"auto","background-attachment":"scroll","background-type":"","background-media":"","overlay-type":"","overlay-color":"","overlay-opacity":"","overlay-gradient":""},"mobile":{"background-color":"","background-image":"","background-repeat":"repeat","background-position":"center center","background-size":"auto","background-attachment":"scroll","background-type":"","background-media":"","overlay-type":"","overlay-color":"","overlay-opacity":"","overlay-gradient":""}},"ast-content-background-meta":{"desktop":{"background-color":"var(--ast-global-color-5)","background-image":"","background-repeat":"repeat","background-position":"center center","background-size":"auto","background-attachment":"scroll","background-type":"","background-media":"","overlay-type":"","overlay-color":"","overlay-opacity":"","overlay-gradient":""},"tablet":{"background-color":"var(--ast-global-color-5)","background-image":"","background-repeat":"repeat","background-position":"center center","background-size":"auto","background-attachment":"scroll","background-type":"","background-media":"","overlay-type":"","overlay-color":"","overlay-opacity":"","overlay-gradient":""},"mobile":{"background-color":"var(--ast-global-color-5)","background-image":"","background-repeat":"repeat","background-position":"center center","background-size":"auto","background-attachment":"scroll","background-type":"","background-media":"","overlay-type":"","overlay-color":"","overlay-opacity":"","overlay-gradient":""}},"footnotes":""},"categories":[16,10],"tags":[121,132,124,125],"class_list":["post-7815","post","type-post","status-publish","format-standard","has-post-thumbnail","hentry","category-corsi-in-fiera","category-intreccio-quotidiano","tag-cannucce-di-carta-di-giornale","tag-corsi-di-intreccio","tag-riciclo-creativo","tag-upcycling"],"_links":{"self":[{"href":"https:\/\/evibossanyi.com\/hu\/wp-json\/wp\/v2\/posts\/7815","targetHints":{"allow":["GET"]}}],"collection":[{"href":"https:\/\/evibossanyi.com\/hu\/wp-json\/wp\/v2\/posts"}],"about":[{"href":"https:\/\/evibossanyi.com\/hu\/wp-json\/wp\/v2\/types\/post"}],"author":[{"embeddable":true,"href":"https:\/\/evibossanyi.com\/hu\/wp-json\/wp\/v2\/users\/6"}],"replies":[{"embeddable":true,"href":"https:\/\/evibossanyi.com\/hu\/wp-json\/wp\/v2\/comments?post=7815"}],"version-history":[{"count":0,"href":"https:\/\/evibossanyi.com\/hu\/wp-json\/wp\/v2\/posts\/7815\/revisions"}],"wp:featuredmedia":[{"embeddable":true,"href":"https:\/\/evibossanyi.com\/hu\/wp-json\/wp\/v2\/media\/7816"}],"wp:attachment":[{"href":"https:\/\/evibossanyi.com\/hu\/wp-json\/wp\/v2\/media?parent=7815"}],"wp:term":[{"taxonomy":"category","embeddable":true,"href":"https:\/\/evibossanyi.com\/hu\/wp-json\/wp\/v2\/categories?post=7815"},{"taxonomy":"post_tag","embeddable":true,"href":"https:\/\/evibossanyi.com\/hu\/wp-json\/wp\/v2\/tags?post=7815"}],"curies":[{"name":"wp","href":"https:\/\/api.w.org\/{rel}","templated":true}]}}