{"id":7797,"date":"2026-01-05T17:48:11","date_gmt":"2026-01-05T16:48:11","guid":{"rendered":"https:\/\/evibossanyi.com\/?p=7797"},"modified":"2026-01-05T17:54:26","modified_gmt":"2026-01-05T16:54:26","slug":"la-befana-origini-leggende-e-tradizioni-di-una-figura-tutta-italiana","status":"publish","type":"post","link":"https:\/\/evibossanyi.com\/hu\/natale\/la-befana-origini-leggende-e-tradizioni-di-una-figura-tutta-italiana\/","title":{"rendered":"La Befana: origini, leggende e tradizioni di una figura tutta italiana"},"content":{"rendered":"\t\t<div data-elementor-type=\"wp-post\" data-elementor-id=\"7797\" class=\"elementor elementor-7797\" data-elementor-post-type=\"post\">\n\t\t\t\t\t\t<section class=\"elementor-section elementor-top-section elementor-element elementor-element-6873a47 elementor-section-boxed elementor-section-height-default elementor-section-height-default\" data-id=\"6873a47\" data-element_type=\"section\" data-settings=\"{&quot;jet_parallax_layout_list&quot;:[]}\">\n\t\t\t\t\t\t<div class=\"elementor-container elementor-column-gap-default\">\n\t\t\t\t\t<div class=\"elementor-column elementor-col-100 elementor-top-column elementor-element elementor-element-c8d1091\" data-id=\"c8d1091\" data-element_type=\"column\">\n\t\t\t<div class=\"elementor-widget-wrap elementor-element-populated\">\n\t\t\t\t\t\t<div class=\"elementor-element elementor-element-0f507ad elementor-widget elementor-widget-text-editor\" data-id=\"0f507ad\" data-element_type=\"widget\" data-widget_type=\"text-editor.default\">\n\t\t\t\t<div class=\"elementor-widget-container\">\n\t\t\t\t\t\t\t\t\t<p>La Befana \u00e8 una delle figure pi\u00f9 amate del folklore italiano, protagonista indiscussa dell\u2019<em><strong>Epifania<\/strong><\/em>, che si celebra il 6 gennaio. Secondo la tradizione, la Befana \u00e8 una vecchietta che vola a cavallo di una scopa nella notte tra il 5 e il 6 gennaio, portando doni ai bambini buoni (caramelle, dolciumi, piccoli regali) e carbone a quelli che si sono comportati male. Da qui l\u2019usanza di appendere al caminetto le calze dove la Befana metter\u00e0 carbone o dolci.<\/p>\t\t\t\t\t\t\t\t<\/div>\n\t\t\t\t<\/div>\n\t\t\t\t<div class=\"elementor-element elementor-element-62bec57 elementor-widget elementor-widget-heading\" data-id=\"62bec57\" data-element_type=\"widget\" data-widget_type=\"heading.default\">\n\t\t\t\t<div class=\"elementor-widget-container\">\n\t\t\t\t\t<h2 class=\"elementor-heading-title elementor-size-default\">Origini e significato del nome<\/h2>\t\t\t\t<\/div>\n\t\t\t\t<\/div>\n\t\t\t\t<div class=\"elementor-element elementor-element-1d3e4c1 elementor-widget elementor-widget-text-editor\" data-id=\"1d3e4c1\" data-element_type=\"widget\" data-widget_type=\"text-editor.default\">\n\t\t\t\t<div class=\"elementor-widget-container\">\n\t\t\t\t\t\t\t\t\t<p>Il termine &#8222;Befana&#8221; deriva probabilmente da una corruzione lessicale della parola &#8222;Epifania&#8221;, che significa \u201c<strong><em>manifestazione<\/em><\/strong>\u201d, facendo riferimento alla manifestazione di Ges\u00f9 ai Re Magi. Questa festa segna la fine del periodo natalizio e ha profonde radici anche in antichi riti pagani legati al rinnovamento delle stagioni e alla fertilit\u00e0 dei campi.<\/p>\t\t\t\t\t\t\t\t<\/div>\n\t\t\t\t<\/div>\n\t\t\t\t<div class=\"elementor-element elementor-element-a5a8deb elementor-widget elementor-widget-heading\" data-id=\"a5a8deb\" data-element_type=\"widget\" data-widget_type=\"heading.default\">\n\t\t\t\t<div class=\"elementor-widget-container\">\n\t\t\t\t\t<h2 class=\"elementor-heading-title elementor-size-default\">Le Leggende della Befana<\/h2>\t\t\t\t<\/div>\n\t\t\t\t<\/div>\n\t\t\t\t<div class=\"elementor-element elementor-element-fc3ef95 elementor-widget elementor-widget-text-editor\" data-id=\"fc3ef95\" data-element_type=\"widget\" data-widget_type=\"text-editor.default\">\n\t\t\t\t<div class=\"elementor-widget-container\">\n\t\t\t\t\t\t\t\t\t<p>Molte leggende ruotano attorno alla figura della Befana. Una delle pi\u00f9 celebri narra che i Re Magi, nel loro viaggio verso Betlemme, si fermarono a chiedere indicazioni proprio a una vecchietta. Invitarono la donna ad accompagnarli per portare doni al Bambino Ges\u00f9, ma lei rifiut\u00f2. Pentitasi, la Befana prepar\u00f2 un cesto di doni e si mise a cercare i Magi, senza per\u00f2 riuscire a trovarli. Da allora, la notte dell\u2019Epifania, la Befana vola di casa in casa nella speranza di trovare Ges\u00f9, lasciando un dono a ogni bambino, come se in ognuno potesse trovare il Bambino che aveva mancato di incontrare.<\/p>\t\t\t\t\t\t\t\t<\/div>\n\t\t\t\t<\/div>\n\t\t\t\t<div class=\"elementor-element elementor-element-0fed479 elementor-widget elementor-widget-image\" data-id=\"0fed479\" data-element_type=\"widget\" data-widget_type=\"image.default\">\n\t\t\t\t<div class=\"elementor-widget-container\">\n\t\t\t\t\t\t\t\t\t\t\t\t\t\t\t<img fetchpriority=\"high\" decoding=\"async\" width=\"500\" height=\"500\" src=\"https:\/\/evibossanyi.com\/wp-content\/uploads\/2026\/01\/Foto-articolo-befana-2026-1.png\" class=\"attachment-large size-large wp-image-7798\" alt=\"\" srcset=\"https:\/\/evibossanyi.com\/wp-content\/uploads\/2026\/01\/Foto-articolo-befana-2026-1.png 500w, https:\/\/evibossanyi.com\/wp-content\/uploads\/2026\/01\/Foto-articolo-befana-2026-1-300x300.png 300w, https:\/\/evibossanyi.com\/wp-content\/uploads\/2026\/01\/Foto-articolo-befana-2026-1-150x150.png 150w, https:\/\/evibossanyi.com\/wp-content\/uploads\/2026\/01\/Foto-articolo-befana-2026-1-100x100.png 100w, https:\/\/evibossanyi.com\/wp-content\/uploads\/2026\/01\/Foto-articolo-befana-2026-1-50x50.png 50w\" sizes=\"(max-width: 500px) 100vw, 500px\" \/>\t\t\t\t\t\t\t\t\t\t\t\t\t\t\t<\/div>\n\t\t\t\t<\/div>\n\t\t\t\t<div class=\"elementor-element elementor-element-526261c elementor-widget elementor-widget-heading\" data-id=\"526261c\" data-element_type=\"widget\" data-widget_type=\"heading.default\">\n\t\t\t\t<div class=\"elementor-widget-container\">\n\t\t\t\t\t<h2 class=\"elementor-heading-title elementor-size-default\">La calza appesa <\/h2>\t\t\t\t<\/div>\n\t\t\t\t<\/div>\n\t\t\t\t<div class=\"elementor-element elementor-element-d1dcbb9 elementor-widget elementor-widget-text-editor\" data-id=\"d1dcbb9\" data-element_type=\"widget\" data-widget_type=\"text-editor.default\">\n\t\t\t\t<div class=\"elementor-widget-container\">\n\t\t\t\t\t\t\t\t\t<p>La calza della Befana rappresenta una delle tradizioni pi\u00f9 amate e sentite della cultura italiana, specialmente tra i bambini. Ma da dove nasce questa usanza? E cosa simboleggia?<\/p><p>L\u2019 usanza della calza della Befana affonda le sue radici in antichi riti pagani legati alla fine dell\u2019anno e all\u2019arrivo della stagione invernale. Con il passare dei secoli, la Chiesa Cattolica ha associato la figura della Befana all\u2019Epifania, la festa che celebra la visita dei Re Magi a Ges\u00f9 Bambino. Secondo una leggenda popolare, la Befana fu invitata dai Magi a unirsi a loro, ma rifiut\u00f2. Pentita, inizi\u00f2 a portare doni a tutti i bambini nella speranza di trovare Ges\u00f9.<\/p><p>Il significato simbolico della calza rappresenta il passaggio, la chiusura delle festivit\u00e0 natalizie e l\u2019apertura a un nuovo anno. La Befana, con il suo aspetto antico e bonario, simboleggia la saggezza del tempo che passa e la generosit\u00e0. Il carbone, invece, non \u00e8 una vera punizione, ma un modo scherzoso per ricordare che tutti abbiamo qualche marachella da farci perdonare.<\/p>\t\t\t\t\t\t\t\t<\/div>\n\t\t\t\t<\/div>\n\t\t\t\t<div class=\"elementor-element elementor-element-2144df9 elementor-widget elementor-widget-heading\" data-id=\"2144df9\" data-element_type=\"widget\" data-widget_type=\"heading.default\">\n\t\t\t\t<div class=\"elementor-widget-container\">\n\t\t\t\t\t<h2 class=\"elementor-heading-title elementor-size-default\">Cosa si mette nella calza?<\/h2>\t\t\t\t<\/div>\n\t\t\t\t<\/div>\n\t\t\t\t<div class=\"elementor-element elementor-element-0471223 elementor-widget elementor-widget-text-editor\" data-id=\"0471223\" data-element_type=\"widget\" data-widget_type=\"text-editor.default\">\n\t\t\t\t<div class=\"elementor-widget-container\">\n\t\t\t\t\t\t\t\t\t<p>La calza della Befana \u00e8 un vero e proprio simbolo di dolcezza e sorpresa. Tradizionalmente, la Befana riempie la calza con caramelle, cioccolatini, frutta secca, piccoli giocattoli e, per i bambini che durante l\u2019anno non sono stati proprio impeccabili, anche un po\u2019 di carbone. In molte famiglie, \u00e8 ancora viva la tradizione di preparare insieme la calza la sera del 5 gennaio, tra risate, racconti e aspettative.<\/p>\t\t\t\t\t\t\t\t<\/div>\n\t\t\t\t<\/div>\n\t\t\t\t<div class=\"elementor-element elementor-element-a14337c elementor-widget elementor-widget-heading\" data-id=\"a14337c\" data-element_type=\"widget\" data-widget_type=\"heading.default\">\n\t\t\t\t<div class=\"elementor-widget-container\">\n\t\t\t\t\t<h2 class=\"elementor-heading-title elementor-size-default\">Tradizioni regionali<\/h2>\t\t\t\t<\/div>\n\t\t\t\t<\/div>\n\t\t\t\t<div class=\"elementor-element elementor-element-f0fabe1 elementor-widget elementor-widget-text-editor\" data-id=\"f0fabe1\" data-element_type=\"widget\" data-widget_type=\"text-editor.default\">\n\t\t\t\t<div class=\"elementor-widget-container\">\n\t\t\t\t\t\t\t\t\t<p>La tradizione della Befana \u00e8 particolarmente viva in molte regioni italiane, soprattutto nel Centro e nel Sud Italia. In molte citt\u00e0 italiane vengono organizzate feste dedicate alla Befana, con mercatini, spettacoli e carri allegorici. La notte tra il 5 e il 6 gennaio, si accendono grandi fal\u00f2.<\/p>\t\t\t\t\t\t\t\t<\/div>\n\t\t\t\t<\/div>\n\t\t\t\t<div class=\"elementor-element elementor-element-608294f elementor-widget elementor-widget-image\" data-id=\"608294f\" data-element_type=\"widget\" data-widget_type=\"image.default\">\n\t\t\t\t<div class=\"elementor-widget-container\">\n\t\t\t\t\t\t\t\t\t\t\t\t\t\t\t<img decoding=\"async\" width=\"500\" height=\"500\" src=\"https:\/\/evibossanyi.com\/wp-content\/uploads\/2026\/01\/Foto-articolo-befana-2026-2.png\" class=\"attachment-large size-large wp-image-7800\" alt=\"\" srcset=\"https:\/\/evibossanyi.com\/wp-content\/uploads\/2026\/01\/Foto-articolo-befana-2026-2.png 500w, https:\/\/evibossanyi.com\/wp-content\/uploads\/2026\/01\/Foto-articolo-befana-2026-2-300x300.png 300w, https:\/\/evibossanyi.com\/wp-content\/uploads\/2026\/01\/Foto-articolo-befana-2026-2-150x150.png 150w, https:\/\/evibossanyi.com\/wp-content\/uploads\/2026\/01\/Foto-articolo-befana-2026-2-100x100.png 100w, https:\/\/evibossanyi.com\/wp-content\/uploads\/2026\/01\/Foto-articolo-befana-2026-2-50x50.png 50w\" sizes=\"(max-width: 500px) 100vw, 500px\" \/>\t\t\t\t\t\t\t\t\t\t\t\t\t\t\t<\/div>\n\t\t\t\t<\/div>\n\t\t\t\t<div class=\"elementor-element elementor-element-41c69f3 elementor-widget elementor-widget-heading\" data-id=\"41c69f3\" data-element_type=\"widget\" data-widget_type=\"heading.default\">\n\t\t\t\t<div class=\"elementor-widget-container\">\n\t\t\t\t\t<h2 class=\"elementor-heading-title elementor-size-default\">Proverbi e filastrocche sulla Befana<\/h2>\t\t\t\t<\/div>\n\t\t\t\t<\/div>\n\t\t\t\t<div class=\"elementor-element elementor-element-76dabcc elementor-widget elementor-widget-text-editor\" data-id=\"76dabcc\" data-element_type=\"widget\" data-widget_type=\"text-editor.default\">\n\t\t\t\t<div class=\"elementor-widget-container\">\n\t\t\t\t\t\t\t\t\t<p>Non mancano i proverbi legati a questa figura. Uno dei pi\u00f9 noti recita: \u201cL\u2019Epifania tutte le feste porta via\u201d, ricordando che con il 6 gennaio si conclude il periodo festivo natalizio.<\/p><p>In Italia esistono molte filastrocche che raccontano la \u201cvita\u201d della Befana, ogni zona ha la sua. Eccone tre tra le pi\u00f9 popolari:<\/p><p><strong>La Befana vien di notte<\/strong><\/p><p>La Befana vien di notte con le scarpe tutte rotte, col cappello alla romana, viva viva la Befana!<\/p><p><strong>La calza della Befana<\/strong><\/p><p>La Befana si aggira piano, tra il freddo e il vento strano; cerca calze appese bene, porta doni alle persone serene. Dolci caramelle e carbone nero, per chi \u00e8 stato un po\u2019 monello davvero.<\/p><p><strong>Filastrocca delle stelle<\/strong><\/p><p>Filastrocca delle stelle, la Befana porta cose belle, nella calza mette il cuore, un pizzico di buonumore. Chi la vede dalla finestra, fa un sorriso e poi si desta!<\/p>\t\t\t\t\t\t\t\t<\/div>\n\t\t\t\t<\/div>\n\t\t\t\t<div class=\"elementor-element elementor-element-70d7d8e elementor-widget elementor-widget-heading\" data-id=\"70d7d8e\" data-element_type=\"widget\" data-widget_type=\"heading.default\">\n\t\t\t\t<div class=\"elementor-widget-container\">\n\t\t\t\t\t<h2 class=\"elementor-heading-title elementor-size-default\">Curiosit\u00e0 sulla Befana<\/h2>\t\t\t\t<\/div>\n\t\t\t\t<\/div>\n\t\t\t\t<div class=\"elementor-element elementor-element-96667b5 elementor-widget elementor-widget-text-editor\" data-id=\"96667b5\" data-element_type=\"widget\" data-widget_type=\"text-editor.default\">\n\t\t\t\t<div class=\"elementor-widget-container\">\n\t\t\t\t\t\t\t\t\t<ul><li>La figura della Befana mescola elementi cristiani e pagani, rappresentando la saggezza dell\u2019et\u00e0 e il ciclo della natura che si rinnova.<\/li><li>In alcune zone d\u2019Italia, per ingraziarsi la Befana, \u00e8 usanza lasciare un bicchiere di vino e qualche biscotto vicino alla finestra.<\/li><li>Il carbone, simbolo di ammonimento, oggi viene spesso sostituito da dolci di zucchero nero, cos\u00ec da non rovinare la festa a nessun bambino.<\/li><\/ul>\t\t\t\t\t\t\t\t<\/div>\n\t\t\t\t<\/div>\n\t\t\t\t<div class=\"elementor-element elementor-element-776c89f elementor-widget elementor-widget-image\" data-id=\"776c89f\" data-element_type=\"widget\" data-widget_type=\"image.default\">\n\t\t\t\t<div class=\"elementor-widget-container\">\n\t\t\t\t\t\t\t\t\t\t\t\t\t\t\t<img decoding=\"async\" width=\"500\" height=\"500\" src=\"https:\/\/evibossanyi.com\/wp-content\/uploads\/2026\/01\/Foto-articolo-befana-2026-3.png\" class=\"attachment-large size-large wp-image-7802\" alt=\"\" srcset=\"https:\/\/evibossanyi.com\/wp-content\/uploads\/2026\/01\/Foto-articolo-befana-2026-3.png 500w, https:\/\/evibossanyi.com\/wp-content\/uploads\/2026\/01\/Foto-articolo-befana-2026-3-300x300.png 300w, https:\/\/evibossanyi.com\/wp-content\/uploads\/2026\/01\/Foto-articolo-befana-2026-3-150x150.png 150w, https:\/\/evibossanyi.com\/wp-content\/uploads\/2026\/01\/Foto-articolo-befana-2026-3-100x100.png 100w, https:\/\/evibossanyi.com\/wp-content\/uploads\/2026\/01\/Foto-articolo-befana-2026-3-50x50.png 50w\" sizes=\"(max-width: 500px) 100vw, 500px\" \/>\t\t\t\t\t\t\t\t\t\t\t\t\t\t\t<\/div>\n\t\t\t\t<\/div>\n\t\t\t\t<div class=\"elementor-element elementor-element-0eb231a elementor-widget elementor-widget-heading\" data-id=\"0eb231a\" data-element_type=\"widget\" data-widget_type=\"heading.default\">\n\t\t\t\t<div class=\"elementor-widget-container\">\n\t\t\t\t\t<h2 class=\"elementor-heading-title elementor-size-default\">La Befana oggi<\/h2>\t\t\t\t<\/div>\n\t\t\t\t<\/div>\n\t\t\t\t<div class=\"elementor-element elementor-element-f740aa0 elementor-widget elementor-widget-text-editor\" data-id=\"f740aa0\" data-element_type=\"widget\" data-widget_type=\"text-editor.default\">\n\t\t\t\t<div class=\"elementor-widget-container\">\n\t\t\t\t\t\t\t\t\t<p>Oggi la Befana \u00e8 un simbolo di generosit\u00e0 e di gioia per tutti i bambini italiani. Le calze appese al camino o alla finestra la sera prima dell\u2019Epifania sono una tradizione irrinunciabile. Il carbone dolce, la frutta secca, i mandarini e i piccoli giocattoli sono i classici regali che i bambini trovano al risveglio.<\/p><p>La Befana \u00e8 una tradizione che unisce generazioni e territori, portando un messaggio di speranza e di attesa per il nuovo anno. Tra leggende e realt\u00e0, la vecchietta pi\u00f9 famosa d\u2019Italia continua a far sognare grandi e piccini, regalando un sorriso e un po\u2019 di magia in pi\u00f9 all\u2019inizio di ogni anno.<\/p>\t\t\t\t\t\t\t\t<\/div>\n\t\t\t\t<\/div>\n\t\t\t\t\t<\/div>\n\t\t<\/div>\n\t\t\t\t\t<\/div>\n\t\t<\/section>\n\t\t\t\t<\/div>\n\t\t","protected":false},"excerpt":{"rendered":"<p>La Befana \u00e8 una delle figure pi\u00f9 amate del folklore italiano, protagonista indiscussa dell\u2019Epifania, che si celebra il 6 gennaio. Secondo la tradizione, la Befana \u00e8 una vecchietta che vola a cavallo di una scopa nella notte tra il 5 e il 6 gennaio, portando doni ai bambini buoni (caramelle, dolciumi, piccoli regali) e carbone [&hellip;]<\/p>\n","protected":false},"author":6,"featured_media":7795,"comment_status":"closed","ping_status":"closed","sticky":false,"template":"","format":"standard","meta":{"site-sidebar-layout":"default","site-content-layout":"","ast-site-content-layout":"default","site-content-style":"default","site-sidebar-style":"default","ast-global-header-display":"","ast-banner-title-visibility":"","ast-main-header-display":"","ast-hfb-above-header-display":"","ast-hfb-below-header-display":"","ast-hfb-mobile-header-display":"","site-post-title":"","ast-breadcrumbs-content":"","ast-featured-img":"","footer-sml-layout":"","theme-transparent-header-meta":"default","adv-header-id-meta":"","stick-header-meta":"default","header-above-stick-meta":"","header-main-stick-meta":"","header-below-stick-meta":"","astra-migrate-meta-layouts":"set","ast-page-background-enabled":"default","ast-page-background-meta":{"desktop":{"background-color":"","background-image":"","background-repeat":"repeat","background-position":"center center","background-size":"auto","background-attachment":"scroll","background-type":"","background-media":"","overlay-type":"","overlay-color":"","overlay-opacity":"","overlay-gradient":""},"tablet":{"background-color":"","background-image":"","background-repeat":"repeat","background-position":"center center","background-size":"auto","background-attachment":"scroll","background-type":"","background-media":"","overlay-type":"","overlay-color":"","overlay-opacity":"","overlay-gradient":""},"mobile":{"background-color":"","background-image":"","background-repeat":"repeat","background-position":"center center","background-size":"auto","background-attachment":"scroll","background-type":"","background-media":"","overlay-type":"","overlay-color":"","overlay-opacity":"","overlay-gradient":""}},"ast-content-background-meta":{"desktop":{"background-color":"var(--ast-global-color-5)","background-image":"","background-repeat":"repeat","background-position":"center center","background-size":"auto","background-attachment":"scroll","background-type":"","background-media":"","overlay-type":"","overlay-color":"","overlay-opacity":"","overlay-gradient":""},"tablet":{"background-color":"var(--ast-global-color-5)","background-image":"","background-repeat":"repeat","background-position":"center center","background-size":"auto","background-attachment":"scroll","background-type":"","background-media":"","overlay-type":"","overlay-color":"","overlay-opacity":"","overlay-gradient":""},"mobile":{"background-color":"var(--ast-global-color-5)","background-image":"","background-repeat":"repeat","background-position":"center center","background-size":"auto","background-attachment":"scroll","background-type":"","background-media":"","overlay-type":"","overlay-color":"","overlay-opacity":"","overlay-gradient":""}},"footnotes":""},"categories":[62,61,60],"tags":[131,128,129,130],"class_list":["post-7797","post","type-post","status-publish","format-standard","has-post-thumbnail","hentry","category-curiosita","category-festivita-e-ricorrenze","category-natale","tag-bambini","tag-befana","tag-festivita","tag-natale"],"_links":{"self":[{"href":"https:\/\/evibossanyi.com\/hu\/wp-json\/wp\/v2\/posts\/7797","targetHints":{"allow":["GET"]}}],"collection":[{"href":"https:\/\/evibossanyi.com\/hu\/wp-json\/wp\/v2\/posts"}],"about":[{"href":"https:\/\/evibossanyi.com\/hu\/wp-json\/wp\/v2\/types\/post"}],"author":[{"embeddable":true,"href":"https:\/\/evibossanyi.com\/hu\/wp-json\/wp\/v2\/users\/6"}],"replies":[{"embeddable":true,"href":"https:\/\/evibossanyi.com\/hu\/wp-json\/wp\/v2\/comments?post=7797"}],"version-history":[{"count":0,"href":"https:\/\/evibossanyi.com\/hu\/wp-json\/wp\/v2\/posts\/7797\/revisions"}],"wp:featuredmedia":[{"embeddable":true,"href":"https:\/\/evibossanyi.com\/hu\/wp-json\/wp\/v2\/media\/7795"}],"wp:attachment":[{"href":"https:\/\/evibossanyi.com\/hu\/wp-json\/wp\/v2\/media?parent=7797"}],"wp:term":[{"taxonomy":"category","embeddable":true,"href":"https:\/\/evibossanyi.com\/hu\/wp-json\/wp\/v2\/categories?post=7797"},{"taxonomy":"post_tag","embeddable":true,"href":"https:\/\/evibossanyi.com\/hu\/wp-json\/wp\/v2\/tags?post=7797"}],"curies":[{"name":"wp","href":"https:\/\/api.w.org\/{rel}","templated":true}]}}