{"id":7556,"date":"2025-08-18T18:15:29","date_gmt":"2025-08-18T16:15:29","guid":{"rendered":"https:\/\/evibossanyi.com\/?p=7556"},"modified":"2025-08-18T18:17:02","modified_gmt":"2025-08-18T16:17:02","slug":"storia-dei-quotidiani-e-della-stampa-dalle-prime-gazzette-allera-digitale","status":"publish","type":"post","link":"https:\/\/evibossanyi.com\/hu\/intreccio-quotidiano\/storia-dei-quotidiani-e-della-stampa-dalle-prime-gazzette-allera-digitale\/","title":{"rendered":"Storia dei quotidiani e della stampa: dalle prime gazzette all\u2019era digitale"},"content":{"rendered":"\t\t<div data-elementor-type=\"wp-post\" data-elementor-id=\"7556\" class=\"elementor elementor-7556\" data-elementor-post-type=\"post\">\n\t\t\t\t\t\t<section class=\"elementor-section elementor-top-section elementor-element elementor-element-6e36b4f elementor-section-boxed elementor-section-height-default elementor-section-height-default\" data-id=\"6e36b4f\" data-element_type=\"section\" data-settings=\"{&quot;jet_parallax_layout_list&quot;:[]}\">\n\t\t\t\t\t\t<div class=\"elementor-container elementor-column-gap-default\">\n\t\t\t\t\t<div class=\"elementor-column elementor-col-100 elementor-top-column elementor-element elementor-element-12b3370\" data-id=\"12b3370\" data-element_type=\"column\">\n\t\t\t<div class=\"elementor-widget-wrap elementor-element-populated\">\n\t\t\t\t\t\t<div class=\"elementor-element elementor-element-914b763 elementor-widget elementor-widget-text-editor\" data-id=\"914b763\" data-element_type=\"widget\" data-widget_type=\"text-editor.default\">\n\t\t\t\t<div class=\"elementor-widget-container\">\n\t\t\t\t\t\t\t\t\t<p>L\u2019intreccio con le cannucce di carta di giornale \u00e8 un connubio tra l\u2019antica arte dell\u2019intreccio e il riciclo creativo. In questo articolo vorrei farti conoscere la storia della nostra materia prima: i quotidiani. Quando sono nati, come si sono sviluppati e la loro trasformazione con l\u2019avvento del digitale.<\/p><p>La storia dei quotidiani e della stampa \u00e8 un viaggio affascinante che si intreccia con l\u2019evoluzione della societ\u00e0, della cultura e della tecnologia. Dai primi bollettini manoscritti alle pubblicazioni digitali del XXI secolo, la stampa ha avuto un ruolo centrale nella diffusione delle idee, nella formazione dell\u2019opinione pubblica e nello sviluppo del pensiero critico.<\/p>\t\t\t\t\t\t\t\t<\/div>\n\t\t\t\t<\/div>\n\t\t\t\t\t<\/div>\n\t\t<\/div>\n\t\t\t\t\t<\/div>\n\t\t<\/section>\n\t\t\t\t<section class=\"elementor-section elementor-top-section elementor-element elementor-element-668898a elementor-section-boxed elementor-section-height-default elementor-section-height-default\" data-id=\"668898a\" data-element_type=\"section\" data-settings=\"{&quot;jet_parallax_layout_list&quot;:[]}\">\n\t\t\t\t\t\t<div class=\"elementor-container elementor-column-gap-default\">\n\t\t\t\t\t<div class=\"elementor-column elementor-col-100 elementor-top-column elementor-element elementor-element-beed896\" data-id=\"beed896\" data-element_type=\"column\">\n\t\t\t<div class=\"elementor-widget-wrap elementor-element-populated\">\n\t\t\t\t\t\t<div class=\"elementor-element elementor-element-76b2d71 elementor-widget elementor-widget-heading\" data-id=\"76b2d71\" data-element_type=\"widget\" data-widget_type=\"heading.default\">\n\t\t\t\t<div class=\"elementor-widget-container\">\n\t\t\t\t\t<h2 class=\"elementor-heading-title elementor-size-default\">Le origini della stampa<\/h2>\t\t\t\t<\/div>\n\t\t\t\t<\/div>\n\t\t\t\t\t<\/div>\n\t\t<\/div>\n\t\t\t\t\t<\/div>\n\t\t<\/section>\n\t\t\t\t<section class=\"elementor-section elementor-top-section elementor-element elementor-element-efdd917 elementor-section-boxed elementor-section-height-default elementor-section-height-default\" data-id=\"efdd917\" data-element_type=\"section\" data-settings=\"{&quot;jet_parallax_layout_list&quot;:[]}\">\n\t\t\t\t\t\t<div class=\"elementor-container elementor-column-gap-default\">\n\t\t\t\t\t<div class=\"elementor-column elementor-col-100 elementor-top-column elementor-element elementor-element-53b63ab\" data-id=\"53b63ab\" data-element_type=\"column\">\n\t\t\t<div class=\"elementor-widget-wrap elementor-element-populated\">\n\t\t\t\t\t\t<div class=\"elementor-element elementor-element-d0a98b1 elementor-widget elementor-widget-text-editor\" data-id=\"d0a98b1\" data-element_type=\"widget\" data-widget_type=\"text-editor.default\">\n\t\t\t\t<div class=\"elementor-widget-container\">\n\t\t\t\t\t\t\t\t\t<p>Come saprai sicuramente, la stampa \u00e8 un processo per la produzione di testi e immagini che avviene mediante l\u2019impiego dell\u2019inchiostro su carta e di una pressa da stampa. \u00c8 parte essenziale dell\u2019editoria e oggi giorno viene svolto come processo industriale su larga scala, ma non \u00e8 stato sempre cos\u00ec.<\/p><p>Si ritiene che questa tecnica sia stata inventata in Cina all\u2019epoca della dinastia Tang (618-907) anche se esistono reperti di epoche precedenti. L\u2019inchiostro venne impresso sul foglio di carta per mezzo di blocchi di legno sulle quali erano intagliati testi o illustrazioni.<\/p><p>Secondo alcuni studiosi britannici\u00a0il pi\u00f9 antico libro stampato al mondo\u00a0non \u00e8 la Bibbia di Gutenberg, bens\u00ec una traduzione cinese del\u00a0<strong><em>Diamond Sutra<\/em><\/strong>, opera dedicata alla religione buddista. Si tratta di un rotolo di sei fogli di carta lungo pi\u00f9 di 5 metri e risalente al 868 ed \u00e8 conservato presso la British Library\u00a0di\u00a0Camden, in Gran Bretagna.<\/p><p>La xilografia si diffuse anche in Europa, dove dal XIV secolo divenne di uso comune per stampare fantasie sugli abiti. Quando la carta divenne facilmente reperibile, intorno al 1400, il metodo della stampa inizi\u00f2 ad essere impiegato anche su carte da gioco, oltre che per riproduzioni artistiche e religiose.<\/p>\t\t\t\t\t\t\t\t<\/div>\n\t\t\t\t<\/div>\n\t\t\t\t\t<\/div>\n\t\t<\/div>\n\t\t\t\t\t<\/div>\n\t\t<\/section>\n\t\t\t\t<section class=\"elementor-section elementor-top-section elementor-element elementor-element-0415ea6 elementor-section-boxed elementor-section-height-default elementor-section-height-default\" data-id=\"0415ea6\" data-element_type=\"section\" data-settings=\"{&quot;jet_parallax_layout_list&quot;:[]}\">\n\t\t\t\t\t\t<div class=\"elementor-container elementor-column-gap-default\">\n\t\t\t\t\t<div class=\"elementor-column elementor-col-100 elementor-top-column elementor-element elementor-element-99f48a9\" data-id=\"99f48a9\" data-element_type=\"column\">\n\t\t\t<div class=\"elementor-widget-wrap elementor-element-populated\">\n\t\t\t\t\t\t<div class=\"elementor-element elementor-element-796225e elementor-widget elementor-widget-image\" data-id=\"796225e\" data-element_type=\"widget\" data-widget_type=\"image.default\">\n\t\t\t\t<div class=\"elementor-widget-container\">\n\t\t\t\t\t\t\t\t\t\t\t\t\t\t\t<img fetchpriority=\"high\" decoding=\"async\" width=\"1024\" height=\"1024\" src=\"https:\/\/evibossanyi.com\/wp-content\/uploads\/2025\/08\/prima-Bibbia-1024x1024.png\" class=\"attachment-large size-large wp-image-7559\" alt=\"\" srcset=\"https:\/\/evibossanyi.com\/wp-content\/uploads\/2025\/08\/prima-Bibbia-1024x1024.png 1024w, https:\/\/evibossanyi.com\/wp-content\/uploads\/2025\/08\/prima-Bibbia-300x300.png 300w, https:\/\/evibossanyi.com\/wp-content\/uploads\/2025\/08\/prima-Bibbia-150x150.png 150w, https:\/\/evibossanyi.com\/wp-content\/uploads\/2025\/08\/prima-Bibbia-768x768.png 768w, https:\/\/evibossanyi.com\/wp-content\/uploads\/2025\/08\/prima-Bibbia-600x600.png 600w, https:\/\/evibossanyi.com\/wp-content\/uploads\/2025\/08\/prima-Bibbia-100x100.png 100w, https:\/\/evibossanyi.com\/wp-content\/uploads\/2025\/08\/prima-Bibbia-50x50.png 50w, https:\/\/evibossanyi.com\/wp-content\/uploads\/2025\/08\/prima-Bibbia.png 1080w\" sizes=\"(max-width: 1024px) 100vw, 1024px\" \/>\t\t\t\t\t\t\t\t\t\t\t\t\t\t\t<\/div>\n\t\t\t\t<\/div>\n\t\t\t\t\t<\/div>\n\t\t<\/div>\n\t\t\t\t\t<\/div>\n\t\t<\/section>\n\t\t\t\t<section class=\"elementor-section elementor-top-section elementor-element elementor-element-fc9482c elementor-section-boxed elementor-section-height-default elementor-section-height-default\" data-id=\"fc9482c\" data-element_type=\"section\" data-settings=\"{&quot;jet_parallax_layout_list&quot;:[]}\">\n\t\t\t\t\t\t<div class=\"elementor-container elementor-column-gap-default\">\n\t\t\t\t\t<div class=\"elementor-column elementor-col-100 elementor-top-column elementor-element elementor-element-289b68d\" data-id=\"289b68d\" data-element_type=\"column\">\n\t\t\t<div class=\"elementor-widget-wrap elementor-element-populated\">\n\t\t\t\t\t\t<div class=\"elementor-element elementor-element-f4c69ee elementor-widget elementor-widget-text-editor\" data-id=\"f4c69ee\" data-element_type=\"widget\" data-widget_type=\"text-editor.default\">\n\t\t\t\t<div class=\"elementor-widget-container\">\n\t\t\t\t\t\t\t\t\t<p>Intorno alla met\u00e0 del 1400 il tedesco Johannes Gutenberg rivoluzion\u00f2 la stampa con l\u2019invenzione dei caratteri mobili fatti di metallo, tecnica pi\u00f9 veloce ed economica. Lo stesso Gutenberg realizz\u00f2 degli inchiostri a base oleosa che duravano di pi\u00f9 degli inchiostri a base acquosa, ed ispirandosi ad un torchio per la spremitura dell\u2019uva invent\u00f2 la pressa per stampa, dopo un anno di sperimentazioni stamp\u00f2 il suo primo libro: l<em>a<strong>\u00a0Bibbia di Gutenberg,<\/strong><\/em>\u00a01455.<\/p><p>La Bibbia di Gutenberg\u00a0misura circa 30 x 40 cm, pesa ben 7,5 kg ed \u00e8 conservata in una blindatissima cassaforte del museo Gutenberg di Magonza.<\/p>\t\t\t\t\t\t\t\t<\/div>\n\t\t\t\t<\/div>\n\t\t\t\t\t<\/div>\n\t\t<\/div>\n\t\t\t\t\t<\/div>\n\t\t<\/section>\n\t\t\t\t<section class=\"elementor-section elementor-top-section elementor-element elementor-element-195e205 elementor-section-boxed elementor-section-height-default elementor-section-height-default\" data-id=\"195e205\" data-element_type=\"section\" data-settings=\"{&quot;jet_parallax_layout_list&quot;:[]}\">\n\t\t\t\t\t\t<div class=\"elementor-container elementor-column-gap-default\">\n\t\t\t\t\t<div class=\"elementor-column elementor-col-100 elementor-top-column elementor-element elementor-element-979f9c1\" data-id=\"979f9c1\" data-element_type=\"column\">\n\t\t\t<div class=\"elementor-widget-wrap elementor-element-populated\">\n\t\t\t\t\t\t<div class=\"elementor-element elementor-element-8830a55 elementor-widget elementor-widget-image\" data-id=\"8830a55\" data-element_type=\"widget\" data-widget_type=\"image.default\">\n\t\t\t\t<div class=\"elementor-widget-container\">\n\t\t\t\t\t\t\t\t\t\t\t\t\t\t\t<img decoding=\"async\" width=\"1024\" height=\"1024\" src=\"https:\/\/evibossanyi.com\/wp-content\/uploads\/2025\/08\/caratteri-1024x1024.png\" class=\"attachment-large size-large wp-image-7563\" alt=\"\" srcset=\"https:\/\/evibossanyi.com\/wp-content\/uploads\/2025\/08\/caratteri-1024x1024.png 1024w, https:\/\/evibossanyi.com\/wp-content\/uploads\/2025\/08\/caratteri-300x300.png 300w, https:\/\/evibossanyi.com\/wp-content\/uploads\/2025\/08\/caratteri-150x150.png 150w, https:\/\/evibossanyi.com\/wp-content\/uploads\/2025\/08\/caratteri-768x768.png 768w, https:\/\/evibossanyi.com\/wp-content\/uploads\/2025\/08\/caratteri-600x600.png 600w, https:\/\/evibossanyi.com\/wp-content\/uploads\/2025\/08\/caratteri-100x100.png 100w, https:\/\/evibossanyi.com\/wp-content\/uploads\/2025\/08\/caratteri-50x50.png 50w, https:\/\/evibossanyi.com\/wp-content\/uploads\/2025\/08\/caratteri.png 1080w\" sizes=\"(max-width: 1024px) 100vw, 1024px\" \/>\t\t\t\t\t\t\t\t\t\t\t\t\t\t\t<\/div>\n\t\t\t\t<\/div>\n\t\t\t\t\t<\/div>\n\t\t<\/div>\n\t\t\t\t\t<\/div>\n\t\t<\/section>\n\t\t\t\t<section class=\"elementor-section elementor-top-section elementor-element elementor-element-88450f4 elementor-section-boxed elementor-section-height-default elementor-section-height-default\" data-id=\"88450f4\" data-element_type=\"section\" data-settings=\"{&quot;jet_parallax_layout_list&quot;:[]}\">\n\t\t\t\t\t\t<div class=\"elementor-container elementor-column-gap-default\">\n\t\t\t\t\t<div class=\"elementor-column elementor-col-100 elementor-top-column elementor-element elementor-element-823e552\" data-id=\"823e552\" data-element_type=\"column\">\n\t\t\t<div class=\"elementor-widget-wrap elementor-element-populated\">\n\t\t\t\t\t\t<div class=\"elementor-element elementor-element-db8167c elementor-widget elementor-widget-text-editor\" data-id=\"db8167c\" data-element_type=\"widget\" data-widget_type=\"text-editor.default\">\n\t\t\t\t<div class=\"elementor-widget-container\">\n\t\t\t\t\t\t\t\t\t<p>Nei secoli successivi vi furono nuove invenzioni e migliorie: Bryan Donkin invent\u00f2 il rullo inchiostratore sviluppando la Macchina di Fourdrinier. All\u2019inizio del XIX secolo Stanhope, Clymer, Koenig ed altri crearono nuovi strumenti tipografici pi\u00f9 efficaci. Nel 1814 Il \u201dTimes\u201d fu il primo ad essere stampato con l\u2019ausilio della macchina a vapore.<\/p><p>L\u2019invenzione della stampa fu determinante per diffondere la cultura e le notizie. Inizialmente i giornali uscirono in formato libro; successivamente fu concepito un formato pi\u00f9 adatto notevolmente pi\u00f9 ampio: i fogli di notizie. Nati nella Repubblica di Venezia nel 1536 questi furono chiamati \u201c<strong><em>gazzette<\/em><\/strong>\u201d perch\u00e8 era messo in vendita al prezzo di una moneta d\u2019argento da due soldi chiamata gaxeta. Il nome gazzetta si diffuse in Italia e nel resto d\u2019Europa.<\/p>\t\t\t\t\t\t\t\t<\/div>\n\t\t\t\t<\/div>\n\t\t\t\t\t<\/div>\n\t\t<\/div>\n\t\t\t\t\t<\/div>\n\t\t<\/section>\n\t\t\t\t<section class=\"elementor-section elementor-top-section elementor-element elementor-element-53a479e elementor-section-boxed elementor-section-height-default elementor-section-height-default\" data-id=\"53a479e\" data-element_type=\"section\" data-settings=\"{&quot;jet_parallax_layout_list&quot;:[]}\">\n\t\t\t\t\t\t<div class=\"elementor-container elementor-column-gap-default\">\n\t\t\t\t\t<div class=\"elementor-column elementor-col-100 elementor-top-column elementor-element elementor-element-4fb2a43\" data-id=\"4fb2a43\" data-element_type=\"column\">\n\t\t\t<div class=\"elementor-widget-wrap elementor-element-populated\">\n\t\t\t\t\t\t<div class=\"elementor-element elementor-element-943ec97 elementor-widget elementor-widget-text-editor\" data-id=\"943ec97\" data-element_type=\"widget\" data-widget_type=\"text-editor.default\">\n\t\t\t\t<div class=\"elementor-widget-container\">\n\t\t\t\t\t\t\t\t\t<p><strong>Curiosit\u00e0 <\/strong>Nell\u2019antica Roma ai tempi di Giulio Cesare esistevano gli Acta Diurna Urbis che erano delle tavole colorate di bianco e affisse ai muri della citt\u00e0 in cui venivano scritti gli avvenimenti accaduti nell\u2019Urbe. Contenevano notizie giudiziarie, decreti imperiali o del Senato ma anche annunci di nascita, di morte e di matrimonio come dei veri e propri giornali.<\/p>\t\t\t\t\t\t\t\t<\/div>\n\t\t\t\t<\/div>\n\t\t\t\t\t<\/div>\n\t\t<\/div>\n\t\t\t\t\t<\/div>\n\t\t<\/section>\n\t\t\t\t<section class=\"elementor-section elementor-top-section elementor-element elementor-element-42ff66e elementor-section-boxed elementor-section-height-default elementor-section-height-default\" data-id=\"42ff66e\" data-element_type=\"section\" data-settings=\"{&quot;jet_parallax_layout_list&quot;:[]}\">\n\t\t\t\t\t\t<div class=\"elementor-container elementor-column-gap-default\">\n\t\t\t\t\t<div class=\"elementor-column elementor-col-100 elementor-top-column elementor-element elementor-element-cc0a25a\" data-id=\"cc0a25a\" data-element_type=\"column\">\n\t\t\t<div class=\"elementor-widget-wrap elementor-element-populated\">\n\t\t\t\t\t\t<div class=\"elementor-element elementor-element-5edce10 elementor-widget elementor-widget-image\" data-id=\"5edce10\" data-element_type=\"widget\" data-widget_type=\"image.default\">\n\t\t\t\t<div class=\"elementor-widget-container\">\n\t\t\t\t\t\t\t\t\t\t\t\t\t\t\t<img decoding=\"async\" width=\"825\" height=\"510\" src=\"https:\/\/evibossanyi.com\/wp-content\/uploads\/2025\/08\/Giornale-de-Letterati-antica-stampa-italiana.jpg\" class=\"attachment-large size-large wp-image-7569\" alt=\"\" srcset=\"https:\/\/evibossanyi.com\/wp-content\/uploads\/2025\/08\/Giornale-de-Letterati-antica-stampa-italiana.jpg 825w, https:\/\/evibossanyi.com\/wp-content\/uploads\/2025\/08\/Giornale-de-Letterati-antica-stampa-italiana-300x185.jpg 300w, https:\/\/evibossanyi.com\/wp-content\/uploads\/2025\/08\/Giornale-de-Letterati-antica-stampa-italiana-768x475.jpg 768w, https:\/\/evibossanyi.com\/wp-content\/uploads\/2025\/08\/Giornale-de-Letterati-antica-stampa-italiana-600x371.jpg 600w, https:\/\/evibossanyi.com\/wp-content\/uploads\/2025\/08\/Giornale-de-Letterati-antica-stampa-italiana-81x50.jpg 81w\" sizes=\"(max-width: 825px) 100vw, 825px\" \/>\t\t\t\t\t\t\t\t\t\t\t\t\t\t\t<\/div>\n\t\t\t\t<\/div>\n\t\t\t\t\t<\/div>\n\t\t<\/div>\n\t\t\t\t\t<\/div>\n\t\t<\/section>\n\t\t\t\t<section class=\"elementor-section elementor-top-section elementor-element elementor-element-856d20e elementor-section-boxed elementor-section-height-default elementor-section-height-default\" data-id=\"856d20e\" data-element_type=\"section\" data-settings=\"{&quot;jet_parallax_layout_list&quot;:[]}\">\n\t\t\t\t\t\t<div class=\"elementor-container elementor-column-gap-default\">\n\t\t\t\t\t<div class=\"elementor-column elementor-col-100 elementor-top-column elementor-element elementor-element-cc1c9fb\" data-id=\"cc1c9fb\" data-element_type=\"column\">\n\t\t\t<div class=\"elementor-widget-wrap elementor-element-populated\">\n\t\t\t\t\t\t<div class=\"elementor-element elementor-element-178334a elementor-widget elementor-widget-heading\" data-id=\"178334a\" data-element_type=\"widget\" data-widget_type=\"heading.default\">\n\t\t\t\t<div class=\"elementor-widget-container\">\n\t\t\t\t\t<h2 class=\"elementor-heading-title elementor-size-default\">Le prime pubblicazioni periodiche<\/h2>\t\t\t\t<\/div>\n\t\t\t\t<\/div>\n\t\t\t\t\t<\/div>\n\t\t<\/div>\n\t\t\t\t\t<\/div>\n\t\t<\/section>\n\t\t\t\t<section class=\"elementor-section elementor-top-section elementor-element elementor-element-5fe842f elementor-section-boxed elementor-section-height-default elementor-section-height-default\" data-id=\"5fe842f\" data-element_type=\"section\" data-settings=\"{&quot;jet_parallax_layout_list&quot;:[]}\">\n\t\t\t\t\t\t<div class=\"elementor-container elementor-column-gap-default\">\n\t\t\t\t\t<div class=\"elementor-column elementor-col-100 elementor-top-column elementor-element elementor-element-9de7005\" data-id=\"9de7005\" data-element_type=\"column\">\n\t\t\t<div class=\"elementor-widget-wrap elementor-element-populated\">\n\t\t\t\t\t\t<div class=\"elementor-element elementor-element-5056b04 elementor-widget elementor-widget-text-editor\" data-id=\"5056b04\" data-element_type=\"widget\" data-widget_type=\"text-editor.default\">\n\t\t\t\t<div class=\"elementor-widget-container\">\n\t\t\t\t\t\t\t\t\t<p>Prima ancora dei quotidiani, in Europa circolavano i cosiddetti avvisi manoscritti, resoconti di eventi e notizie destinate a un pubblico ristretto, come mercanti, banchieri e membri delle corti. Nel XVI secolo, con lo sviluppo della stampa, presero forma le prime gazzette: fogli stampati che raccoglievano notizie di cronaca, politiche, economiche e curiosit\u00e0 provenienti da diverse parti del mondo.<\/p><p>La \u201cRelation aller F\u00fcrnemmen und gedenckw\u00fcrdigen Historien\u201d, pubblicata a Strasburgo nel 1605 da Johann Carolus, \u00e8 considerata da molti storici il primo vero giornale della storia.<\/p><p>Il primo giornale \u201dmoderno\u201d nasce in Germania a Lipsia nel XVII secolo e fu Einkommende Zeitung. Nato nel 1650 come settimanale, dieci anni dopo divent\u00f2 un quotidiano con notizie di cronaca, politica ed economia.<\/p><p>Nel 1664 nacque la\u00a0<strong><em>Gazzetta di Mantova<\/em><\/strong>, prima con uscite settimanali poi, nel 1866 divent\u00f2 un quotidiano. Ad oggi la Gazzetta di Mantova \u00e8 il giornale ancora esistente pi\u00f9 antico d\u2019Italia e del mondo.<\/p><p>Nel 1665 inizi\u00f2 la pubblicazione della <strong>Gazzetta di Venezia <\/strong>dando il nome al genere delle gazzette.<\/p>\t\t\t\t\t\t\t\t<\/div>\n\t\t\t\t<\/div>\n\t\t\t\t\t<\/div>\n\t\t<\/div>\n\t\t\t\t\t<\/div>\n\t\t<\/section>\n\t\t\t\t<section class=\"elementor-section elementor-top-section elementor-element elementor-element-28c9000 elementor-section-boxed elementor-section-height-default elementor-section-height-default\" data-id=\"28c9000\" data-element_type=\"section\" data-settings=\"{&quot;jet_parallax_layout_list&quot;:[]}\">\n\t\t\t\t\t\t<div class=\"elementor-container elementor-column-gap-default\">\n\t\t\t\t\t<div class=\"elementor-column elementor-col-100 elementor-top-column elementor-element elementor-element-19f7ffc\" data-id=\"19f7ffc\" data-element_type=\"column\">\n\t\t\t<div class=\"elementor-widget-wrap elementor-element-populated\">\n\t\t\t\t\t\t<div class=\"elementor-element elementor-element-aa6a791 elementor-widget elementor-widget-image\" data-id=\"aa6a791\" data-element_type=\"widget\" data-widget_type=\"image.default\">\n\t\t\t\t<div class=\"elementor-widget-container\">\n\t\t\t\t\t\t\t\t\t\t\t\t\t\t\t<img loading=\"lazy\" decoding=\"async\" width=\"1024\" height=\"1024\" src=\"https:\/\/evibossanyi.com\/wp-content\/uploads\/2025\/08\/gazz-mant-1024x1024.png\" class=\"attachment-large size-large wp-image-7567\" alt=\"\" srcset=\"https:\/\/evibossanyi.com\/wp-content\/uploads\/2025\/08\/gazz-mant-1024x1024.png 1024w, https:\/\/evibossanyi.com\/wp-content\/uploads\/2025\/08\/gazz-mant-300x300.png 300w, https:\/\/evibossanyi.com\/wp-content\/uploads\/2025\/08\/gazz-mant-150x150.png 150w, https:\/\/evibossanyi.com\/wp-content\/uploads\/2025\/08\/gazz-mant-768x768.png 768w, https:\/\/evibossanyi.com\/wp-content\/uploads\/2025\/08\/gazz-mant-600x600.png 600w, https:\/\/evibossanyi.com\/wp-content\/uploads\/2025\/08\/gazz-mant-100x100.png 100w, https:\/\/evibossanyi.com\/wp-content\/uploads\/2025\/08\/gazz-mant-50x50.png 50w, https:\/\/evibossanyi.com\/wp-content\/uploads\/2025\/08\/gazz-mant.png 1080w\" sizes=\"(max-width: 1024px) 100vw, 1024px\" \/>\t\t\t\t\t\t\t\t\t\t\t\t\t\t\t<\/div>\n\t\t\t\t<\/div>\n\t\t\t\t\t<\/div>\n\t\t<\/div>\n\t\t\t\t\t<\/div>\n\t\t<\/section>\n\t\t\t\t<section class=\"elementor-section elementor-top-section elementor-element elementor-element-6ceef56 elementor-section-boxed elementor-section-height-default elementor-section-height-default\" data-id=\"6ceef56\" data-element_type=\"section\" data-settings=\"{&quot;jet_parallax_layout_list&quot;:[]}\">\n\t\t\t\t\t\t<div class=\"elementor-container elementor-column-gap-default\">\n\t\t\t\t\t<div class=\"elementor-column elementor-col-100 elementor-top-column elementor-element elementor-element-558047f\" data-id=\"558047f\" data-element_type=\"column\">\n\t\t\t<div class=\"elementor-widget-wrap elementor-element-populated\">\n\t\t\t\t\t\t<div class=\"elementor-element elementor-element-9583bf1 elementor-widget elementor-widget-heading\" data-id=\"9583bf1\" data-element_type=\"widget\" data-widget_type=\"heading.default\">\n\t\t\t\t<div class=\"elementor-widget-container\">\n\t\t\t\t\t<h2 class=\"elementor-heading-title elementor-size-default\">Il Settecento: la stampa come motore dell\u2019Illuminismo<\/h2>\t\t\t\t<\/div>\n\t\t\t\t<\/div>\n\t\t\t\t\t<\/div>\n\t\t<\/div>\n\t\t\t\t\t<\/div>\n\t\t<\/section>\n\t\t\t\t<section class=\"elementor-section elementor-top-section elementor-element elementor-element-a81571f elementor-section-boxed elementor-section-height-default elementor-section-height-default\" data-id=\"a81571f\" data-element_type=\"section\" data-settings=\"{&quot;jet_parallax_layout_list&quot;:[]}\">\n\t\t\t\t\t\t<div class=\"elementor-container elementor-column-gap-default\">\n\t\t\t\t\t<div class=\"elementor-column elementor-col-100 elementor-top-column elementor-element elementor-element-1a36b41\" data-id=\"1a36b41\" data-element_type=\"column\">\n\t\t\t<div class=\"elementor-widget-wrap elementor-element-populated\">\n\t\t\t\t\t\t<div class=\"elementor-element elementor-element-bf7bd70 elementor-widget elementor-widget-text-editor\" data-id=\"bf7bd70\" data-element_type=\"widget\" data-widget_type=\"text-editor.default\">\n\t\t\t\t<div class=\"elementor-widget-container\">\n\t\t\t\t\t\t\t\t\t<p>Nel XVIII secolo si assiste a una vera e propria esplosione della stampa periodica. I quotidiani e i giornali diventano strumenti di informazione e di dibattito, contribuendo in maniera decisiva alla diffusione delle idee illuministe. In Francia, il \u201cJournal de Paris\u201d (fondato nel 1777) e il \u201cMoniteur Universel\u201d furono tra i protagonisti dell\u2019informazione durante la Rivoluzione francese.<\/p><p>Parallelamente, anche nel mondo anglosassone, la stampa si consolida: il \u201cTimes\u201d di Londra nasce nel 1785, mentre negli Stati Uniti la \u201cPennsylvania Gazette\u201d, diretta da Benjamin Franklin, segna un\u2019epoca nell\u2019informazione americana.<\/p>\t\t\t\t\t\t\t\t<\/div>\n\t\t\t\t<\/div>\n\t\t\t\t\t<\/div>\n\t\t<\/div>\n\t\t\t\t\t<\/div>\n\t\t<\/section>\n\t\t\t\t<section class=\"elementor-section elementor-top-section elementor-element elementor-element-a27e350 elementor-section-boxed elementor-section-height-default elementor-section-height-default\" data-id=\"a27e350\" data-element_type=\"section\" data-settings=\"{&quot;jet_parallax_layout_list&quot;:[]}\">\n\t\t\t\t\t\t<div class=\"elementor-container elementor-column-gap-default\">\n\t\t\t\t\t<div class=\"elementor-column elementor-col-100 elementor-top-column elementor-element elementor-element-99acc20\" data-id=\"99acc20\" data-element_type=\"column\">\n\t\t\t<div class=\"elementor-widget-wrap elementor-element-populated\">\n\t\t\t\t\t\t<div class=\"elementor-element elementor-element-bf6af31 elementor-widget elementor-widget-heading\" data-id=\"bf6af31\" data-element_type=\"widget\" data-widget_type=\"heading.default\">\n\t\t\t\t<div class=\"elementor-widget-container\">\n\t\t\t\t\t<h2 class=\"elementor-heading-title elementor-size-default\">L\u2019Ottocento: il quotidiano di massa<\/h2>\t\t\t\t<\/div>\n\t\t\t\t<\/div>\n\t\t\t\t\t<\/div>\n\t\t<\/div>\n\t\t\t\t\t<\/div>\n\t\t<\/section>\n\t\t\t\t<section class=\"elementor-section elementor-top-section elementor-element elementor-element-8dc1e77 elementor-section-boxed elementor-section-height-default elementor-section-height-default\" data-id=\"8dc1e77\" data-element_type=\"section\" data-settings=\"{&quot;jet_parallax_layout_list&quot;:[]}\">\n\t\t\t\t\t\t<div class=\"elementor-container elementor-column-gap-default\">\n\t\t\t\t\t<div class=\"elementor-column elementor-col-100 elementor-top-column elementor-element elementor-element-4b95c0d\" data-id=\"4b95c0d\" data-element_type=\"column\">\n\t\t\t<div class=\"elementor-widget-wrap elementor-element-populated\">\n\t\t\t\t\t\t<div class=\"elementor-element elementor-element-e47b98f elementor-widget elementor-widget-text-editor\" data-id=\"e47b98f\" data-element_type=\"widget\" data-widget_type=\"text-editor.default\">\n\t\t\t\t<div class=\"elementor-widget-container\">\n\t\t\t\t\t\t\t\t\t<p>Con la Rivoluzione industriale e i progressi tecnologici, l\u2019Ottocento segna la nascita del quotidiano moderno. L\u2019introduzione delle rotative, della carta a buon mercato e della telegrafia permette la produzione e la diffusione su larga scala. I giornali diventano accessibili a un pubblico sempre pi\u00f9 ampio, contribuendo all\u2019alfabetizzazione e alla crescita del ceto medio urbano.<\/p><p>Nascono nuovi generi giornalistici: la cronaca nera, la cronaca rosa, i feuilleton e le rubriche di attualit\u00e0. In Italia, \u201cIl Corriere della Sera\u201d (fondato nel 1876) e \u201cLa Stampa\u201d di Torino (1867) diventano pilastri dell\u2019informazione nazionale. In America, Joseph Pulitzer e William Randolph Hearst rivoluzionano il settore introducendo il giornalismo investigativo e la stampa sensazionalista, detta \u201cyellow journalism\u201d.<\/p>\t\t\t\t\t\t\t\t<\/div>\n\t\t\t\t<\/div>\n\t\t\t\t\t<\/div>\n\t\t<\/div>\n\t\t\t\t\t<\/div>\n\t\t<\/section>\n\t\t\t\t<section class=\"elementor-section elementor-top-section elementor-element elementor-element-20842e5 elementor-section-boxed elementor-section-height-default elementor-section-height-default\" data-id=\"20842e5\" data-element_type=\"section\" data-settings=\"{&quot;jet_parallax_layout_list&quot;:[]}\">\n\t\t\t\t\t\t<div class=\"elementor-container elementor-column-gap-default\">\n\t\t\t\t\t<div class=\"elementor-column elementor-col-100 elementor-top-column elementor-element elementor-element-032ae64\" data-id=\"032ae64\" data-element_type=\"column\">\n\t\t\t<div class=\"elementor-widget-wrap elementor-element-populated\">\n\t\t\t\t\t\t<div class=\"elementor-element elementor-element-e47e7d6 elementor-widget elementor-widget-image\" data-id=\"e47e7d6\" data-element_type=\"widget\" data-widget_type=\"image.default\">\n\t\t\t\t<div class=\"elementor-widget-container\">\n\t\t\t\t\t\t\t\t\t\t\t\t\t\t\t<img loading=\"lazy\" decoding=\"async\" width=\"1024\" height=\"1024\" src=\"https:\/\/evibossanyi.com\/wp-content\/uploads\/2025\/08\/rotative-1-1024x1024.png\" class=\"attachment-large size-large wp-image-7571\" alt=\"\" srcset=\"https:\/\/evibossanyi.com\/wp-content\/uploads\/2025\/08\/rotative-1-1024x1024.png 1024w, https:\/\/evibossanyi.com\/wp-content\/uploads\/2025\/08\/rotative-1-300x300.png 300w, https:\/\/evibossanyi.com\/wp-content\/uploads\/2025\/08\/rotative-1-150x150.png 150w, https:\/\/evibossanyi.com\/wp-content\/uploads\/2025\/08\/rotative-1-768x768.png 768w, https:\/\/evibossanyi.com\/wp-content\/uploads\/2025\/08\/rotative-1-600x600.png 600w, https:\/\/evibossanyi.com\/wp-content\/uploads\/2025\/08\/rotative-1-100x100.png 100w, https:\/\/evibossanyi.com\/wp-content\/uploads\/2025\/08\/rotative-1-50x50.png 50w, https:\/\/evibossanyi.com\/wp-content\/uploads\/2025\/08\/rotative-1.png 1080w\" sizes=\"(max-width: 1024px) 100vw, 1024px\" \/>\t\t\t\t\t\t\t\t\t\t\t\t\t\t\t<\/div>\n\t\t\t\t<\/div>\n\t\t\t\t\t<\/div>\n\t\t<\/div>\n\t\t\t\t\t<\/div>\n\t\t<\/section>\n\t\t\t\t<section class=\"elementor-section elementor-top-section elementor-element elementor-element-b42e712 elementor-section-boxed elementor-section-height-default elementor-section-height-default\" data-id=\"b42e712\" data-element_type=\"section\" data-settings=\"{&quot;jet_parallax_layout_list&quot;:[]}\">\n\t\t\t\t\t\t<div class=\"elementor-container elementor-column-gap-default\">\n\t\t\t\t\t<div class=\"elementor-column elementor-col-100 elementor-top-column elementor-element elementor-element-b285f05\" data-id=\"b285f05\" data-element_type=\"column\">\n\t\t\t<div class=\"elementor-widget-wrap elementor-element-populated\">\n\t\t\t\t\t\t<div class=\"elementor-element elementor-element-95d7b4b elementor-widget elementor-widget-heading\" data-id=\"95d7b4b\" data-element_type=\"widget\" data-widget_type=\"heading.default\">\n\t\t\t\t<div class=\"elementor-widget-container\">\n\t\t\t\t\t<h2 class=\"elementor-heading-title elementor-size-default\">Il Novecento: la stampa tra libert\u00e0 e propaganda<\/h2>\t\t\t\t<\/div>\n\t\t\t\t<\/div>\n\t\t\t\t\t<\/div>\n\t\t<\/div>\n\t\t\t\t\t<\/div>\n\t\t<\/section>\n\t\t\t\t<section class=\"elementor-section elementor-top-section elementor-element elementor-element-6f2b6a2 elementor-section-boxed elementor-section-height-default elementor-section-height-default\" data-id=\"6f2b6a2\" data-element_type=\"section\" data-settings=\"{&quot;jet_parallax_layout_list&quot;:[]}\">\n\t\t\t\t\t\t<div class=\"elementor-container elementor-column-gap-default\">\n\t\t\t\t\t<div class=\"elementor-column elementor-col-100 elementor-top-column elementor-element elementor-element-39a0d16\" data-id=\"39a0d16\" data-element_type=\"column\">\n\t\t\t<div class=\"elementor-widget-wrap\">\n\t\t\t\t\t\t\t<\/div>\n\t\t<\/div>\n\t\t\t\t\t<\/div>\n\t\t<\/section>\n\t\t\t\t<section class=\"elementor-section elementor-top-section elementor-element elementor-element-26acca4 elementor-section-boxed elementor-section-height-default elementor-section-height-default\" data-id=\"26acca4\" data-element_type=\"section\" data-settings=\"{&quot;jet_parallax_layout_list&quot;:[]}\">\n\t\t\t\t\t\t<div class=\"elementor-container elementor-column-gap-default\">\n\t\t\t\t\t<div class=\"elementor-column elementor-col-100 elementor-top-column elementor-element elementor-element-350513f\" data-id=\"350513f\" data-element_type=\"column\">\n\t\t\t<div class=\"elementor-widget-wrap elementor-element-populated\">\n\t\t\t\t\t\t<div class=\"elementor-element elementor-element-ac3f994 elementor-widget elementor-widget-text-editor\" data-id=\"ac3f994\" data-element_type=\"widget\" data-widget_type=\"text-editor.default\">\n\t\t\t\t<div class=\"elementor-widget-container\">\n\t\t\t\t\t\t\t\t\t<p>Il XX secolo \u00e8 segnato da grandi trasformazioni e da una crescente importanza della stampa nella vita democratica. I giornali svolgono un ruolo chiave durante le guerre mondiali, sia come strumenti di propaganda sia come veicoli di informazione. Il rapporto tra stampa e potere si fa complesso: da un lato, i quotidiani contribuiscono alla formazione di un\u2019opinione pubblica autonoma; dall\u2019altro, subiscono spesso pressioni e censure da parte dei regimi totalitari.<\/p><p>L\u2019invenzione della radio e, successivamente, della televisione, rappresenta una sfida ma anche uno stimolo all\u2019innovazione per la carta stampata: i giornalisti devono adattare linguaggi e strategie narrative tutte nuove.<\/p>\t\t\t\t\t\t\t\t<\/div>\n\t\t\t\t<\/div>\n\t\t\t\t\t<\/div>\n\t\t<\/div>\n\t\t\t\t\t<\/div>\n\t\t<\/section>\n\t\t\t\t<section class=\"elementor-section elementor-top-section elementor-element elementor-element-08c2bbb elementor-section-boxed elementor-section-height-default elementor-section-height-default\" data-id=\"08c2bbb\" data-element_type=\"section\" data-settings=\"{&quot;jet_parallax_layout_list&quot;:[]}\">\n\t\t\t\t\t\t<div class=\"elementor-container elementor-column-gap-default\">\n\t\t\t\t\t<div class=\"elementor-column elementor-col-100 elementor-top-column elementor-element elementor-element-5a2f551\" data-id=\"5a2f551\" data-element_type=\"column\">\n\t\t\t<div class=\"elementor-widget-wrap elementor-element-populated\">\n\t\t\t\t\t\t<div class=\"elementor-element elementor-element-a8d9e5e elementor-widget elementor-widget-heading\" data-id=\"a8d9e5e\" data-element_type=\"widget\" data-widget_type=\"heading.default\">\n\t\t\t\t<div class=\"elementor-widget-container\">\n\t\t\t\t\t<h2 class=\"elementor-heading-title elementor-size-default\">Dalla seconda met\u00e0 del Novecento all\u2019era digitale<\/h2>\t\t\t\t<\/div>\n\t\t\t\t<\/div>\n\t\t\t\t\t<\/div>\n\t\t<\/div>\n\t\t\t\t\t<\/div>\n\t\t<\/section>\n\t\t\t\t<section class=\"elementor-section elementor-top-section elementor-element elementor-element-afa73c6 elementor-section-boxed elementor-section-height-default elementor-section-height-default\" data-id=\"afa73c6\" data-element_type=\"section\" data-settings=\"{&quot;jet_parallax_layout_list&quot;:[]}\">\n\t\t\t\t\t\t<div class=\"elementor-container elementor-column-gap-default\">\n\t\t\t\t\t<div class=\"elementor-column elementor-col-100 elementor-top-column elementor-element elementor-element-eb41485\" data-id=\"eb41485\" data-element_type=\"column\">\n\t\t\t<div class=\"elementor-widget-wrap elementor-element-populated\">\n\t\t\t\t\t\t<div class=\"elementor-element elementor-element-2a9d035 elementor-widget elementor-widget-text-editor\" data-id=\"2a9d035\" data-element_type=\"widget\" data-widget_type=\"text-editor.default\">\n\t\t\t\t<div class=\"elementor-widget-container\">\n\t\t\t\t\t\t\t\t\t<p>Negli anni Sessanta e Settanta, la stampa vede l\u2019affermarsi di nuove testate, l\u2019emergere di una stampa indipendente e la nascita di rubriche specializzate. Con l\u2019avvento dei computer e delle reti telematiche, i giornali iniziano a sperimentare le prime forme di editoria elettronica. L\u2019arrivo di Internet negli anni Novanta segna una svolta epocale: nascono le edizioni online dei quotidiani, le notizie sono accessibili in tempo reale e la figura stessa del lettore cambia.<\/p>\t\t\t\t\t\t\t\t<\/div>\n\t\t\t\t<\/div>\n\t\t\t\t\t<\/div>\n\t\t<\/div>\n\t\t\t\t\t<\/div>\n\t\t<\/section>\n\t\t\t\t<section class=\"elementor-section elementor-top-section elementor-element elementor-element-c0c903c elementor-section-boxed elementor-section-height-default elementor-section-height-default\" data-id=\"c0c903c\" data-element_type=\"section\" data-settings=\"{&quot;jet_parallax_layout_list&quot;:[]}\">\n\t\t\t\t\t\t<div class=\"elementor-container elementor-column-gap-default\">\n\t\t\t\t\t<div class=\"elementor-column elementor-col-100 elementor-top-column elementor-element elementor-element-e8fd941\" data-id=\"e8fd941\" data-element_type=\"column\">\n\t\t\t<div class=\"elementor-widget-wrap elementor-element-populated\">\n\t\t\t\t\t\t<div class=\"elementor-element elementor-element-c9d42cf elementor-widget elementor-widget-image\" data-id=\"c9d42cf\" data-element_type=\"widget\" data-widget_type=\"image.default\">\n\t\t\t\t<div class=\"elementor-widget-container\">\n\t\t\t\t\t\t\t\t\t\t\t\t\t\t\t<img loading=\"lazy\" decoding=\"async\" width=\"1024\" height=\"1024\" src=\"https:\/\/evibossanyi.com\/wp-content\/uploads\/2025\/08\/tablet-1024x1024.png\" class=\"attachment-large size-large wp-image-7573\" alt=\"\" srcset=\"https:\/\/evibossanyi.com\/wp-content\/uploads\/2025\/08\/tablet-1024x1024.png 1024w, https:\/\/evibossanyi.com\/wp-content\/uploads\/2025\/08\/tablet-300x300.png 300w, https:\/\/evibossanyi.com\/wp-content\/uploads\/2025\/08\/tablet-150x150.png 150w, https:\/\/evibossanyi.com\/wp-content\/uploads\/2025\/08\/tablet-768x768.png 768w, https:\/\/evibossanyi.com\/wp-content\/uploads\/2025\/08\/tablet-600x600.png 600w, https:\/\/evibossanyi.com\/wp-content\/uploads\/2025\/08\/tablet-100x100.png 100w, https:\/\/evibossanyi.com\/wp-content\/uploads\/2025\/08\/tablet-50x50.png 50w, https:\/\/evibossanyi.com\/wp-content\/uploads\/2025\/08\/tablet.png 1080w\" sizes=\"(max-width: 1024px) 100vw, 1024px\" \/>\t\t\t\t\t\t\t\t\t\t\t\t\t\t\t<\/div>\n\t\t\t\t<\/div>\n\t\t\t\t\t<\/div>\n\t\t<\/div>\n\t\t\t\t\t<\/div>\n\t\t<\/section>\n\t\t\t\t<section class=\"elementor-section elementor-top-section elementor-element elementor-element-577f554 elementor-section-boxed elementor-section-height-default elementor-section-height-default\" data-id=\"577f554\" data-element_type=\"section\" data-settings=\"{&quot;jet_parallax_layout_list&quot;:[]}\">\n\t\t\t\t\t\t<div class=\"elementor-container elementor-column-gap-default\">\n\t\t\t\t\t<div class=\"elementor-column elementor-col-100 elementor-top-column elementor-element elementor-element-bf631e9\" data-id=\"bf631e9\" data-element_type=\"column\">\n\t\t\t<div class=\"elementor-widget-wrap elementor-element-populated\">\n\t\t\t\t\t\t<div class=\"elementor-element elementor-element-8997396 elementor-widget elementor-widget-text-editor\" data-id=\"8997396\" data-element_type=\"widget\" data-widget_type=\"text-editor.default\">\n\t\t\t\t<div class=\"elementor-widget-container\">\n\t\t\t\t\t\t\t\t\t<p>La storia dei quotidiani e della stampa \u00e8 costellata di scoperte e innovazioni. I quotidiani, oggi come ieri, continuano a essere uno specchio delle societ\u00e0.<\/p>\t\t\t\t\t\t\t\t<\/div>\n\t\t\t\t<\/div>\n\t\t\t\t\t<\/div>\n\t\t<\/div>\n\t\t\t\t\t<\/div>\n\t\t<\/section>\n\t\t\t\t<\/div>\n\t\t","protected":false},"excerpt":{"rendered":"<p>L\u2019intreccio con le cannucce di carta di giornale \u00e8 un connubio tra l\u2019antica arte dell\u2019intreccio e il riciclo creativo. In questo articolo vorrei farti conoscere la storia della nostra materia prima: i quotidiani. Quando sono nati, come si sono sviluppati e la loro trasformazione con l\u2019avvento del digitale. La storia dei quotidiani e della stampa [&hellip;]<\/p>\n","protected":false},"author":6,"featured_media":7557,"comment_status":"closed","ping_status":"closed","sticky":false,"template":"","format":"standard","meta":{"site-sidebar-layout":"default","site-content-layout":"","ast-site-content-layout":"default","site-content-style":"default","site-sidebar-style":"default","ast-global-header-display":"","ast-banner-title-visibility":"","ast-main-header-display":"","ast-hfb-above-header-display":"","ast-hfb-below-header-display":"","ast-hfb-mobile-header-display":"","site-post-title":"","ast-breadcrumbs-content":"","ast-featured-img":"","footer-sml-layout":"","theme-transparent-header-meta":"default","adv-header-id-meta":"","stick-header-meta":"default","header-above-stick-meta":"","header-main-stick-meta":"","header-below-stick-meta":"","astra-migrate-meta-layouts":"set","ast-page-background-enabled":"default","ast-page-background-meta":{"desktop":{"background-color":"","background-image":"","background-repeat":"repeat","background-position":"center center","background-size":"auto","background-attachment":"scroll","background-type":"","background-media":"","overlay-type":"","overlay-color":"","overlay-opacity":"","overlay-gradient":""},"tablet":{"background-color":"","background-image":"","background-repeat":"repeat","background-position":"center center","background-size":"auto","background-attachment":"scroll","background-type":"","background-media":"","overlay-type":"","overlay-color":"","overlay-opacity":"","overlay-gradient":""},"mobile":{"background-color":"","background-image":"","background-repeat":"repeat","background-position":"center center","background-size":"auto","background-attachment":"scroll","background-type":"","background-media":"","overlay-type":"","overlay-color":"","overlay-opacity":"","overlay-gradient":""}},"ast-content-background-meta":{"desktop":{"background-color":"var(--ast-global-color-5)","background-image":"","background-repeat":"repeat","background-position":"center center","background-size":"auto","background-attachment":"scroll","background-type":"","background-media":"","overlay-type":"","overlay-color":"","overlay-opacity":"","overlay-gradient":""},"tablet":{"background-color":"var(--ast-global-color-5)","background-image":"","background-repeat":"repeat","background-position":"center center","background-size":"auto","background-attachment":"scroll","background-type":"","background-media":"","overlay-type":"","overlay-color":"","overlay-opacity":"","overlay-gradient":""},"mobile":{"background-color":"var(--ast-global-color-5)","background-image":"","background-repeat":"repeat","background-position":"center center","background-size":"auto","background-attachment":"scroll","background-type":"","background-media":"","overlay-type":"","overlay-color":"","overlay-opacity":"","overlay-gradient":""}},"footnotes":""},"categories":[62,10],"tags":[121,126,123,124,127,125],"class_list":["post-7556","post","type-post","status-publish","format-standard","has-post-thumbnail","hentry","category-curiosita","category-intreccio-quotidiano","tag-cannucce-di-carta-di-giornale","tag-quotidiani","tag-riciclo","tag-riciclo-creativo","tag-stampa","tag-upcycling"],"_links":{"self":[{"href":"https:\/\/evibossanyi.com\/hu\/wp-json\/wp\/v2\/posts\/7556","targetHints":{"allow":["GET"]}}],"collection":[{"href":"https:\/\/evibossanyi.com\/hu\/wp-json\/wp\/v2\/posts"}],"about":[{"href":"https:\/\/evibossanyi.com\/hu\/wp-json\/wp\/v2\/types\/post"}],"author":[{"embeddable":true,"href":"https:\/\/evibossanyi.com\/hu\/wp-json\/wp\/v2\/users\/6"}],"replies":[{"embeddable":true,"href":"https:\/\/evibossanyi.com\/hu\/wp-json\/wp\/v2\/comments?post=7556"}],"version-history":[{"count":0,"href":"https:\/\/evibossanyi.com\/hu\/wp-json\/wp\/v2\/posts\/7556\/revisions"}],"wp:featuredmedia":[{"embeddable":true,"href":"https:\/\/evibossanyi.com\/hu\/wp-json\/wp\/v2\/media\/7557"}],"wp:attachment":[{"href":"https:\/\/evibossanyi.com\/hu\/wp-json\/wp\/v2\/media?parent=7556"}],"wp:term":[{"taxonomy":"category","embeddable":true,"href":"https:\/\/evibossanyi.com\/hu\/wp-json\/wp\/v2\/categories?post=7556"},{"taxonomy":"post_tag","embeddable":true,"href":"https:\/\/evibossanyi.com\/hu\/wp-json\/wp\/v2\/tags?post=7556"}],"curies":[{"name":"wp","href":"https:\/\/api.w.org\/{rel}","templated":true}]}}