{"id":7533,"date":"2025-08-11T11:45:26","date_gmt":"2025-08-11T09:45:26","guid":{"rendered":"https:\/\/evibossanyi.com\/?p=7533"},"modified":"2025-08-11T11:50:22","modified_gmt":"2025-08-11T09:50:22","slug":"lintreccio-con-le-cannucce-di-carta-di-giornale-dalla-creativita-popolare-allarte-del-riciclo","status":"publish","type":"post","link":"https:\/\/evibossanyi.com\/hu\/intreccio-quotidiano\/lintreccio-con-le-cannucce-di-carta-di-giornale-dalla-creativita-popolare-allarte-del-riciclo\/","title":{"rendered":"L\u2019intreccio con le cannucce di carta di giornale: dalla creativit\u00e0 popolare all\u2019arte del riciclo"},"content":{"rendered":"\t\t<div data-elementor-type=\"wp-post\" data-elementor-id=\"7533\" class=\"elementor elementor-7533\" data-elementor-post-type=\"post\">\n\t\t\t\t\t\t<section class=\"elementor-section elementor-top-section elementor-element elementor-element-13c1c2a elementor-section-boxed elementor-section-height-default elementor-section-height-default\" data-id=\"13c1c2a\" data-element_type=\"section\" data-settings=\"{&quot;jet_parallax_layout_list&quot;:[]}\">\n\t\t\t\t\t\t<div class=\"elementor-container elementor-column-gap-default\">\n\t\t\t\t\t<div class=\"elementor-column elementor-col-100 elementor-top-column elementor-element elementor-element-70708bf\" data-id=\"70708bf\" data-element_type=\"column\">\n\t\t\t<div class=\"elementor-widget-wrap elementor-element-populated\">\n\t\t\t\t\t\t<div class=\"elementor-element elementor-element-b7d856b elementor-widget elementor-widget-text-editor\" data-id=\"b7d856b\" data-element_type=\"widget\" data-widget_type=\"text-editor.default\">\n\t\t\t\t<div class=\"elementor-widget-container\">\n\t\t\t\t\t\t\t\t\t<p>L\u2019intreccio con le cannucce di carta di giornale \u00e8 una pratica che affonda le sue radici nella cultura della manualit\u00e0 popolare e nell\u2019ingegno delle persone comuni che, con pochi materiali a disposizione, hanno saputo trasformare oggetti quotidiani in elementi utili o decorativi. Questa tecnica, che oggi conosce una nuova primavera grazie al rinnovato interesse verso il riciclo creativo e la sostenibilit\u00e0 ambientale, racconta una storia fatta di povert\u00e0, resilienza, arte e innovazione.<\/p>\t\t\t\t\t\t\t\t<\/div>\n\t\t\t\t<\/div>\n\t\t\t\t<div class=\"elementor-element elementor-element-10c1fb6 elementor-widget elementor-widget-heading\" data-id=\"10c1fb6\" data-element_type=\"widget\" data-widget_type=\"heading.default\">\n\t\t\t\t<div class=\"elementor-widget-container\">\n\t\t\t\t\t<h2 class=\"elementor-heading-title elementor-size-default\">Origini della tecnica: l\u2019arte del \u201cfare con poco\u201d<\/h2>\t\t\t\t<\/div>\n\t\t\t\t<\/div>\n\t\t\t\t<div class=\"elementor-element elementor-element-499be21 elementor-widget elementor-widget-text-editor\" data-id=\"499be21\" data-element_type=\"widget\" data-widget_type=\"text-editor.default\">\n\t\t\t\t<div class=\"elementor-widget-container\">\n\t\t\t\t\t\t\t\t\t<p>Nel corso dei secoli, le persone hanno sempre dovuto trovare soluzioni per rispondere alle esigenze pratiche della vita quotidiana, spesso senza la disponibilit\u00e0 di materiali costosi. L\u2019intreccio con le cannucce di carta di giornale nasce proprio da questa necessit\u00e0: il riutilizzo della carta, e in particolare dei vecchi quotidiani, si inserisce in una lunga tradizione di riciclo domestico. Non si conosce una data precisa di nascita della tecnica, ma \u00e8 certo che essa si sia sviluppata in contesti dove la povert\u00e0 e la scarsit\u00e0 di risorse spingevano le persone a non buttare nulla, ma piuttosto a dare nuova vita agli oggetti.<\/p><p>In molte comunit\u00e0 rurali e urbane d\u2019Europa, gi\u00e0 tra la fine dell\u2019Ottocento e gli inizi del Novecento, si inizi\u00f2 a sperimentare l\u2019uso della carta di giornale per la realizzazione di oggetti destinati alla casa, come cesti, portavasi, sottobicchieri e persino piccoli mobili. Le cannucce, ricavate arrotolando strisce di carta su uno stuzzicadenti o un ferro sottile, venivano poi intrecciate seguendo le tecniche tradizionali dell\u2019intreccio, simili a quelle utilizzate per il vimine o il giunco.<\/p>\t\t\t\t\t\t\t\t<\/div>\n\t\t\t\t<\/div>\n\t\t\t\t<div class=\"elementor-element elementor-element-0be73d8 elementor-widget elementor-widget-image\" data-id=\"0be73d8\" data-element_type=\"widget\" data-widget_type=\"image.default\">\n\t\t\t\t<div class=\"elementor-widget-container\">\n\t\t\t\t\t\t\t\t\t\t\t\t\t\t\t<img fetchpriority=\"high\" decoding=\"async\" width=\"1024\" height=\"1024\" src=\"https:\/\/evibossanyi.com\/wp-content\/uploads\/2025\/08\/Spirale-1024x1024.png\" class=\"attachment-large size-large wp-image-7536\" alt=\"\" srcset=\"https:\/\/evibossanyi.com\/wp-content\/uploads\/2025\/08\/Spirale-1024x1024.png 1024w, https:\/\/evibossanyi.com\/wp-content\/uploads\/2025\/08\/Spirale-300x300.png 300w, https:\/\/evibossanyi.com\/wp-content\/uploads\/2025\/08\/Spirale-150x150.png 150w, https:\/\/evibossanyi.com\/wp-content\/uploads\/2025\/08\/Spirale-768x768.png 768w, https:\/\/evibossanyi.com\/wp-content\/uploads\/2025\/08\/Spirale-600x600.png 600w, https:\/\/evibossanyi.com\/wp-content\/uploads\/2025\/08\/Spirale-100x100.png 100w, https:\/\/evibossanyi.com\/wp-content\/uploads\/2025\/08\/Spirale-50x50.png 50w, https:\/\/evibossanyi.com\/wp-content\/uploads\/2025\/08\/Spirale.png 1080w\" sizes=\"(max-width: 1024px) 100vw, 1024px\" \/>\t\t\t\t\t\t\t\t\t\t\t\t\t\t\t<\/div>\n\t\t\t\t<\/div>\n\t\t\t\t<div class=\"elementor-element elementor-element-1d46ef1 elementor-widget elementor-widget-heading\" data-id=\"1d46ef1\" data-element_type=\"widget\" data-widget_type=\"heading.default\">\n\t\t\t\t<div class=\"elementor-widget-container\">\n\t\t\t\t\t<h2 class=\"elementor-heading-title elementor-size-default\">La diffusione nel Novecento<\/h2>\t\t\t\t<\/div>\n\t\t\t\t<\/div>\n\t\t\t\t<div class=\"elementor-element elementor-element-2d0e93c elementor-widget elementor-widget-text-editor\" data-id=\"2d0e93c\" data-element_type=\"widget\" data-widget_type=\"text-editor.default\">\n\t\t\t\t<div class=\"elementor-widget-container\">\n\t\t\t\t\t\t\t\t\t<p>Nel ventesimo secolo, l\u2019intreccio con le cannucce di carta conobbe un\u2019ampia diffusione, soprattutto nei periodi di crisi. Durante le guerre mondiali e la Grande Depressione, la mancanza di materiali tradizionali spinse molte famiglie a ingegnarsi con ci\u00f2 che avevano a disposizione. La carta di giornale, facilmente reperibile e poco costosa, divenne un materiale prezioso per la realizzazione di oggetti utili per la vita quotidiana.<\/p><p>In alcuni Paesi dell\u2019Est Europa, come la Polonia, la Russia e l\u2019Ucraina, questa tecnica fu particolarmente popolare e si svilupp\u00f2 in vere e proprie scuole di artigianato. Ancora oggi, in queste regioni, l\u2019intreccio con la carta rappresenta un\u2019importante fonte di reddito per molte famiglie e viene tramandato di generazione in generazione.<\/p>\t\t\t\t\t\t\t\t<\/div>\n\t\t\t\t<\/div>\n\t\t\t\t<div class=\"elementor-element elementor-element-7c4a8ce elementor-widget elementor-widget-heading\" data-id=\"7c4a8ce\" data-element_type=\"widget\" data-widget_type=\"heading.default\">\n\t\t\t\t<div class=\"elementor-widget-container\">\n\t\t\t\t\t<h2 class=\"elementor-heading-title elementor-size-default\">Il boom nell\u2019era del \u201cfai da te\u201d e del riciclo creativo<\/h2>\t\t\t\t<\/div>\n\t\t\t\t<\/div>\n\t\t\t\t<div class=\"elementor-element elementor-element-b219045 elementor-widget elementor-widget-text-editor\" data-id=\"b219045\" data-element_type=\"widget\" data-widget_type=\"text-editor.default\">\n\t\t\t\t<div class=\"elementor-widget-container\">\n\t\t\t\t\t\t\t\t\t<p>A partire dagli anni Settanta e Ottanta, con la rinascita dell\u2019interesse per le attivit\u00e0 manuali e il fai da te, l\u2019intreccio con le cannucce di giornale ha conosciuto una nuova stagione di popolarit\u00e0. Le riviste specializzate, i programmi televisivi e, pi\u00f9 recentemente, il web, hanno contribuito a diffondere tutorial, idee e ispirazioni per realizzare cesti, scatole, cornici, lampade e tanti altri oggetti decorativi.<\/p><p>La tecnica si \u00e8 evoluta: oltre ai semplici intrecci base, sono nate nuove varianti pi\u00f9 complesse, spesso arricchite da decorazioni, colorazioni e finiture protettive che rendono i manufatti pi\u00f9 resistenti e durevoli nel tempo. L\u2019attenzione verso il riciclo e la sostenibilit\u00e0 ha reso questa pratica un simbolo dell\u2019arte di \u201cdare nuova vita\u201d agli scarti, promuovendo un approccio creativo e consapevole al consumo.<\/p>\t\t\t\t\t\t\t\t<\/div>\n\t\t\t\t<\/div>\n\t\t\t\t<div class=\"elementor-element elementor-element-45bd870 elementor-widget elementor-widget-image\" data-id=\"45bd870\" data-element_type=\"widget\" data-widget_type=\"image.default\">\n\t\t\t\t<div class=\"elementor-widget-container\">\n\t\t\t\t\t\t\t\t\t\t\t\t\t\t\t<img decoding=\"async\" width=\"1024\" height=\"1024\" src=\"https:\/\/evibossanyi.com\/wp-content\/uploads\/2025\/08\/Cappello-2-1024x1024.png\" class=\"attachment-large size-large wp-image-7538\" alt=\"\" srcset=\"https:\/\/evibossanyi.com\/wp-content\/uploads\/2025\/08\/Cappello-2-1024x1024.png 1024w, https:\/\/evibossanyi.com\/wp-content\/uploads\/2025\/08\/Cappello-2-300x300.png 300w, https:\/\/evibossanyi.com\/wp-content\/uploads\/2025\/08\/Cappello-2-150x150.png 150w, https:\/\/evibossanyi.com\/wp-content\/uploads\/2025\/08\/Cappello-2-768x768.png 768w, https:\/\/evibossanyi.com\/wp-content\/uploads\/2025\/08\/Cappello-2-600x600.png 600w, https:\/\/evibossanyi.com\/wp-content\/uploads\/2025\/08\/Cappello-2-100x100.png 100w, https:\/\/evibossanyi.com\/wp-content\/uploads\/2025\/08\/Cappello-2-50x50.png 50w, https:\/\/evibossanyi.com\/wp-content\/uploads\/2025\/08\/Cappello-2.png 1080w\" sizes=\"(max-width: 1024px) 100vw, 1024px\" \/>\t\t\t\t\t\t\t\t\t\t\t\t\t\t\t<\/div>\n\t\t\t\t<\/div>\n\t\t\t\t<div class=\"elementor-element elementor-element-df70cd6 elementor-widget elementor-widget-heading\" data-id=\"df70cd6\" data-element_type=\"widget\" data-widget_type=\"heading.default\">\n\t\t\t\t<div class=\"elementor-widget-container\">\n\t\t\t\t\t<h2 class=\"elementor-heading-title elementor-size-default\">L\u2019intreccio come espressione artistica<\/h2>\t\t\t\t<\/div>\n\t\t\t\t<\/div>\n\t\t\t\t<div class=\"elementor-element elementor-element-c852718 elementor-widget elementor-widget-text-editor\" data-id=\"c852718\" data-element_type=\"widget\" data-widget_type=\"text-editor.default\">\n\t\t\t\t<div class=\"elementor-widget-container\">\n\t\t\t\t\t\t\t\t\t<p>Nel tempo, questa tecnica si \u00e8 arricchita di nuovi significati: dall\u2019utilit\u00e0 pratica si \u00e8 passati a una vera e propria forma d\u2019arte. Molti artisti hanno sperimentato con le cannucce di carta, realizzando opere che uniscono tradizione e innovazione, funzionalit\u00e0 ed estetica. Alcuni manufatti sono diventati elementi di design, esposti in mostre e gallerie d\u2019arte, a testimonianza della creativit\u00e0 che pu\u00f2 nascere dall\u2019umile carta di giornale.<\/p><p>In Italia, questa tecnica \u00e8 stata riscoperta soprattutto negli ultimi decenni grazie a laboratori creativi, workshop e associazioni che promuovono il riciclo e l\u2019artigianato sostenibile. Le cannucce di carta sono diventate protagoniste non solo di oggetti d\u2019uso comune, ma anche di vere e proprie installazioni artistiche, offrendo infinite possibilit\u00e0 espressive.<\/p><p>Anche io cerco di far conoscere sempre di pi\u00f9 questa bellissima tecnica. Tengo corsi e dimostrazioni nelle pi\u00f9 importanti fiere del settore hobby creativo, presso associazioni e privati. La divulgazione continua anche attraverso il mio sito internet, sul blog puoi leggere l\u2019articolo <a href=\"https:\/\/evibossanyi.com\/come-preparare-e-colorare-le-cannucce-di-carta-di-giornale\/\"><strong>Come preparare e colorare le cannucce di carta<\/strong><\/a>.\u00a0E visitando il mio shop puoi iscriverti al tutorial gratuito <a href=\"https:\/\/evibossanyi.com\/course\/guida-completa-della-preparazione-e-colorazione-delle-cannucce-di-carta-di-giornale\/\"><strong>Guida completa alla preparazione e colorazione delle cannucce di carta di giornale<\/strong><\/a>, dove troverai anche tanti <a href=\"https:\/\/evibossanyi.com\/corsi\/\"><strong>video tutorial<\/strong><\/a> per progetti semplici e alcuni che richiedono un po\u2019 pi\u00f9 di attenzione.<\/p>\t\t\t\t\t\t\t\t<\/div>\n\t\t\t\t<\/div>\n\t\t\t\t<div class=\"elementor-element elementor-element-0af2243 elementor-widget elementor-widget-image\" data-id=\"0af2243\" data-element_type=\"widget\" data-widget_type=\"image.default\">\n\t\t\t\t<div class=\"elementor-widget-container\">\n\t\t\t\t\t\t\t\t\t\t\t\t\t\t\t<img decoding=\"async\" width=\"1024\" height=\"1024\" src=\"https:\/\/evibossanyi.com\/wp-content\/uploads\/2025\/08\/Corsi-fiera-1024x1024.png\" class=\"attachment-large size-large wp-image-7540\" alt=\"\" srcset=\"https:\/\/evibossanyi.com\/wp-content\/uploads\/2025\/08\/Corsi-fiera-1024x1024.png 1024w, https:\/\/evibossanyi.com\/wp-content\/uploads\/2025\/08\/Corsi-fiera-300x300.png 300w, https:\/\/evibossanyi.com\/wp-content\/uploads\/2025\/08\/Corsi-fiera-150x150.png 150w, https:\/\/evibossanyi.com\/wp-content\/uploads\/2025\/08\/Corsi-fiera-768x768.png 768w, https:\/\/evibossanyi.com\/wp-content\/uploads\/2025\/08\/Corsi-fiera-600x600.png 600w, https:\/\/evibossanyi.com\/wp-content\/uploads\/2025\/08\/Corsi-fiera-100x100.png 100w, https:\/\/evibossanyi.com\/wp-content\/uploads\/2025\/08\/Corsi-fiera-50x50.png 50w, https:\/\/evibossanyi.com\/wp-content\/uploads\/2025\/08\/Corsi-fiera.png 1080w\" sizes=\"(max-width: 1024px) 100vw, 1024px\" \/>\t\t\t\t\t\t\t\t\t\t\t\t\t\t\t<\/div>\n\t\t\t\t<\/div>\n\t\t\t\t<div class=\"elementor-element elementor-element-d2d21c6 elementor-widget elementor-widget-heading\" data-id=\"d2d21c6\" data-element_type=\"widget\" data-widget_type=\"heading.default\">\n\t\t\t\t<div class=\"elementor-widget-container\">\n\t\t\t\t\t<h2 class=\"elementor-heading-title elementor-size-default\">Aspetti culturali e sociali<\/h2>\t\t\t\t<\/div>\n\t\t\t\t<\/div>\n\t\t\t\t<div class=\"elementor-element elementor-element-761d20d elementor-widget elementor-widget-text-editor\" data-id=\"761d20d\" data-element_type=\"widget\" data-widget_type=\"text-editor.default\">\n\t\t\t\t<div class=\"elementor-widget-container\">\n\t\t\t\t\t\t\t\t\t<p>L\u2019intreccio con le cannucce di carta di giornale rappresenta anche un\u2019importante occasione di socializzazione, trasmissione di saperi e inclusione. In molte comunit\u00e0, la realizzazione di oggetti intrecciati \u00e8 diventata parte di progetti di aggregazione sociale, educazione ambientale e inserimento lavorativo, soprattutto per persone in situazioni di difficolt\u00e0.<\/p><p>La semplicit\u00e0 dei materiali e la facilit\u00e0 d\u2019apprendimento rendono questa tecnica accessibile a tutti, dai bambini agli anziani, favorendo la condivisione e il dialogo tra generazioni. Inoltre, essa contribuisce a sensibilizzare sull\u2019importanza del riuso e della riduzione dei rifiuti, valori fondamentali per costruire una societ\u00e0 pi\u00f9 sostenibile e responsabile.<\/p>\t\t\t\t\t\t\t\t<\/div>\n\t\t\t\t<\/div>\n\t\t\t\t<div class=\"elementor-element elementor-element-37b59e7 elementor-widget elementor-widget-heading\" data-id=\"37b59e7\" data-element_type=\"widget\" data-widget_type=\"heading.default\">\n\t\t\t\t<div class=\"elementor-widget-container\">\n\t\t\t\t\t<h2 class=\"elementor-heading-title elementor-size-default\">Il futuro dell\u2019intreccio con carta di giornale<\/h2>\t\t\t\t<\/div>\n\t\t\t\t<\/div>\n\t\t\t\t<div class=\"elementor-element elementor-element-e8a6283 elementor-widget elementor-widget-text-editor\" data-id=\"e8a6283\" data-element_type=\"widget\" data-widget_type=\"text-editor.default\">\n\t\t\t\t<div class=\"elementor-widget-container\">\n\t\t\t\t\t\t\t\t\t<p>Nonostante tutto, oggi, l\u2019intreccio con le cannucce di carta di giornale \u00e8 una pratica che guarda al futuro. Il crescente interesse per l\u2019eco-design e il riciclo creativo assicura che questa tecnica continuer\u00e0 a evolversi e a diffondersi, portando con s\u00e9 una storia fatta di rispetto per le risorse, fantasia e spirito di adattamento. L\u2019intreccio con le cannucce di carta di giornale rester\u00e0 cos\u00ec testimone di una cultura che sa trasformare la semplicit\u00e0 in bellezza e la necessit\u00e0 in arte.<\/p>\t\t\t\t\t\t\t\t<\/div>\n\t\t\t\t<\/div>\n\t\t\t\t<div class=\"elementor-element elementor-element-f1a1dda elementor-widget elementor-widget-image\" data-id=\"f1a1dda\" data-element_type=\"widget\" data-widget_type=\"image.default\">\n\t\t\t\t<div class=\"elementor-widget-container\">\n\t\t\t\t\t\t\t\t\t\t\t\t\t\t\t<img loading=\"lazy\" decoding=\"async\" width=\"1024\" height=\"1024\" src=\"https:\/\/evibossanyi.com\/wp-content\/uploads\/2025\/08\/Cactus-1024x1024.png\" class=\"attachment-large size-large wp-image-7542\" alt=\"\" srcset=\"https:\/\/evibossanyi.com\/wp-content\/uploads\/2025\/08\/Cactus-1024x1024.png 1024w, https:\/\/evibossanyi.com\/wp-content\/uploads\/2025\/08\/Cactus-300x300.png 300w, https:\/\/evibossanyi.com\/wp-content\/uploads\/2025\/08\/Cactus-150x150.png 150w, https:\/\/evibossanyi.com\/wp-content\/uploads\/2025\/08\/Cactus-768x768.png 768w, https:\/\/evibossanyi.com\/wp-content\/uploads\/2025\/08\/Cactus-600x600.png 600w, https:\/\/evibossanyi.com\/wp-content\/uploads\/2025\/08\/Cactus-100x100.png 100w, https:\/\/evibossanyi.com\/wp-content\/uploads\/2025\/08\/Cactus-50x50.png 50w, https:\/\/evibossanyi.com\/wp-content\/uploads\/2025\/08\/Cactus.png 1080w\" sizes=\"(max-width: 1024px) 100vw, 1024px\" \/>\t\t\t\t\t\t\t\t\t\t\t\t\t\t\t<\/div>\n\t\t\t\t<\/div>\n\t\t\t\t\t<\/div>\n\t\t<\/div>\n\t\t\t\t\t<\/div>\n\t\t<\/section>\n\t\t\t\t<\/div>\n\t\t","protected":false},"excerpt":{"rendered":"<p>L\u2019intreccio con le cannucce di carta di giornale \u00e8 una pratica che affonda le sue radici nella cultura della manualit\u00e0 popolare e nell\u2019ingegno delle persone comuni che, con pochi materiali a disposizione, hanno saputo trasformare oggetti quotidiani in elementi utili o decorativi. Questa tecnica, che oggi conosce una nuova primavera grazie al rinnovato interesse verso [&hellip;]<\/p>\n","protected":false},"author":6,"featured_media":7534,"comment_status":"closed","ping_status":"closed","sticky":false,"template":"","format":"standard","meta":{"site-sidebar-layout":"default","site-content-layout":"","ast-site-content-layout":"default","site-content-style":"default","site-sidebar-style":"default","ast-global-header-display":"","ast-banner-title-visibility":"","ast-main-header-display":"","ast-hfb-above-header-display":"","ast-hfb-below-header-display":"","ast-hfb-mobile-header-display":"","site-post-title":"","ast-breadcrumbs-content":"","ast-featured-img":"","footer-sml-layout":"","theme-transparent-header-meta":"default","adv-header-id-meta":"","stick-header-meta":"default","header-above-stick-meta":"","header-main-stick-meta":"","header-below-stick-meta":"","astra-migrate-meta-layouts":"set","ast-page-background-enabled":"default","ast-page-background-meta":{"desktop":{"background-color":"","background-image":"","background-repeat":"repeat","background-position":"center center","background-size":"auto","background-attachment":"scroll","background-type":"","background-media":"","overlay-type":"","overlay-color":"","overlay-opacity":"","overlay-gradient":""},"tablet":{"background-color":"","background-image":"","background-repeat":"repeat","background-position":"center center","background-size":"auto","background-attachment":"scroll","background-type":"","background-media":"","overlay-type":"","overlay-color":"","overlay-opacity":"","overlay-gradient":""},"mobile":{"background-color":"","background-image":"","background-repeat":"repeat","background-position":"center center","background-size":"auto","background-attachment":"scroll","background-type":"","background-media":"","overlay-type":"","overlay-color":"","overlay-opacity":"","overlay-gradient":""}},"ast-content-background-meta":{"desktop":{"background-color":"var(--ast-global-color-5)","background-image":"","background-repeat":"repeat","background-position":"center center","background-size":"auto","background-attachment":"scroll","background-type":"","background-media":"","overlay-type":"","overlay-color":"","overlay-opacity":"","overlay-gradient":""},"tablet":{"background-color":"var(--ast-global-color-5)","background-image":"","background-repeat":"repeat","background-position":"center center","background-size":"auto","background-attachment":"scroll","background-type":"","background-media":"","overlay-type":"","overlay-color":"","overlay-opacity":"","overlay-gradient":""},"mobile":{"background-color":"var(--ast-global-color-5)","background-image":"","background-repeat":"repeat","background-position":"center center","background-size":"auto","background-attachment":"scroll","background-type":"","background-media":"","overlay-type":"","overlay-color":"","overlay-opacity":"","overlay-gradient":""}},"footnotes":""},"categories":[10],"tags":[121,123,125],"class_list":["post-7533","post","type-post","status-publish","format-standard","has-post-thumbnail","hentry","category-intreccio-quotidiano","tag-cannucce-di-carta-di-giornale","tag-riciclo","tag-upcycling"],"_links":{"self":[{"href":"https:\/\/evibossanyi.com\/hu\/wp-json\/wp\/v2\/posts\/7533","targetHints":{"allow":["GET"]}}],"collection":[{"href":"https:\/\/evibossanyi.com\/hu\/wp-json\/wp\/v2\/posts"}],"about":[{"href":"https:\/\/evibossanyi.com\/hu\/wp-json\/wp\/v2\/types\/post"}],"author":[{"embeddable":true,"href":"https:\/\/evibossanyi.com\/hu\/wp-json\/wp\/v2\/users\/6"}],"replies":[{"embeddable":true,"href":"https:\/\/evibossanyi.com\/hu\/wp-json\/wp\/v2\/comments?post=7533"}],"version-history":[{"count":0,"href":"https:\/\/evibossanyi.com\/hu\/wp-json\/wp\/v2\/posts\/7533\/revisions"}],"wp:featuredmedia":[{"embeddable":true,"href":"https:\/\/evibossanyi.com\/hu\/wp-json\/wp\/v2\/media\/7534"}],"wp:attachment":[{"href":"https:\/\/evibossanyi.com\/hu\/wp-json\/wp\/v2\/media?parent=7533"}],"wp:term":[{"taxonomy":"category","embeddable":true,"href":"https:\/\/evibossanyi.com\/hu\/wp-json\/wp\/v2\/categories?post=7533"},{"taxonomy":"post_tag","embeddable":true,"href":"https:\/\/evibossanyi.com\/hu\/wp-json\/wp\/v2\/tags?post=7533"}],"curies":[{"name":"wp","href":"https:\/\/api.w.org\/{rel}","templated":true}]}}