{"id":6141,"date":"2023-07-31T13:28:44","date_gmt":"2023-07-31T13:28:44","guid":{"rendered":"https:\/\/evibossanyi.com\/?p=6141"},"modified":"2023-07-31T13:40:46","modified_gmt":"2023-07-31T13:40:46","slug":"arcobaleno-studi-simbolismo-e-curiosita","status":"publish","type":"post","link":"https:\/\/evibossanyi.com\/hu\/curiosita\/arcobaleno-studi-simbolismo-e-curiosita\/","title":{"rendered":"Arcobaleno: studi, simbolismo e curiosit\u00e0"},"content":{"rendered":"\t\t<div data-elementor-type=\"wp-post\" data-elementor-id=\"6141\" class=\"elementor elementor-6141\" data-elementor-post-type=\"post\">\n\t\t\t\t\t\t<section class=\"elementor-section elementor-top-section elementor-element elementor-element-9f268ea elementor-section-boxed elementor-section-height-default elementor-section-height-default\" data-id=\"9f268ea\" data-element_type=\"section\" data-settings=\"{&quot;jet_parallax_layout_list&quot;:[]}\">\n\t\t\t\t\t\t<div class=\"elementor-container elementor-column-gap-default\">\n\t\t\t\t\t<div class=\"elementor-column elementor-col-100 elementor-top-column elementor-element elementor-element-5dfb782\" data-id=\"5dfb782\" data-element_type=\"column\">\n\t\t\t<div class=\"elementor-widget-wrap elementor-element-populated\">\n\t\t\t\t\t\t<div class=\"elementor-element elementor-element-bdc717d elementor-widget elementor-widget-text-editor\" data-id=\"bdc717d\" data-element_type=\"widget\" data-widget_type=\"text-editor.default\">\n\t\t\t\t<div class=\"elementor-widget-container\">\n\t\t\t\t\t\t\t\t\t<p>I colori dell\u2019arcobaleno sono una delle tante meraviglie che la natura ci offre, quando questo fenomeno appare nel cielo non possiamo fare a meno di ammirarlo. Ma oltre ad essere bello l\u2019arcobaleno \u00e8 pieno di leggende e simbolismi fin da tempi molto antichi.<\/p>\t\t\t\t\t\t\t\t<\/div>\n\t\t\t\t<\/div>\n\t\t\t\t<div class=\"elementor-element elementor-element-dec8f1e elementor-widget elementor-widget-heading\" data-id=\"dec8f1e\" data-element_type=\"widget\" data-widget_type=\"heading.default\">\n\t\t\t\t<div class=\"elementor-widget-container\">\n\t\t\t\t\t<h2 class=\"elementor-heading-title elementor-size-default\">Come si forma l\u2019arcobaleno?<\/h2>\t\t\t\t<\/div>\n\t\t\t\t<\/div>\n\t\t\t\t<div class=\"elementor-element elementor-element-ca1e38e elementor-widget elementor-widget-text-editor\" data-id=\"ca1e38e\" data-element_type=\"widget\" data-widget_type=\"text-editor.default\">\n\t\t\t\t<div class=\"elementor-widget-container\">\n\t\t\t\t\t\t\t\t\t<p>L\u2019arcobaleno \u00e8 un fenomeno ottico causato dalla rifrazione e dalla dispersione della luce solare attraverso le goccioline d\u2019acqua presenti nell\u2019aria<\/p><p>Quando la luce bianca del sole attraversa una goccia d\u2019acqua, essa viene rifratta (deviata dalla sua traiettoria originale), viene quindi scomposta in diverse lunghezze d\u2019onda grazie all\u2019effetto della dispersione della luce.<\/p><p>Il processo di rifrazione e dispersione non avviene allo stesso modo per tutti i colori della luce visto che ciascun colore ha una lunghezza d\u2019onda diversa. I colori della luce che vengono deviati di pi\u00f9 all\u2019interno della goccia d\u2019acqua sono quelli con lunghezza d\u2019onda pi\u00f9 corta, mentre colori con la lunghezza d\u2019onda pi\u00f9 lunga vengono deviati meno.<\/p><p>Il rosso \u00e8 il primo colore dell\u2019arcobaleno perch\u00e9 ha la lunghezza d\u2019onda pi\u00f9 lunga, seguono l\u2019arancione, il giallo, il verde, Il blu, l\u2019indaco e per ultimo il violetto che ha la lunghezza d\u2019onda pi\u00f9 corta tra tutti.<\/p>\t\t\t\t\t\t\t\t<\/div>\n\t\t\t\t<\/div>\n\t\t\t\t<div class=\"elementor-element elementor-element-e6938a7 elementor-widget elementor-widget-image\" data-id=\"e6938a7\" data-element_type=\"widget\" data-widget_type=\"image.default\">\n\t\t\t\t<div class=\"elementor-widget-container\">\n\t\t\t\t\t\t\t\t\t\t\t\t\t\t\t<img fetchpriority=\"high\" decoding=\"async\" width=\"768\" height=\"768\" src=\"https:\/\/evibossanyi.com\/wp-content\/uploads\/2023\/07\/Fonte-www.treccani.it_-768x768.png\" class=\"attachment-medium_large size-medium_large wp-image-6165\" alt=\"\" srcset=\"https:\/\/evibossanyi.com\/wp-content\/uploads\/2023\/07\/Fonte-www.treccani.it_-768x768.png 768w, https:\/\/evibossanyi.com\/wp-content\/uploads\/2023\/07\/Fonte-www.treccani.it_-300x300.png 300w, https:\/\/evibossanyi.com\/wp-content\/uploads\/2023\/07\/Fonte-www.treccani.it_-1024x1024.png 1024w, https:\/\/evibossanyi.com\/wp-content\/uploads\/2023\/07\/Fonte-www.treccani.it_-150x150.png 150w, https:\/\/evibossanyi.com\/wp-content\/uploads\/2023\/07\/Fonte-www.treccani.it_.png 1080w\" sizes=\"(max-width: 768px) 100vw, 768px\" \/>\t\t\t\t\t\t\t\t\t\t\t\t\t\t\t<\/div>\n\t\t\t\t<\/div>\n\t\t\t\t<div class=\"elementor-element elementor-element-9f737a4 elementor-widget elementor-widget-heading\" data-id=\"9f737a4\" data-element_type=\"widget\" data-widget_type=\"heading.default\">\n\t\t\t\t<div class=\"elementor-widget-container\">\n\t\t\t\t\t<h2 class=\"elementor-heading-title elementor-size-default\">Studi sull\u2019arcobaleno<\/h2>\t\t\t\t<\/div>\n\t\t\t\t<\/div>\n\t\t\t\t<div class=\"elementor-element elementor-element-5df340a elementor-widget elementor-widget-text-editor\" data-id=\"5df340a\" data-element_type=\"widget\" data-widget_type=\"text-editor.default\">\n\t\t\t\t<div class=\"elementor-widget-container\">\n\t\t\t\t\t\t\t\t\t<p>Si pensa che siano stati l&#8217;astronomo persiano Qutb al-Din al-Shirazi (1236\u20131311) o forse il suo allievo Kamal al-din al-Farisi (1260\u20131320) ad aver dato per primi una descrizione abbastanza accurata del fenomeno dell&#8217;arcobaleno.<\/p><p>Nel corso dei secoli ci sono stati vari studiosi delle scienze che hanno studiato il fenomeno della rifrazione della luce fino ad arrivare al 1666 quando <em><strong>Isaac Newton<\/strong><\/em> condusse esperimenti sulla rifrazione delle luci colorate. Newton nel 1672 divise lo spettro in cinque colori principali: rosso, giallo, verde, blu e viola. Successivamente aggiunse l\u2019arancione e l\u2019indaco, contando quindi sette colori.\u00a0\u00a0<\/p><p>Newton scelse di dividere lo spettro visibile in sette colori per una convinzione derivata dalle credenze degli antichi greci. Essi pensavano ci fosse una connessione tra i colori, le note musicali, gli oggetti conosciuti nel Sistema Solare e i giorni della settimana. Da questi studi svilupp\u00f2<strong><a href=\"https:\/\/evibossanyi.com\/il-mondo-dei-colori\/dalla-visione-e-percezione-alla-teoria-dei-colori\/\"> la prima ruota dei colori<\/a><\/strong>.<\/p><p>Dopo di lui Thomas Young, all\u2019inizio del XIX secolo, cap\u00ec che la luce si comportava come un\u2019onda e poteva interferire con se stessa creando due o pi\u00f9 arcobaleni.<\/p><p>Nel 1820 George Biddell Airy, spieg\u00f2 come la forza dei colori dell&#8217;arcobaleno dipendesse dalla dimensione delle gocce di acqua.<\/p>\t\t\t\t\t\t\t\t<\/div>\n\t\t\t\t<\/div>\n\t\t\t\t<div class=\"elementor-element elementor-element-e7a09fd elementor-widget elementor-widget-image\" data-id=\"e7a09fd\" data-element_type=\"widget\" data-widget_type=\"image.default\">\n\t\t\t\t<div class=\"elementor-widget-container\">\n\t\t\t\t\t\t\t\t\t\t\t\t\t\t\t<img decoding=\"async\" width=\"1024\" height=\"1024\" src=\"https:\/\/evibossanyi.com\/wp-content\/uploads\/2023\/07\/Fonte-web-1-1024x1024.png\" class=\"attachment-large size-large wp-image-6148\" alt=\"\" srcset=\"https:\/\/evibossanyi.com\/wp-content\/uploads\/2023\/07\/Fonte-web-1-1024x1024.png 1024w, https:\/\/evibossanyi.com\/wp-content\/uploads\/2023\/07\/Fonte-web-1-300x300.png 300w, https:\/\/evibossanyi.com\/wp-content\/uploads\/2023\/07\/Fonte-web-1-150x150.png 150w, https:\/\/evibossanyi.com\/wp-content\/uploads\/2023\/07\/Fonte-web-1-768x768.png 768w, https:\/\/evibossanyi.com\/wp-content\/uploads\/2023\/07\/Fonte-web-1.png 1080w\" sizes=\"(max-width: 1024px) 100vw, 1024px\" \/>\t\t\t\t\t\t\t\t\t\t\t\t\t\t\t<\/div>\n\t\t\t\t<\/div>\n\t\t\t\t\t<\/div>\n\t\t<\/div>\n\t\t\t\t\t<\/div>\n\t\t<\/section>\n\t\t\t\t<section class=\"elementor-section elementor-top-section elementor-element elementor-element-2519c9c elementor-section-boxed elementor-section-height-default elementor-section-height-default\" data-id=\"2519c9c\" data-element_type=\"section\" data-settings=\"{&quot;jet_parallax_layout_list&quot;:[]}\">\n\t\t\t\t\t\t<div class=\"elementor-container elementor-column-gap-default\">\n\t\t\t\t\t<div class=\"elementor-column elementor-col-100 elementor-top-column elementor-element elementor-element-ccd25c7\" data-id=\"ccd25c7\" data-element_type=\"column\">\n\t\t\t<div class=\"elementor-widget-wrap elementor-element-populated\">\n\t\t\t\t\t\t<div class=\"elementor-element elementor-element-e0f2f86 elementor-widget elementor-widget-heading\" data-id=\"e0f2f86\" data-element_type=\"widget\" data-widget_type=\"heading.default\">\n\t\t\t\t<div class=\"elementor-widget-container\">\n\t\t\t\t\t<h2 class=\"elementor-heading-title elementor-size-default\">La leggenda del Ponte dell\u2019Arcobaleno<\/h2>\t\t\t\t<\/div>\n\t\t\t\t<\/div>\n\t\t\t\t<div class=\"elementor-element elementor-element-4568497 elementor-widget elementor-widget-text-editor\" data-id=\"4568497\" data-element_type=\"widget\" data-widget_type=\"text-editor.default\">\n\t\t\t\t<div class=\"elementor-widget-container\">\n\t\t\t\t\t\t\t\t\t<p>Questa leggenda strappa lacrime sembra sia arrivata ai nostri tempi da alcune trib\u00f9 degli Indiani d\u2019America.<\/p><p>\u201cProprio alle soglie del Paradiso esiste un luogo chiamato il Ponte dell\u2019Arcobaleno.<\/p><p>Quando muore un animale che ci \u00e8 stato particolarmente vicino sulla terra, quella creatura va al Ponte dell\u2019Arcobaleno.<\/p><p>\u00c8 un posto bellissimo dove l\u2019erba \u00e8 sempre fresca e profumata, i ruscelli scorrono tra colline ed alberi ed i nostri amici a quattro zampe possono correre e giocare insieme.<\/p><p>Trovano sempre il loro cibo preferito, l\u2019acqua fresca per dissetarsi ed il sole splendente per riscaldarsi, e cos\u00ec i nostri cari amici sono felici: se in vita erano malati o vecchi qui ritrovano salute e giovent\u00f9, se erano menomati o infermi qui ritornano ad essere sani e forti cos\u00ec come li ricordiamo nei nostri sogni di tempi e giorni ormai passati\u2026<\/p><p>Qui i nostri amici che abbiamo tanto amato stanno bene, eccetto che per una piccola cosa, ognuno di loro sente la mancanza di qualcuno molto speciale che ha dovuto lasciarsi indietro\u2026<\/p><p>Cos\u00ec accade di vedere che durante il gioco qualcuno di loro si fermi improvvisamente e scruti oltre la collina, tutti i suoi sensi sono in allerta, i suoi occhi si illuminano e le sue zampe iniziano a correre velocemente verso l\u2019orizzonte, sempre pi\u00f9 veloce\u2026<\/p><p>Ti ha riconosciuto e quando finalmente sarete insieme,<\/p><p>lo stringerai tra le braccia con grande gioia, una pioggia di baci felici bagner\u00e0 il tuo viso, le tue mani accarezzeranno di nuovo l\u2019amata testolina e i tuoi occhi incontreranno di nuovo i suoi sinceri che tanto ti hanno cercato, per tanto tempo assenti dalla tua vita, ma mai dal tuo cuore..<\/p><p>E allora insieme attraverserete il Ponte dell\u2019Arcobaleno per non lasciarvi mai pi\u00f9\u2026\u201d<\/p>\t\t\t\t\t\t\t\t<\/div>\n\t\t\t\t<\/div>\n\t\t\t\t<div class=\"elementor-element elementor-element-7f3f7fa elementor-widget elementor-widget-image\" data-id=\"7f3f7fa\" data-element_type=\"widget\" data-widget_type=\"image.default\">\n\t\t\t\t<div class=\"elementor-widget-container\">\n\t\t\t\t\t\t\t\t\t\t\t\t\t\t\t<img decoding=\"async\" width=\"1024\" height=\"1024\" src=\"https:\/\/evibossanyi.com\/wp-content\/uploads\/2023\/07\/Fonte-web-2-1024x1024.png\" class=\"attachment-large size-large wp-image-6152\" alt=\"\" srcset=\"https:\/\/evibossanyi.com\/wp-content\/uploads\/2023\/07\/Fonte-web-2-1024x1024.png 1024w, https:\/\/evibossanyi.com\/wp-content\/uploads\/2023\/07\/Fonte-web-2-300x300.png 300w, https:\/\/evibossanyi.com\/wp-content\/uploads\/2023\/07\/Fonte-web-2-150x150.png 150w, https:\/\/evibossanyi.com\/wp-content\/uploads\/2023\/07\/Fonte-web-2-768x768.png 768w, https:\/\/evibossanyi.com\/wp-content\/uploads\/2023\/07\/Fonte-web-2.png 1080w\" sizes=\"(max-width: 1024px) 100vw, 1024px\" \/>\t\t\t\t\t\t\t\t\t\t\t\t\t\t\t<\/div>\n\t\t\t\t<\/div>\n\t\t\t\t<div class=\"elementor-element elementor-element-9e52bb8 elementor-widget elementor-widget-heading\" data-id=\"9e52bb8\" data-element_type=\"widget\" data-widget_type=\"heading.default\">\n\t\t\t\t<div class=\"elementor-widget-container\">\n\t\t\t\t\t<h2 class=\"elementor-heading-title elementor-size-default\">Significato e simbolismo dell\u2019arcobaleno<\/h2>\t\t\t\t<\/div>\n\t\t\t\t<\/div>\n\t\t\t\t<div class=\"elementor-element elementor-element-bfd4cbe elementor-widget elementor-widget-text-editor\" data-id=\"bfd4cbe\" data-element_type=\"widget\" data-widget_type=\"text-editor.default\">\n\t\t\t\t<div class=\"elementor-widget-container\">\n\t\t\t\t\t\t\t\t\t<p>L\u2019arcobaleno \u00e8 associato ad un significato molto benevolo e positivo per l\u2019uomo. \u00c8 come se, dopo un temporale nella propria vita, si guardasse in modo colorato e positivo al futuro accettando le nuove sfide con pi\u00f9 fiducia.<\/p><p>Anche nel passato si associavano significati importanti all\u2019arcobaleno.<\/p><p>Nella <strong>Genesi<\/strong>, l\u2019arcobaleno compare per la prima volta dopo il diluvio universale, sorprendendo No\u00e8. Rappresenta il patto tra Dio e l\u2019umanit\u00e0, simbolo di pace e prosperit\u00e0.<\/p><p>Per gli <strong>antichi Arabi<\/strong> era un regalo del vento del Sud.<\/p><p>Per gli <strong>egizi<\/strong> i colori dell\u2019arcobaleno rappresentavano le sette stole di Iside.<\/p><p>Per i <strong>babilonesi<\/strong> erano la collana di Ishtar tempestata di pietre iridate.<\/p><p>I <strong>Greci<\/strong> erano soliti associare l\u2019arcobaleno alla Dea Iris, la divinit\u00e0 incaricata di trasportare i messaggi degli Dei ai mortali.<\/p><p>I <strong>Romani<\/strong> pensavano fosse il cammino percorso da Mercurio.<\/p><p>Alcune trib\u00f9 di <strong>Nativi Americani<\/strong> credevano che rappresentasse un ponte per l\u2019Aldil\u00e0<\/p><p>Per i <strong>Cherokee<\/strong>, l\u2019arcobaleno era l\u2019orlo del cappotto di Dio.<\/p><p>Per i <strong>Maya<\/strong> l\u2019arrivo dell\u2019arcobaleno significava che la collera degli Dei si era placata.<\/p><p>Nella <strong>tradizione norrena<\/strong>, dove i colori sono 3, era il cammino di reali, Dei e guerrieri caduti in battaglia.<\/p><p>Nell\u2019<strong>Islam<\/strong>, l\u2019arcobaleno \u00e8 costituito da blu, verde, rosso e giallo, simboli dei 4 elementi acqua, terra, fuoco, aria.<\/p><p>I<strong> Buddisti<\/strong> pensavano che avesse 7 colori come i 7 continenti.<\/p><p>In <strong>Tibet<\/strong> si credeva che rappresentasse il legame tra cielo e Terra. Leggenda vuole che attraverso una scala scesero i primi sovrani del regno (tra cui Buddha) e alla loro morte i loro corpi si trasformavano in arcobaleni tornando nel regno dei cieli.<\/p><p>Secondo le antiche popolazioni di <strong>Honduras<\/strong> e <strong>Nicaragua<\/strong>, era il simbolo del Diavolo. Nella <strong>cultura<\/strong> <strong>amazzonica<\/strong> provocava aborti e disordini della pelle.<\/p><p>I <strong>Cinesi<\/strong> credevano che fosse una frattura nel cielo, tenuta aperta dalla Dea N\u00fcwa utilizzando pietre di diversi colori.<\/p><p>Per gli <strong>hindu<\/strong> l\u2019arcobaleno \u00e8 Indradhanush, cio\u00e8 l\u2019arco di Indra, il dio del fulmine e del tuono.<\/p><p>Infine, nella <strong>mitologia irlandese<\/strong> c\u2019\u00e8 la leggenda del Leprechaun, il folletto dal cappello verde che di professione fa il ciabattino ed \u00e8 il custode del tesoro delle fate. Si dice che dove finisce l\u2019arcobaleno ci sia una pentola piena d\u2019oro nascosta dallo gnomo.<\/p>\t\t\t\t\t\t\t\t<\/div>\n\t\t\t\t<\/div>\n\t\t\t\t<div class=\"elementor-element elementor-element-53cb58c elementor-widget elementor-widget-image\" data-id=\"53cb58c\" data-element_type=\"widget\" data-widget_type=\"image.default\">\n\t\t\t\t<div class=\"elementor-widget-container\">\n\t\t\t\t\t\t\t\t\t\t\t\t\t\t\t<img loading=\"lazy\" decoding=\"async\" width=\"1024\" height=\"1024\" src=\"https:\/\/evibossanyi.com\/wp-content\/uploads\/2023\/07\/Fonte-web-3-1024x1024.png\" class=\"attachment-large size-large wp-image-6153\" alt=\"\" srcset=\"https:\/\/evibossanyi.com\/wp-content\/uploads\/2023\/07\/Fonte-web-3-1024x1024.png 1024w, https:\/\/evibossanyi.com\/wp-content\/uploads\/2023\/07\/Fonte-web-3-300x300.png 300w, https:\/\/evibossanyi.com\/wp-content\/uploads\/2023\/07\/Fonte-web-3-150x150.png 150w, https:\/\/evibossanyi.com\/wp-content\/uploads\/2023\/07\/Fonte-web-3-768x768.png 768w, https:\/\/evibossanyi.com\/wp-content\/uploads\/2023\/07\/Fonte-web-3.png 1080w\" sizes=\"(max-width: 1024px) 100vw, 1024px\" \/>\t\t\t\t\t\t\t\t\t\t\t\t\t\t\t<\/div>\n\t\t\t\t<\/div>\n\t\t\t\t<div class=\"elementor-element elementor-element-40c3083 elementor-widget elementor-widget-heading\" data-id=\"40c3083\" data-element_type=\"widget\" data-widget_type=\"heading.default\">\n\t\t\t\t<div class=\"elementor-widget-container\">\n\t\t\t\t\t<h2 class=\"elementor-heading-title elementor-size-default\">Musica e arcobaleno<\/h2>\t\t\t\t<\/div>\n\t\t\t\t<\/div>\n\t\t\t\t<div class=\"elementor-element elementor-element-a10cd56 elementor-widget elementor-widget-text-editor\" data-id=\"a10cd56\" data-element_type=\"widget\" data-widget_type=\"text-editor.default\">\n\t\t\t\t<div class=\"elementor-widget-container\">\n\t\t\t\t\t\t\t\t\t<p>Nel corso degli anni sono state scritte canzoni dedicate al fenomeno dell\u2019arcobaleno, da Adriano Celentano ad Elisa, da Eric Clapton ai Rolling Stones fino a Raf e Sia e tanti altri. Ma in ambito musicale l\u2019arcobaleno pi\u00f9 famoso \u00e8 quello della storica copertina di The dark side of the moon dei Pink Floyd.<\/p><p><img loading=\"lazy\" decoding=\"async\" class=\"size-medium wp-image-6154 aligncenter\" src=\"https:\/\/evibossanyi.com\/wp-content\/uploads\/2023\/07\/Fonte-web-4-300x300.png\" alt=\"\" width=\"300\" height=\"300\" srcset=\"https:\/\/evibossanyi.com\/wp-content\/uploads\/2023\/07\/Fonte-web-4-300x300.png 300w, https:\/\/evibossanyi.com\/wp-content\/uploads\/2023\/07\/Fonte-web-4-1024x1024.png 1024w, https:\/\/evibossanyi.com\/wp-content\/uploads\/2023\/07\/Fonte-web-4-150x150.png 150w, https:\/\/evibossanyi.com\/wp-content\/uploads\/2023\/07\/Fonte-web-4-768x768.png 768w, https:\/\/evibossanyi.com\/wp-content\/uploads\/2023\/07\/Fonte-web-4.png 1080w\" sizes=\"(max-width: 300px) 100vw, 300px\" \/><\/p>\t\t\t\t\t\t\t\t<\/div>\n\t\t\t\t<\/div>\n\t\t\t\t\t<\/div>\n\t\t<\/div>\n\t\t\t\t\t<\/div>\n\t\t<\/section>\n\t\t\t\t<section class=\"elementor-section elementor-top-section elementor-element elementor-element-b9ca0c8 elementor-section-boxed elementor-section-height-default elementor-section-height-default\" data-id=\"b9ca0c8\" data-element_type=\"section\" data-settings=\"{&quot;jet_parallax_layout_list&quot;:[]}\">\n\t\t\t\t\t\t<div class=\"elementor-container elementor-column-gap-default\">\n\t\t\t\t\t<div class=\"elementor-column elementor-col-100 elementor-top-column elementor-element elementor-element-1c30a76\" data-id=\"1c30a76\" data-element_type=\"column\">\n\t\t\t<div class=\"elementor-widget-wrap elementor-element-populated\">\n\t\t\t\t\t\t<div class=\"elementor-element elementor-element-341ab81 elementor-widget elementor-widget-text-editor\" data-id=\"341ab81\" data-element_type=\"widget\" data-widget_type=\"text-editor.default\">\n\t\t\t\t<div class=\"elementor-widget-container\">\n\t\t\t\t\t\t\t\t\t<p>L\u2019arcobaleno \u00e8 un fenomeno che ha sempre affascinato e lo far\u00e0 ancora nel corso degli anni. Quando, dopo un temporale, ne apparir\u00e0 uno in cielo saremo l\u00ec con il naso all\u2019ins\u00f9 per guardare e fotografare questo evento che ci dona gioia e pace.<\/p>\t\t\t\t\t\t\t\t<\/div>\n\t\t\t\t<\/div>\n\t\t\t\t\t<\/div>\n\t\t<\/div>\n\t\t\t\t\t<\/div>\n\t\t<\/section>\n\t\t\t\t<\/div>\n\t\t","protected":false},"excerpt":{"rendered":"<p>I colori dell\u2019arcobaleno sono una delle tante meraviglie che la natura ci offre, quando questo fenomeno appare nel cielo non possiamo fare a meno di ammirarlo. Ma oltre ad essere bello l\u2019arcobaleno \u00e8 pieno di leggende e simbolismi fin da tempi molto antichi. Come si forma l\u2019arcobaleno? L\u2019arcobaleno \u00e8 un fenomeno ottico causato dalla rifrazione [&hellip;]<\/p>\n","protected":false},"author":6,"featured_media":6142,"comment_status":"open","ping_status":"open","sticky":false,"template":"","format":"standard","meta":{"site-sidebar-layout":"default","site-content-layout":"default","ast-site-content-layout":"","site-content-style":"default","site-sidebar-style":"default","ast-global-header-display":"","ast-banner-title-visibility":"","ast-main-header-display":"","ast-hfb-above-header-display":"","ast-hfb-below-header-display":"","ast-hfb-mobile-header-display":"","site-post-title":"","ast-breadcrumbs-content":"","ast-featured-img":"","footer-sml-layout":"","theme-transparent-header-meta":"default","adv-header-id-meta":"","stick-header-meta":"default","header-above-stick-meta":"","header-main-stick-meta":"","header-below-stick-meta":"","astra-migrate-meta-layouts":"default","ast-page-background-enabled":"default","ast-page-background-meta":{"desktop":{"background-color":"","background-image":"","background-repeat":"repeat","background-position":"center center","background-size":"auto","background-attachment":"scroll","background-type":"","background-media":"","overlay-type":"","overlay-color":"","overlay-opacity":"","overlay-gradient":""},"tablet":{"background-color":"","background-image":"","background-repeat":"repeat","background-position":"center center","background-size":"auto","background-attachment":"scroll","background-type":"","background-media":"","overlay-type":"","overlay-color":"","overlay-opacity":"","overlay-gradient":""},"mobile":{"background-color":"","background-image":"","background-repeat":"repeat","background-position":"center center","background-size":"auto","background-attachment":"scroll","background-type":"","background-media":"","overlay-type":"","overlay-color":"","overlay-opacity":"","overlay-gradient":""}},"ast-content-background-meta":{"desktop":{"background-color":"var(--ast-global-color-5)","background-image":"","background-repeat":"repeat","background-position":"center center","background-size":"auto","background-attachment":"scroll","background-type":"","background-media":"","overlay-type":"","overlay-color":"","overlay-opacity":"","overlay-gradient":""},"tablet":{"background-color":"var(--ast-global-color-5)","background-image":"","background-repeat":"repeat","background-position":"center center","background-size":"auto","background-attachment":"scroll","background-type":"","background-media":"","overlay-type":"","overlay-color":"","overlay-opacity":"","overlay-gradient":""},"mobile":{"background-color":"var(--ast-global-color-5)","background-image":"","background-repeat":"repeat","background-position":"center center","background-size":"auto","background-attachment":"scroll","background-type":"","background-media":"","overlay-type":"","overlay-color":"","overlay-opacity":"","overlay-gradient":""}},"footnotes":""},"categories":[62,88],"tags":[],"class_list":["post-6141","post","type-post","status-publish","format-standard","has-post-thumbnail","hentry","category-curiosita","category-il-mondo-dei-colori"],"_links":{"self":[{"href":"https:\/\/evibossanyi.com\/hu\/wp-json\/wp\/v2\/posts\/6141","targetHints":{"allow":["GET"]}}],"collection":[{"href":"https:\/\/evibossanyi.com\/hu\/wp-json\/wp\/v2\/posts"}],"about":[{"href":"https:\/\/evibossanyi.com\/hu\/wp-json\/wp\/v2\/types\/post"}],"author":[{"embeddable":true,"href":"https:\/\/evibossanyi.com\/hu\/wp-json\/wp\/v2\/users\/6"}],"replies":[{"embeddable":true,"href":"https:\/\/evibossanyi.com\/hu\/wp-json\/wp\/v2\/comments?post=6141"}],"version-history":[{"count":0,"href":"https:\/\/evibossanyi.com\/hu\/wp-json\/wp\/v2\/posts\/6141\/revisions"}],"wp:featuredmedia":[{"embeddable":true,"href":"https:\/\/evibossanyi.com\/hu\/wp-json\/wp\/v2\/media\/6142"}],"wp:attachment":[{"href":"https:\/\/evibossanyi.com\/hu\/wp-json\/wp\/v2\/media?parent=6141"}],"wp:term":[{"taxonomy":"category","embeddable":true,"href":"https:\/\/evibossanyi.com\/hu\/wp-json\/wp\/v2\/categories?post=6141"},{"taxonomy":"post_tag","embeddable":true,"href":"https:\/\/evibossanyi.com\/hu\/wp-json\/wp\/v2\/tags?post=6141"}],"curies":[{"name":"wp","href":"https:\/\/api.w.org\/{rel}","templated":true}]}}