{"id":5571,"date":"2022-12-06T09:27:58","date_gmt":"2022-12-06T09:27:58","guid":{"rendered":"https:\/\/evibossanyi.com\/?p=5571"},"modified":"2022-12-06T12:22:25","modified_gmt":"2022-12-06T12:22:25","slug":"storia-e-tradizioni-di-babbo-natale","status":"publish","type":"post","link":"https:\/\/evibossanyi.com\/hu\/natale\/storia-e-tradizioni-di-babbo-natale\/","title":{"rendered":"Storia e tradizioni di Babbo Natale"},"content":{"rendered":"\t\t<div data-elementor-type=\"wp-post\" data-elementor-id=\"5571\" class=\"elementor elementor-5571\" data-elementor-post-type=\"post\">\n\t\t\t\t\t\t<section class=\"elementor-section elementor-top-section elementor-element elementor-element-01933d7 elementor-section-boxed elementor-section-height-default elementor-section-height-default\" data-id=\"01933d7\" data-element_type=\"section\" data-settings=\"{&quot;jet_parallax_layout_list&quot;:[]}\">\n\t\t\t\t\t\t<div class=\"elementor-container elementor-column-gap-default\">\n\t\t\t\t\t<div class=\"elementor-column elementor-col-100 elementor-top-column elementor-element elementor-element-cadb387\" data-id=\"cadb387\" data-element_type=\"column\">\n\t\t\t<div class=\"elementor-widget-wrap elementor-element-populated\">\n\t\t\t\t\t\t<div class=\"elementor-element elementor-element-0548957 elementor-widget elementor-widget-text-editor\" data-id=\"0548957\" data-element_type=\"widget\" data-widget_type=\"text-editor.default\">\n\t\t\t\t<div class=\"elementor-widget-container\">\n\t\t\t\t\t\t\t\t\t<p>Quando eravamo bambini stavamo alla finestra con lo sguardo al cielo ad aspettare che arrivasse Babbo Natale con le sue renne, ci addormentavamo e al mattino Lui era gi\u00e0 passato e i doni erano pronti sotto l\u2019albero.<\/p><p>Sai qual \u00e8 la storia dell\u2019omone buono con una folta barba bianca e il vestito rosso? \u00a0<\/p><p style=\"text-align: center;\">Leggila qui!<\/p>\t\t\t\t\t\t\t\t<\/div>\n\t\t\t\t<\/div>\n\t\t\t\t<div class=\"elementor-element elementor-element-09ac1e6 elementor-widget elementor-widget-heading\" data-id=\"09ac1e6\" data-element_type=\"widget\" data-widget_type=\"heading.default\">\n\t\t\t\t<div class=\"elementor-widget-container\">\n\t\t\t\t\t<h2 class=\"elementor-heading-title elementor-size-default\">Un po' di storia<\/h2>\t\t\t\t<\/div>\n\t\t\t\t<\/div>\n\t\t\t\t<div class=\"elementor-element elementor-element-f80e582 elementor-widget elementor-widget-text-editor\" data-id=\"f80e582\" data-element_type=\"widget\" data-widget_type=\"text-editor.default\">\n\t\t\t\t<div class=\"elementor-widget-container\">\n\t\t\t\t\t\t\t\t\t<p>Intanto iniziamo col dire che tutti i vari Babbo Natale moderni derivano da <em><strong>San Nicola\u00a0di\u00a0Myra<\/strong><\/em>, vescovo\u00a0cristiano del\u00a0IV secolo.\u00a0Myra, oggi Demre in Turchia, era una citt\u00e0 dell&#8217;Impero bizantino. \u00c8 ritenuto un santo benefattore e protettore, specialmente dei bambini.<\/p><p>L&#8217;appellativo Santa Claus deriva da\u00a0Sinterklaas, nome\u00a0olandese di San Nicola.<\/p>\t\t\t\t\t\t\t\t<\/div>\n\t\t\t\t<\/div>\n\t\t\t\t<div class=\"elementor-element elementor-element-0c302d3 elementor-widget elementor-widget-image\" data-id=\"0c302d3\" data-element_type=\"widget\" data-widget_type=\"image.default\">\n\t\t\t\t<div class=\"elementor-widget-container\">\n\t\t\t\t\t\t\t\t\t\t\t\t\t\t\t<img fetchpriority=\"high\" decoding=\"async\" width=\"1024\" height=\"1024\" src=\"https:\/\/evibossanyi.com\/wp-content\/uploads\/2022\/12\/San-Nicola-di-Myra-1024x1024.png\" class=\"attachment-large size-large wp-image-5578\" alt=\"\" srcset=\"https:\/\/evibossanyi.com\/wp-content\/uploads\/2022\/12\/San-Nicola-di-Myra-1024x1024.png 1024w, https:\/\/evibossanyi.com\/wp-content\/uploads\/2022\/12\/San-Nicola-di-Myra-300x300.png 300w, https:\/\/evibossanyi.com\/wp-content\/uploads\/2022\/12\/San-Nicola-di-Myra-150x150.png 150w, https:\/\/evibossanyi.com\/wp-content\/uploads\/2022\/12\/San-Nicola-di-Myra-768x768.png 768w, https:\/\/evibossanyi.com\/wp-content\/uploads\/2022\/12\/San-Nicola-di-Myra-600x600.png 600w, https:\/\/evibossanyi.com\/wp-content\/uploads\/2022\/12\/San-Nicola-di-Myra-100x100.png 100w, https:\/\/evibossanyi.com\/wp-content\/uploads\/2022\/12\/San-Nicola-di-Myra.png 1080w\" sizes=\"(max-width: 1024px) 100vw, 1024px\" \/>\t\t\t\t\t\t\t\t\t\t\t\t\t\t\t<\/div>\n\t\t\t\t<\/div>\n\t\t\t\t<div class=\"elementor-element elementor-element-b8cd059 elementor-widget elementor-widget-heading\" data-id=\"b8cd059\" data-element_type=\"widget\" data-widget_type=\"heading.default\">\n\t\t\t\t<div class=\"elementor-widget-container\">\n\t\t\t\t\t<h2 class=\"elementor-heading-title elementor-size-default\">Tradizioni<\/h2>\t\t\t\t<\/div>\n\t\t\t\t<\/div>\n\t\t\t\t<div class=\"elementor-element elementor-element-0f3856c elementor-widget elementor-widget-text-editor\" data-id=\"0f3856c\" data-element_type=\"widget\" data-widget_type=\"text-editor.default\">\n\t\t\t\t<div class=\"elementor-widget-container\">\n\t\t\t\t\t\t\t\t\t<p>Negli <strong><em>Stati<\/em><em> Uniti<\/em><\/strong> la tradizione vuole che la sera della Vigilia di Natale si lascino un bicchiere di latte e dei biscotti per Babbo Natale, in <strong><em>Inghilterra<\/em><\/strong> invece, un dolce tipico delle feste natalizie, il mince pie e sherry. I bambini inglesi e statunitensi lasciano fuori casa anche una carota per le renne di Babbo Natale.<\/p><p>In <em><strong>Olanda<\/strong><\/em> e in <strong><em>Spagna<\/em><\/strong> i bambini riempiono una scarpa con del fieno e una carota e prima di andare a dormire la lasciano fuori di casa<em>. <\/em>In Olanda San Nicola si festeggia il 5 dicembre, giorno precedente a lui dedicato.<\/p><p>In\u00a0<em><strong>Belgio<\/strong><\/em>,\u00a0<em><strong>Polonia<\/strong><\/em>,\u00a0<em><strong>Lussemburgo<\/strong><\/em>, <em><strong>Ungheria<\/strong><\/em>\u00a0e\u00a0<strong><em>Francia\u00a0<\/em><\/strong>del nord viene festeggiato nel suo giorno, il\u00a0<em><strong>6 dicembre<\/strong><\/em>.\u00a0<\/p><p>Nella chiesa ortodossa, San Basilio porta i doni ai bambini a Capodanno, giorno in cui si celebra la sua festa.<\/p><p>La dimora tradizionale di Babbo Natale cambia a seconda delle tradizioni. Per quella statunitense abita al Polo Nord, mentre per i bambini Canadesi si trova nel nord del paese. In Europa la sua dimora \u00e8 situata in Finlandia in un villaggio vicino Rovaniemi, in Lapponia, sul Circolo Polare Artico.<\/p>\t\t\t\t\t\t\t\t<\/div>\n\t\t\t\t<\/div>\n\t\t\t\t<div class=\"elementor-element elementor-element-efbce75 elementor-widget elementor-widget-image\" data-id=\"efbce75\" data-element_type=\"widget\" data-widget_type=\"image.default\">\n\t\t\t\t<div class=\"elementor-widget-container\">\n\t\t\t\t\t\t\t\t\t\t\t\t\t\t\t<img decoding=\"async\" width=\"1024\" height=\"1024\" src=\"https:\/\/evibossanyi.com\/wp-content\/uploads\/2022\/12\/San-Nicola-di-Myra-1-1024x1024.png\" class=\"attachment-large size-large wp-image-5582\" alt=\"\" srcset=\"https:\/\/evibossanyi.com\/wp-content\/uploads\/2022\/12\/San-Nicola-di-Myra-1-1024x1024.png 1024w, https:\/\/evibossanyi.com\/wp-content\/uploads\/2022\/12\/San-Nicola-di-Myra-1-300x300.png 300w, https:\/\/evibossanyi.com\/wp-content\/uploads\/2022\/12\/San-Nicola-di-Myra-1-150x150.png 150w, https:\/\/evibossanyi.com\/wp-content\/uploads\/2022\/12\/San-Nicola-di-Myra-1-768x768.png 768w, https:\/\/evibossanyi.com\/wp-content\/uploads\/2022\/12\/San-Nicola-di-Myra-1-600x600.png 600w, https:\/\/evibossanyi.com\/wp-content\/uploads\/2022\/12\/San-Nicola-di-Myra-1-100x100.png 100w, https:\/\/evibossanyi.com\/wp-content\/uploads\/2022\/12\/San-Nicola-di-Myra-1.png 1080w\" sizes=\"(max-width: 1024px) 100vw, 1024px\" \/>\t\t\t\t\t\t\t\t\t\t\t\t\t\t\t<\/div>\n\t\t\t\t<\/div>\n\t\t\t\t<div class=\"elementor-element elementor-element-6e7efa6 elementor-widget elementor-widget-heading\" data-id=\"6e7efa6\" data-element_type=\"widget\" data-widget_type=\"heading.default\">\n\t\t\t\t<div class=\"elementor-widget-container\">\n\t\t\t\t\t<h2 class=\"elementor-heading-title elementor-size-default\">Il colore di Babbo Natale<\/h2>\t\t\t\t<\/div>\n\t\t\t\t<\/div>\n\t\t\t\t<div class=\"elementor-element elementor-element-f57e39e elementor-widget elementor-widget-text-editor\" data-id=\"f57e39e\" data-element_type=\"widget\" data-widget_type=\"text-editor.default\">\n\t\t\t\t<div class=\"elementor-widget-container\">\n\t\t\t\t\t\t\t\t\t<p>Babbo Natale \u00e8 un personaggio presente in molte culture della tradizione\u00a0natalizia\u00a0della\u00a0civilt\u00e0 occidentale e non solo.\u00a0 La notte della Vigilia di Natale gira di casa in casa per distribuire regali ai bambini e viene rappresentato come un uomo anziano vestito con giacca, pantaloni e cappello rossi con bordi di pelo bianco.<\/p><p>Ma i colori sono stati sempre questi?<\/p><p>In principio Babbo Natale era vestito di verde e di bianco, alcuni pensano che il cambio di colore, dal verde al rosso, sia dovuto alla Coca Cola ma non \u00e8 cos\u00ec, anche se \u00e8 grazie a lei che questi colori sono entrati nell\u2019immaginario di tutti.<\/p><p>La prima campagna pubblicitaria della nota bibita con il Babbo Natale rosso risale al 1931 mentre ci sono immagini con gli stessi colori datate 1906 e gi\u00e0 un\u2019altra azienda di bibite aveva \u201cusato\u201d l\u2019immagine con i colori rosso e bianco nel 1923.<\/p><p>La storia ci racconta che con la riforma protestante del XVI secolo i santi non erano ben visti, ma nessuno aveva intenzione di abbandonare la tradizione dei regali. Cos\u00ec ogni nazione decise di cambiare San Nicola a proprio piacimento. Da questo momento, Babbo Natale rosso inizia a prendere piede e la pubblicit\u00e0 della Coca-Cola lo fissa per sempre.<\/p><p>Verde o rosso non importa, i bambini credono in questa figura piena di bont\u00e0 e sempre sorridente, scrivono letterine e attendono impazienti di trovare i loro regali sotto l\u2019albero.<\/p>\t\t\t\t\t\t\t\t<\/div>\n\t\t\t\t<\/div>\n\t\t\t\t<div class=\"elementor-element elementor-element-8dc524e elementor-widget elementor-widget-image\" data-id=\"8dc524e\" data-element_type=\"widget\" data-widget_type=\"image.default\">\n\t\t\t\t<div class=\"elementor-widget-container\">\n\t\t\t\t\t\t\t\t\t\t\t\t\t\t\t<img decoding=\"async\" width=\"1024\" height=\"1024\" src=\"https:\/\/evibossanyi.com\/wp-content\/uploads\/2022\/12\/San-Nicola-di-Myra-2-1024x1024.png\" class=\"attachment-large size-large wp-image-5585\" alt=\"\" srcset=\"https:\/\/evibossanyi.com\/wp-content\/uploads\/2022\/12\/San-Nicola-di-Myra-2-1024x1024.png 1024w, https:\/\/evibossanyi.com\/wp-content\/uploads\/2022\/12\/San-Nicola-di-Myra-2-300x300.png 300w, https:\/\/evibossanyi.com\/wp-content\/uploads\/2022\/12\/San-Nicola-di-Myra-2-150x150.png 150w, https:\/\/evibossanyi.com\/wp-content\/uploads\/2022\/12\/San-Nicola-di-Myra-2-768x768.png 768w, https:\/\/evibossanyi.com\/wp-content\/uploads\/2022\/12\/San-Nicola-di-Myra-2-600x600.png 600w, https:\/\/evibossanyi.com\/wp-content\/uploads\/2022\/12\/San-Nicola-di-Myra-2-100x100.png 100w, https:\/\/evibossanyi.com\/wp-content\/uploads\/2022\/12\/San-Nicola-di-Myra-2.png 1080w\" sizes=\"(max-width: 1024px) 100vw, 1024px\" \/>\t\t\t\t\t\t\t\t\t\t\t\t\t\t\t<\/div>\n\t\t\t\t<\/div>\n\t\t\t\t\t<\/div>\n\t\t<\/div>\n\t\t\t\t\t<\/div>\n\t\t<\/section>\n\t\t\t\t<\/div>\n\t\t","protected":false},"excerpt":{"rendered":"<p>Quando eravamo bambini stavamo alla finestra con lo sguardo al cielo ad aspettare che arrivasse Babbo Natale con le sue renne, ci addormentavamo e al mattino Lui era gi\u00e0 passato e i doni erano pronti sotto l\u2019albero. Sai qual \u00e8 la storia dell\u2019omone buono con una folta barba bianca e il vestito rosso? \u00a0 Leggila [&hellip;]<\/p>\n","protected":false},"author":2,"featured_media":5572,"comment_status":"open","ping_status":"open","sticky":false,"template":"","format":"standard","meta":{"site-sidebar-layout":"default","site-content-layout":"default","ast-site-content-layout":"","site-content-style":"default","site-sidebar-style":"default","ast-global-header-display":"","ast-banner-title-visibility":"","ast-main-header-display":"","ast-hfb-above-header-display":"","ast-hfb-below-header-display":"","ast-hfb-mobile-header-display":"","site-post-title":"","ast-breadcrumbs-content":"","ast-featured-img":"","footer-sml-layout":"","theme-transparent-header-meta":"default","adv-header-id-meta":"","stick-header-meta":"default","header-above-stick-meta":"","header-main-stick-meta":"","header-below-stick-meta":"","astra-migrate-meta-layouts":"default","ast-page-background-enabled":"default","ast-page-background-meta":{"desktop":{"background-color":"","background-image":"","background-repeat":"repeat","background-position":"center center","background-size":"auto","background-attachment":"scroll","background-type":"","background-media":"","overlay-type":"","overlay-color":"","overlay-opacity":"","overlay-gradient":""},"tablet":{"background-color":"","background-image":"","background-repeat":"repeat","background-position":"center center","background-size":"auto","background-attachment":"scroll","background-type":"","background-media":"","overlay-type":"","overlay-color":"","overlay-opacity":"","overlay-gradient":""},"mobile":{"background-color":"","background-image":"","background-repeat":"repeat","background-position":"center center","background-size":"auto","background-attachment":"scroll","background-type":"","background-media":"","overlay-type":"","overlay-color":"","overlay-opacity":"","overlay-gradient":""}},"ast-content-background-meta":{"desktop":{"background-color":"var(--ast-global-color-5)","background-image":"","background-repeat":"repeat","background-position":"center center","background-size":"auto","background-attachment":"scroll","background-type":"","background-media":"","overlay-type":"","overlay-color":"","overlay-opacity":"","overlay-gradient":""},"tablet":{"background-color":"var(--ast-global-color-5)","background-image":"","background-repeat":"repeat","background-position":"center center","background-size":"auto","background-attachment":"scroll","background-type":"","background-media":"","overlay-type":"","overlay-color":"","overlay-opacity":"","overlay-gradient":""},"mobile":{"background-color":"var(--ast-global-color-5)","background-image":"","background-repeat":"repeat","background-position":"center center","background-size":"auto","background-attachment":"scroll","background-type":"","background-media":"","overlay-type":"","overlay-color":"","overlay-opacity":"","overlay-gradient":""}},"footnotes":""},"categories":[62,61,60],"tags":[],"class_list":["post-5571","post","type-post","status-publish","format-standard","has-post-thumbnail","hentry","category-curiosita","category-festivita-e-ricorrenze","category-natale"],"_links":{"self":[{"href":"https:\/\/evibossanyi.com\/hu\/wp-json\/wp\/v2\/posts\/5571","targetHints":{"allow":["GET"]}}],"collection":[{"href":"https:\/\/evibossanyi.com\/hu\/wp-json\/wp\/v2\/posts"}],"about":[{"href":"https:\/\/evibossanyi.com\/hu\/wp-json\/wp\/v2\/types\/post"}],"author":[{"embeddable":true,"href":"https:\/\/evibossanyi.com\/hu\/wp-json\/wp\/v2\/users\/2"}],"replies":[{"embeddable":true,"href":"https:\/\/evibossanyi.com\/hu\/wp-json\/wp\/v2\/comments?post=5571"}],"version-history":[{"count":0,"href":"https:\/\/evibossanyi.com\/hu\/wp-json\/wp\/v2\/posts\/5571\/revisions"}],"wp:featuredmedia":[{"embeddable":true,"href":"https:\/\/evibossanyi.com\/hu\/wp-json\/wp\/v2\/media\/5572"}],"wp:attachment":[{"href":"https:\/\/evibossanyi.com\/hu\/wp-json\/wp\/v2\/media?parent=5571"}],"wp:term":[{"taxonomy":"category","embeddable":true,"href":"https:\/\/evibossanyi.com\/hu\/wp-json\/wp\/v2\/categories?post=5571"},{"taxonomy":"post_tag","embeddable":true,"href":"https:\/\/evibossanyi.com\/hu\/wp-json\/wp\/v2\/tags?post=5571"}],"curies":[{"name":"wp","href":"https:\/\/api.w.org\/{rel}","templated":true}]}}