{"id":5319,"date":"2022-08-09T07:16:14","date_gmt":"2022-08-09T07:16:14","guid":{"rendered":"https:\/\/evibossanyi.com\/?p=5319"},"modified":"2022-08-09T07:49:19","modified_gmt":"2022-08-09T07:49:19","slug":"ferragosto-e-le-stelle-cadenti-di-san-lorenzo","status":"publish","type":"post","link":"https:\/\/evibossanyi.com\/hu\/festivita-e-ricorrenze\/ferragosto-e-le-stelle-cadenti-di-san-lorenzo\/","title":{"rendered":"Ferragosto e le stelle cadenti di San Lorenzo"},"content":{"rendered":"\t\t<div data-elementor-type=\"wp-post\" data-elementor-id=\"5319\" class=\"elementor elementor-5319\" data-elementor-post-type=\"post\">\n\t\t\t\t\t\t<section class=\"elementor-section elementor-top-section elementor-element elementor-element-ffffe9e elementor-section-boxed elementor-section-height-default elementor-section-height-default\" data-id=\"ffffe9e\" data-element_type=\"section\" data-settings=\"{&quot;jet_parallax_layout_list&quot;:[]}\">\n\t\t\t\t\t\t<div class=\"elementor-container elementor-column-gap-default\">\n\t\t\t\t\t<div class=\"elementor-column elementor-col-100 elementor-top-column elementor-element elementor-element-ceae112\" data-id=\"ceae112\" data-element_type=\"column\">\n\t\t\t<div class=\"elementor-widget-wrap elementor-element-populated\">\n\t\t\t\t\t\t<div class=\"elementor-element elementor-element-b05f114 elementor-widget elementor-widget-text-editor\" data-id=\"b05f114\" data-element_type=\"widget\" data-widget_type=\"text-editor.default\">\n\t\t\t\t<div class=\"elementor-widget-container\">\n\t\t\t\t\t\t\t\t\t<p>Ai giorni nostri quando parliamo di Ferragosto ci vengono subito in mente due parole: mare e ferie.<\/p><p>E se vi dico 10 agosto? Sicuramente la mente va alle stelle cadenti.<\/p><p>In questo articolo vi racconto la loro storia.<\/p>\t\t\t\t\t\t\t\t<\/div>\n\t\t\t\t<\/div>\n\t\t\t\t<div class=\"elementor-element elementor-element-bef3163 elementor-widget elementor-widget-heading\" data-id=\"bef3163\" data-element_type=\"widget\" data-widget_type=\"heading.default\">\n\t\t\t\t<div class=\"elementor-widget-container\">\n\t\t\t\t\t<h2 class=\"elementor-heading-title elementor-size-default\">Le origini del Ferragosto<\/h2>\t\t\t\t<\/div>\n\t\t\t\t<\/div>\n\t\t\t\t<div class=\"elementor-element elementor-element-bb1bb11 elementor-widget elementor-widget-text-editor\" data-id=\"bb1bb11\" data-element_type=\"widget\" data-widget_type=\"text-editor.default\">\n\t\t\t\t<div class=\"elementor-widget-container\">\n\t\t\t\t\t\t\t\t\t<p>La parola Ferragosto deriva dal latino\u00a0<strong><em>feriae Augusti<\/em><\/strong> (riposo di Augusto), da cui prende il nome anche il mese di agosto. Per i Romani era un periodo di riposo e di festeggiamenti, fu istituito dall\u2019imperatore Ottaviano Augusto nel 18 a. C.<\/p><p>Ferragosto, oltre ad avere fini di promozione politica, aveva lo scopo di collegare le principali festivit\u00e0 del periodo: i Vinalia rustica dedicati alla vendemmia, i Nemoralia in onore della dea Diana e i Consulia in onore del Dio della terra e della fertilit\u00e0 Conso. Le feriae Augusti servivano anche per far avere un adeguato periodo di riposo, detto anche\u00a0<em>Augustali<\/em>, necessario dopo le grandi fatiche profuse durante le settimane precedenti. In tutto l&#8217;Impero si organizzavano feste e corse di cavalli e gli animali da tiro venivano adornati di fiori. In questi giorni era usanza che i lavoratori porgessero gli auguri ai proprietari dei terreni in cambio una mancia.<\/p><p>In origine la festa cadeva il 1\u00b0 agosto, fu la Chiesa Cattolica a spostarla per far coincidere la ricorrenza laica con la festa religiosa dell&#8217;Assunzione di Maria.<\/p>\t\t\t\t\t\t\t\t<\/div>\n\t\t\t\t<\/div>\n\t\t\t\t<div class=\"elementor-element elementor-element-3c2c135 elementor-widget elementor-widget-heading\" data-id=\"3c2c135\" data-element_type=\"widget\" data-widget_type=\"heading.default\">\n\t\t\t\t<div class=\"elementor-widget-container\">\n\t\t\t\t\t<h3 class=\"elementor-heading-title elementor-size-default\">Durante il fascismo<\/h3>\t\t\t\t<\/div>\n\t\t\t\t<\/div>\n\t\t\t\t<div class=\"elementor-element elementor-element-5fcf8ce elementor-widget elementor-widget-text-editor\" data-id=\"5fcf8ce\" data-element_type=\"widget\" data-widget_type=\"text-editor.default\">\n\t\t\t\t<div class=\"elementor-widget-container\">\n\t\t\t\t\t\t\t\t\t<p>La tradizione della gita turistica di Ferragosto nacque durante il\u00a0ventennio fascista. Dalla seconda met\u00e0 degli\u00a0anni venti, tramite le\u00a0associazioni dopolavoristiche, il regime organizzava centinaia di gite popolari, in particolare negli anni Trenta ci\u00f2 fu favorito dall&#8217;istituzione dei\u00a0<em>Treni popolari speciali <\/em>solo di 3\u00aa classe, popolarmente chiamati \u201ctreni di Ferragosto\u201d.<\/p><p>Grazie ai prezzi fortemente scontati, l&#8217;iniziativa offriva la possibilit\u00e0 anche alle\u00a0classi sociali\u00a0meno abbienti di visitare le citt\u00e0 italiane e di raggiungere il mare o la montagna. L&#8217;offerta era limitata solo ai giorni 13, 14 e 15 agosto e comprendeva le formule gita di un giorno (nel raggio fino a circa 100\u00a0km) e gita dei tre giorni (con raggio fino a circa 200\u00a0km). Grazie a queste gite molti italiani ebbero la possibilit\u00e0 di recarsi al mare, in montagna o nelle citt\u00e0 d&#8217;arte. Visto che in questi viaggi il vitto non era compreso le famiglie iniziarono a portarsi dietro il cibo, fu cos\u00ec che nacque anche la tradizione del pranzo al sacco.<\/p>\t\t\t\t\t\t\t\t<\/div>\n\t\t\t\t<\/div>\n\t\t\t\t<div class=\"elementor-element elementor-element-bc2cfda elementor-widget elementor-widget-image\" data-id=\"bc2cfda\" data-element_type=\"widget\" data-widget_type=\"image.default\">\n\t\t\t\t<div class=\"elementor-widget-container\">\n\t\t\t\t\t\t\t\t\t\t\t\t\t\t\t<img fetchpriority=\"high\" decoding=\"async\" width=\"1024\" height=\"1024\" src=\"https:\/\/evibossanyi.com\/wp-content\/uploads\/2022\/08\/Progetto-senza-titolo-10-1024x1024.png\" class=\"attachment-large size-large wp-image-5333\" alt=\"\" srcset=\"https:\/\/evibossanyi.com\/wp-content\/uploads\/2022\/08\/Progetto-senza-titolo-10-1024x1024.png 1024w, https:\/\/evibossanyi.com\/wp-content\/uploads\/2022\/08\/Progetto-senza-titolo-10-300x300.png 300w, https:\/\/evibossanyi.com\/wp-content\/uploads\/2022\/08\/Progetto-senza-titolo-10-150x150.png 150w, https:\/\/evibossanyi.com\/wp-content\/uploads\/2022\/08\/Progetto-senza-titolo-10-768x768.png 768w, https:\/\/evibossanyi.com\/wp-content\/uploads\/2022\/08\/Progetto-senza-titolo-10-600x600.png 600w, https:\/\/evibossanyi.com\/wp-content\/uploads\/2022\/08\/Progetto-senza-titolo-10-100x100.png 100w, https:\/\/evibossanyi.com\/wp-content\/uploads\/2022\/08\/Progetto-senza-titolo-10.png 1080w\" sizes=\"(max-width: 1024px) 100vw, 1024px\" \/>\t\t\t\t\t\t\t\t\t\t\t\t\t\t\t<\/div>\n\t\t\t\t<\/div>\n\t\t\t\t<div class=\"elementor-element elementor-element-7b44e46 elementor-widget elementor-widget-heading\" data-id=\"7b44e46\" data-element_type=\"widget\" data-widget_type=\"heading.default\">\n\t\t\t\t<div class=\"elementor-widget-container\">\n\t\t\t\t\t<h3 class=\"elementor-heading-title elementor-size-default\">Dagli anni del boom economico ai nostri giorni<\/h3>\t\t\t\t<\/div>\n\t\t\t\t<\/div>\n\t\t\t\t<div class=\"elementor-element elementor-element-e0e0e6b elementor-widget elementor-widget-text-editor\" data-id=\"e0e0e6b\" data-element_type=\"widget\" data-widget_type=\"text-editor.default\">\n\t\t\t\t<div class=\"elementor-widget-container\">\n\t\t\t\t\t\t\t\t\t<p>Negli anni del boom economico nel nostro Paese si diffuse l\u2019usanza di partire per la villeggiatura in occasione delle vacanze estive, l\u2019immagine pi\u00f9 frequente associata al Ferragosto divenne quella delle citt\u00e0 deserte, alla quale si contrapponeva la sfrenata vitalit\u00e0 delle localit\u00e0 turistiche soprattutto marine, fotografie e filmati \u201cparlano\u201d di spiagge stipate di bagnanti il giorno e locali notturni di \u201cballerini\u201d la notte.<br \/>Uno sfondo che offriva ottimi spunti per la commedia all\u2019italiana, genere che stava emergendo in quegli anni, per la capacit\u00e0 di raccontare con ironia quel preciso momento storico.<\/p><p>Ai nostri giorni il Ferragosto ci ricorda vacanze brevi al mare o in montagna, le gite fuori porta e i pic-nic sull\u2019erba, le grigliate e i pranzi al ristorante, le secchiate d\u2019acqua in spiaggia e i fuochi d\u2019artificio, amori estivi e agosto amore mio non ti conosco. Ma anche gli esodi dei vacanzieri con code in autostrada, ritardi dei treni e degli aerei\u2026. e qualche arrabbiatura.<\/p><p>Buona vacanza a tutti!<\/p>\t\t\t\t\t\t\t\t<\/div>\n\t\t\t\t<\/div>\n\t\t\t\t<div class=\"elementor-element elementor-element-4f4eaa5 elementor-widget elementor-widget-image\" data-id=\"4f4eaa5\" data-element_type=\"widget\" data-widget_type=\"image.default\">\n\t\t\t\t<div class=\"elementor-widget-container\">\n\t\t\t\t\t\t\t\t\t\t\t\t\t\t\t<img decoding=\"async\" width=\"1024\" height=\"1024\" src=\"https:\/\/evibossanyi.com\/wp-content\/uploads\/2022\/08\/Progetto-senza-titolo-11-1024x1024.png\" class=\"attachment-large size-large wp-image-5335\" alt=\"\" srcset=\"https:\/\/evibossanyi.com\/wp-content\/uploads\/2022\/08\/Progetto-senza-titolo-11-1024x1024.png 1024w, https:\/\/evibossanyi.com\/wp-content\/uploads\/2022\/08\/Progetto-senza-titolo-11-300x300.png 300w, https:\/\/evibossanyi.com\/wp-content\/uploads\/2022\/08\/Progetto-senza-titolo-11-150x150.png 150w, https:\/\/evibossanyi.com\/wp-content\/uploads\/2022\/08\/Progetto-senza-titolo-11-768x768.png 768w, https:\/\/evibossanyi.com\/wp-content\/uploads\/2022\/08\/Progetto-senza-titolo-11-600x600.png 600w, https:\/\/evibossanyi.com\/wp-content\/uploads\/2022\/08\/Progetto-senza-titolo-11-100x100.png 100w, https:\/\/evibossanyi.com\/wp-content\/uploads\/2022\/08\/Progetto-senza-titolo-11.png 1080w\" sizes=\"(max-width: 1024px) 100vw, 1024px\" \/>\t\t\t\t\t\t\t\t\t\t\t\t\t\t\t<\/div>\n\t\t\t\t<\/div>\n\t\t\t\t<div class=\"elementor-element elementor-element-39cdf52 elementor-widget elementor-widget-heading\" data-id=\"39cdf52\" data-element_type=\"widget\" data-widget_type=\"heading.default\">\n\t\t\t\t<div class=\"elementor-widget-container\">\n\t\t\t\t\t<h2 class=\"elementor-heading-title elementor-size-default\">Le stelle cadenti di San Lorenzo<\/h2>\t\t\t\t<\/div>\n\t\t\t\t<\/div>\n\t\t\t\t<div class=\"elementor-element elementor-element-bf6699c elementor-widget elementor-widget-heading\" data-id=\"bf6699c\" data-element_type=\"widget\" data-widget_type=\"heading.default\">\n\t\t\t\t<div class=\"elementor-widget-container\">\n\t\t\t\t\t<h3 class=\"elementor-heading-title elementor-size-default\">Un po' di storia....<\/h3>\t\t\t\t<\/div>\n\t\t\t\t<\/div>\n\t\t\t\t<div class=\"elementor-element elementor-element-811dc52 elementor-widget elementor-widget-text-editor\" data-id=\"811dc52\" data-element_type=\"widget\" data-widget_type=\"text-editor.default\">\n\t\t\t\t<div class=\"elementor-widget-container\">\n\t\t\t\t\t\t\t\t\t<p>Il 10 agosto ricorre la celebrazione liturgica di San Lorenzo,\u00a0martire cristiano\u00a0messo a morte nel\u00a0258 d.C. a seguito delle persecuzioni contro la chiesa messe in atto dall&#8217;imperatore romano Valeriano. La transizione a favore del santo cristiano\u00a0Lorenzo\u00a0fu agevolata dalla Chiesa cattolica, come avvenne per molte altre feste pagane, facendo nascere la credenza che lo sciame delle Perseidi fossero le\u00a0sue lacrime versate durante il martirio e da cui scaturisce l&#8217;usanza di\u00a0esprimere un desiderio\u00a0ogni volta che si osserva una stella cadente nel cielo.<\/p><p>Ma ci sono anche altre tradizioni legate al fatto di esprimere desideri quando vediamo le stelle cadenti, tutte ruotano attorno alla parola desiderio.<\/p><p>I<em> desiderantes<\/em>, come spiega Gaio Giulio Cesare nel De Bello Gallico, erano i soldati che aspettavano sotto le stelle i compagni dispersi in battaglia con la speranza di vederli arrivare ancora in vita.<\/p><p>C&#8217;\u00e8 poi chi riporta l&#8217;usanza dei marinai che desideravano tornare sulla terra ferma, per farlo l&#8217;unica soluzione era farsi guidare dalle stelle.\u00a0<\/p>\t\t\t\t\t\t\t\t<\/div>\n\t\t\t\t<\/div>\n\t\t\t\t<div class=\"elementor-element elementor-element-6848164 elementor-widget elementor-widget-image\" data-id=\"6848164\" data-element_type=\"widget\" data-widget_type=\"image.default\">\n\t\t\t\t<div class=\"elementor-widget-container\">\n\t\t\t\t\t\t\t\t\t\t\t\t\t\t\t<img decoding=\"async\" width=\"1024\" height=\"1024\" src=\"https:\/\/evibossanyi.com\/wp-content\/uploads\/2022\/08\/Progetto-senza-titolo-13-1024x1024.png\" class=\"attachment-large size-large wp-image-5351\" alt=\"\" srcset=\"https:\/\/evibossanyi.com\/wp-content\/uploads\/2022\/08\/Progetto-senza-titolo-13-1024x1024.png 1024w, https:\/\/evibossanyi.com\/wp-content\/uploads\/2022\/08\/Progetto-senza-titolo-13-300x300.png 300w, https:\/\/evibossanyi.com\/wp-content\/uploads\/2022\/08\/Progetto-senza-titolo-13-150x150.png 150w, https:\/\/evibossanyi.com\/wp-content\/uploads\/2022\/08\/Progetto-senza-titolo-13-768x768.png 768w, https:\/\/evibossanyi.com\/wp-content\/uploads\/2022\/08\/Progetto-senza-titolo-13-600x600.png 600w, https:\/\/evibossanyi.com\/wp-content\/uploads\/2022\/08\/Progetto-senza-titolo-13-100x100.png 100w, https:\/\/evibossanyi.com\/wp-content\/uploads\/2022\/08\/Progetto-senza-titolo-13.png 1080w\" sizes=\"(max-width: 1024px) 100vw, 1024px\" \/>\t\t\t\t\t\t\t\t\t\t\t\t\t\t\t<\/div>\n\t\t\t\t<\/div>\n\t\t\t\t<div class=\"elementor-element elementor-element-75ea1ee elementor-widget elementor-widget-heading\" data-id=\"75ea1ee\" data-element_type=\"widget\" data-widget_type=\"heading.default\">\n\t\t\t\t<div class=\"elementor-widget-container\">\n\t\t\t\t\t<h3 class=\"elementor-heading-title elementor-size-default\">Stelle o Perseidi?<\/h3>\t\t\t\t<\/div>\n\t\t\t\t<\/div>\n\t\t\t\t<div class=\"elementor-element elementor-element-b9774fd elementor-widget elementor-widget-text-editor\" data-id=\"b9774fd\" data-element_type=\"widget\" data-widget_type=\"text-editor.default\">\n\t\t\t\t<div class=\"elementor-widget-container\">\n\t\t\t\t\t\t\t\t\t<p>Quelle che noi vediamo \u201ccadere\u201d non sono stelle ma meteore, o meglio Perseidi.<\/p><p>Le\u00a0Perseidi\u00a0sono uno sciame di meteoriti\u00a0che la Terra attraversa durante il\u00a0periodo estivo. Questa pioggia si manifesta dalla fine di luglio fino al 20 agosto e il periodo di maggiore visibilit\u00e0 \u00e8 attorno al 12-13 agosto, con circa un centinaio di scie luminose ogni ora, tutte visibili ad occhio nudo.<\/p><p>Queste meteore quando entrano in contatto con l\u2019atmosfera iniziano a bruciare per via dell\u2019attrito dando vita ad una pioggia di scie luminose.<\/p>\t\t\t\t\t\t\t\t<\/div>\n\t\t\t\t<\/div>\n\t\t\t\t<div class=\"elementor-element elementor-element-90df2da elementor-widget elementor-widget-heading\" data-id=\"90df2da\" data-element_type=\"widget\" data-widget_type=\"heading.default\">\n\t\t\t\t<div class=\"elementor-widget-container\">\n\t\t\t\t\t<h3 class=\"elementor-heading-title elementor-size-default\">Alcune curiosit\u00e0<\/h3>\t\t\t\t<\/div>\n\t\t\t\t<\/div>\n\t\t\t\t<div class=\"elementor-element elementor-element-1e05e9c elementor-widget elementor-widget-text-editor\" data-id=\"1e05e9c\" data-element_type=\"widget\" data-widget_type=\"text-editor.default\">\n\t\t\t\t<div class=\"elementor-widget-container\">\n\t\t\t\t\t\t\t\t\t<p>In epoca romana si riteneva che lo sciame di meteoriti fosse una propizia pioggia di\u00a0sperma\u00a0del Dio\u00a0Priapo\u00a0che, con questo gesto, fecondava i campi. Si pensa che la figura di San Lorenzo venne scelta dalla Chiesa cattolica in quanto foneticamente assonante con quella di\u00a0Acca Larenzia, controparte femminile di Priapo, anch&#8217;essa festeggiata il 10 agosto.<\/p><p>In\u00a0Grecia\u00a0il fenomeno viene religiosamente associato alla\u00a0Trasfigurazione del Signore,\u00a0che cade il 6 agosto.<\/p><p>San Lorenzo \u00e8 patrono di citt\u00e0 italiane e straniere come Grosseto, Tivoli (Roma), Tavullia (PU), Abano Terme (PD), Budrio (BO), Rotterdam (Olanda), Norimberga (Germania) e tante altre.<\/p><p>E\u2019 protettore dei librai e dei bibliotecari, di cuochi, osti, pasticcieri e rosticcieri. Dei pompieri e dei lavoratori del vetro.<\/p><p>E adesso non ci resta che scegliere il posto migliore, volgere lo sguardo al cielo ed esprimere un desiderio senza dirlo a nessuno. Mi raccomando non chiedete troppo!<\/p>\t\t\t\t\t\t\t\t<\/div>\n\t\t\t\t<\/div>\n\t\t\t\t<div class=\"elementor-element elementor-element-4d3636a elementor-widget elementor-widget-image\" data-id=\"4d3636a\" data-element_type=\"widget\" data-widget_type=\"image.default\">\n\t\t\t\t<div class=\"elementor-widget-container\">\n\t\t\t\t\t\t\t\t\t\t\t\t\t\t\t<img loading=\"lazy\" decoding=\"async\" width=\"1024\" height=\"1024\" src=\"https:\/\/evibossanyi.com\/wp-content\/uploads\/2022\/08\/Progetto-senza-titolo-12-1024x1024.png\" class=\"attachment-large size-large wp-image-5340\" alt=\"\" srcset=\"https:\/\/evibossanyi.com\/wp-content\/uploads\/2022\/08\/Progetto-senza-titolo-12-1024x1024.png 1024w, https:\/\/evibossanyi.com\/wp-content\/uploads\/2022\/08\/Progetto-senza-titolo-12-300x300.png 300w, https:\/\/evibossanyi.com\/wp-content\/uploads\/2022\/08\/Progetto-senza-titolo-12-150x150.png 150w, https:\/\/evibossanyi.com\/wp-content\/uploads\/2022\/08\/Progetto-senza-titolo-12-768x768.png 768w, https:\/\/evibossanyi.com\/wp-content\/uploads\/2022\/08\/Progetto-senza-titolo-12-600x600.png 600w, https:\/\/evibossanyi.com\/wp-content\/uploads\/2022\/08\/Progetto-senza-titolo-12-100x100.png 100w, https:\/\/evibossanyi.com\/wp-content\/uploads\/2022\/08\/Progetto-senza-titolo-12.png 1080w\" sizes=\"(max-width: 1024px) 100vw, 1024px\" \/>\t\t\t\t\t\t\t\t\t\t\t\t\t\t\t<\/div>\n\t\t\t\t<\/div>\n\t\t\t\t<div class=\"elementor-element elementor-element-6cce70f elementor-widget elementor-widget-text-editor\" data-id=\"6cce70f\" data-element_type=\"widget\" data-widget_type=\"text-editor.default\">\n\t\t\t\t<div class=\"elementor-widget-container\">\n\t\t\t\t\t\t\t\t\t<h3>Se ti \u00e8 piaciuto questo contenuto condividilo cliccando sui bottoni qui sotto, grazie!<\/h3>\t\t\t\t\t\t\t\t<\/div>\n\t\t\t\t<\/div>\n\t\t\t\t\t<\/div>\n\t\t<\/div>\n\t\t\t\t\t<\/div>\n\t\t<\/section>\n\t\t\t\t<\/div>\n\t\t","protected":false},"excerpt":{"rendered":"<p>Ai giorni nostri quando parliamo di Ferragosto ci vengono subito in mente due parole: mare e ferie. E se vi dico 10 agosto? Sicuramente la mente va alle stelle cadenti. In questo articolo vi racconto la loro storia. Le origini del Ferragosto La parola Ferragosto deriva dal latino\u00a0feriae Augusti (riposo di Augusto), da cui prende [&hellip;]<\/p>\n","protected":false},"author":2,"featured_media":5320,"comment_status":"open","ping_status":"open","sticky":false,"template":"","format":"standard","meta":{"site-sidebar-layout":"default","site-content-layout":"default","ast-site-content-layout":"","site-content-style":"default","site-sidebar-style":"default","ast-global-header-display":"","ast-banner-title-visibility":"","ast-main-header-display":"","ast-hfb-above-header-display":"","ast-hfb-below-header-display":"","ast-hfb-mobile-header-display":"","site-post-title":"","ast-breadcrumbs-content":"","ast-featured-img":"","footer-sml-layout":"","theme-transparent-header-meta":"default","adv-header-id-meta":"","stick-header-meta":"default","header-above-stick-meta":"","header-main-stick-meta":"","header-below-stick-meta":"","astra-migrate-meta-layouts":"default","ast-page-background-enabled":"default","ast-page-background-meta":{"desktop":{"background-color":"","background-image":"","background-repeat":"repeat","background-position":"center center","background-size":"auto","background-attachment":"scroll","background-type":"","background-media":"","overlay-type":"","overlay-color":"","overlay-opacity":"","overlay-gradient":""},"tablet":{"background-color":"","background-image":"","background-repeat":"repeat","background-position":"center center","background-size":"auto","background-attachment":"scroll","background-type":"","background-media":"","overlay-type":"","overlay-color":"","overlay-opacity":"","overlay-gradient":""},"mobile":{"background-color":"","background-image":"","background-repeat":"repeat","background-position":"center center","background-size":"auto","background-attachment":"scroll","background-type":"","background-media":"","overlay-type":"","overlay-color":"","overlay-opacity":"","overlay-gradient":""}},"ast-content-background-meta":{"desktop":{"background-color":"var(--ast-global-color-5)","background-image":"","background-repeat":"repeat","background-position":"center center","background-size":"auto","background-attachment":"scroll","background-type":"","background-media":"","overlay-type":"","overlay-color":"","overlay-opacity":"","overlay-gradient":""},"tablet":{"background-color":"var(--ast-global-color-5)","background-image":"","background-repeat":"repeat","background-position":"center center","background-size":"auto","background-attachment":"scroll","background-type":"","background-media":"","overlay-type":"","overlay-color":"","overlay-opacity":"","overlay-gradient":""},"mobile":{"background-color":"var(--ast-global-color-5)","background-image":"","background-repeat":"repeat","background-position":"center center","background-size":"auto","background-attachment":"scroll","background-type":"","background-media":"","overlay-type":"","overlay-color":"","overlay-opacity":"","overlay-gradient":""}},"footnotes":""},"categories":[62,61],"tags":[],"class_list":["post-5319","post","type-post","status-publish","format-standard","has-post-thumbnail","hentry","category-curiosita","category-festivita-e-ricorrenze"],"_links":{"self":[{"href":"https:\/\/evibossanyi.com\/hu\/wp-json\/wp\/v2\/posts\/5319","targetHints":{"allow":["GET"]}}],"collection":[{"href":"https:\/\/evibossanyi.com\/hu\/wp-json\/wp\/v2\/posts"}],"about":[{"href":"https:\/\/evibossanyi.com\/hu\/wp-json\/wp\/v2\/types\/post"}],"author":[{"embeddable":true,"href":"https:\/\/evibossanyi.com\/hu\/wp-json\/wp\/v2\/users\/2"}],"replies":[{"embeddable":true,"href":"https:\/\/evibossanyi.com\/hu\/wp-json\/wp\/v2\/comments?post=5319"}],"version-history":[{"count":0,"href":"https:\/\/evibossanyi.com\/hu\/wp-json\/wp\/v2\/posts\/5319\/revisions"}],"wp:featuredmedia":[{"embeddable":true,"href":"https:\/\/evibossanyi.com\/hu\/wp-json\/wp\/v2\/media\/5320"}],"wp:attachment":[{"href":"https:\/\/evibossanyi.com\/hu\/wp-json\/wp\/v2\/media?parent=5319"}],"wp:term":[{"taxonomy":"category","embeddable":true,"href":"https:\/\/evibossanyi.com\/hu\/wp-json\/wp\/v2\/categories?post=5319"},{"taxonomy":"post_tag","embeddable":true,"href":"https:\/\/evibossanyi.com\/hu\/wp-json\/wp\/v2\/tags?post=5319"}],"curies":[{"name":"wp","href":"https:\/\/api.w.org\/{rel}","templated":true}]}}