{"id":4820,"date":"2022-02-03T17:44:11","date_gmt":"2022-02-03T17:44:11","guid":{"rendered":"https:\/\/evibossanyi.com\/uncategorized-hu\/kulonbsegek-az-ujrahasznositas-vagy-ujrafelhasznalas-kozott-es-meg-egy-csipetnyi-kreativitas\/"},"modified":"2022-02-03T17:47:47","modified_gmt":"2022-02-03T17:47:47","slug":"kulonbsegek-az-ujrahasznositas-vagy-ujrafelhasznalas-kozott-es-meg-egy-csipetnyi-kreativitas","status":"publish","type":"post","link":"https:\/\/evibossanyi.com\/hu\/kreativ-ujrahasznositas\/kulonbsegek-az-ujrahasznositas-vagy-ujrafelhasznalas-kozott-es-meg-egy-csipetnyi-kreativitas\/","title":{"rendered":"K\u00fcl\u00f6nbs\u00e8gek az \u00f9jrahasznos\u00edt\u00e0s vagy \u00fajrafelhaszn\u00e0l\u00e0s k\u00f6z\u00f6tt\u2026. \u00e8s m\u00e8g egy csipetnyi kreativit\u00e1s!"},"content":{"rendered":"\t\t<div data-elementor-type=\"wp-post\" data-elementor-id=\"4820\" class=\"elementor elementor-4820 elementor-4235\" data-elementor-post-type=\"post\">\n\t\t\t\t\t\t<section class=\"elementor-section elementor-top-section elementor-element elementor-element-3426539 elementor-section-boxed elementor-section-height-default elementor-section-height-default\" data-id=\"3426539\" data-element_type=\"section\" data-settings=\"{&quot;jet_parallax_layout_list&quot;:[]}\">\n\t\t\t\t\t\t<div class=\"elementor-container elementor-column-gap-default\">\n\t\t\t\t\t<div class=\"elementor-column elementor-col-100 elementor-top-column elementor-element elementor-element-77c6e74\" data-id=\"77c6e74\" data-element_type=\"column\">\n\t\t\t<div class=\"elementor-widget-wrap elementor-element-populated\">\n\t\t\t\t\t\t<div class=\"elementor-element elementor-element-446c640 elementor-widget elementor-widget-text-editor\" data-id=\"446c640\" data-element_type=\"widget\" data-widget_type=\"text-editor.default\">\n\t\t\t\t<div class=\"elementor-widget-container\">\n\t\t\t\t\t\t\t\t\t<p>A hullad\u00e9kok \u00fajrahasznos\u00edt\u00e1sa nemcsak k\u00f6rnyezetv\u00e8delmi szempontb\u00f2l nagyon fontos gyakorlat, hanem a term\u00e9szeti er\u0151forr\u00e1sok, nyersanyagok \u00e9s egy\u00e8b \u00e9rt\u00e9kes energiaforr\u00e0sok megtakar\u00edt\u00e1sa \u00e9rdek\u00e9ben is.<\/p>\n<p>Be kell l\u00e0tnunk hogy fogyaszt\u00f2i t\u00e0rsadalmi \u00e8letvitel\u00fcnk \u00e8s az ez\u00e0ltal termelt hatalmas mennyis\u00e9g\u0171 szemetet egyre nehezebb kezelni, a k\u00f6rnyezetszennyez\u00e9s negat\u00edv hat\u00e1sai napr\u00f3l napra egyre nyilv\u00e1nval\u00f3bbak \u00e9s k\u00e9zzelfoghat\u00f3bbak. Gyorsan kell cselekedn\u00fcnk, mindannyiunknak, \u00a0kiv\u00e9tel n\u00e9lk\u00fcl.<\/p>\n<p>Most biztos azt k\u00e8rdezed magadt\u00f2l: ugyan mit is tehetn\u00e8k \u00e8n egymagam a helyzet jav\u00edt\u00e1sa \u00e9rdek\u00e9ben?<\/p>\n<p>Lehet, hogy hihetetlen\u00fcl hangzik, de n\u00e9h\u00e1ny apr\u00f3 gesztussal nagyban hozz\u00e1j\u00e1rulhatsz a dolgok javul\u00e0s\u00e0hoz. \u00cdme n\u00e9h\u00e1ny egyszer\u0171 p\u00e9lda, amelyeket ha betartasz m\u00e0ris tett\u00e8l valamit a k\u00f6rnyezeted meg\u00f2v\u00e0sa \u00e8rdek\u00e8ben:<\/p>\n<ul>\n<li>soha ne szemetelj<\/li>\n<li>gy\u0171jts szelekt\u00ecven<\/li>\n<li>tudatosan v\u00e1s\u00e1rolj<\/li>\n<li>v\u00e0lassz k\u00f6rnyezetbar\u00e1t term\u00e9keket<\/li>\n<li>bev\u00e1s\u00e1rl\u00e1s\u00e1kor r\u00e8szes\u00ectsd el\u0151nyben textil vagy \u00f9jrahaszn\u00e0lhat\u00f2 szatyrokat<\/li>\n<\/ul>\n\t\t\t\t\t\t\t\t<\/div>\n\t\t\t\t<\/div>\n\t\t\t\t<div class=\"elementor-element elementor-element-c1add8e elementor-widget elementor-widget-image\" data-id=\"c1add8e\" data-element_type=\"widget\" data-widget_type=\"image.default\">\n\t\t\t\t<div class=\"elementor-widget-container\">\n\t\t\t\t\t\t\t\t\t\t\t\t\t\t\t<img fetchpriority=\"high\" decoding=\"async\" width=\"768\" height=\"768\" src=\"https:\/\/evibossanyi.com\/wp-content\/uploads\/2021\/06\/riciclo-vs-riuso-1-768x768.png\" class=\"attachment-medium_large size-medium_large wp-image-4240\" alt=\"\" srcset=\"https:\/\/evibossanyi.com\/wp-content\/uploads\/2021\/06\/riciclo-vs-riuso-1-768x768.png 768w, https:\/\/evibossanyi.com\/wp-content\/uploads\/2021\/06\/riciclo-vs-riuso-1-300x300.png 300w, https:\/\/evibossanyi.com\/wp-content\/uploads\/2021\/06\/riciclo-vs-riuso-1-100x100.png 100w, https:\/\/evibossanyi.com\/wp-content\/uploads\/2021\/06\/riciclo-vs-riuso-1-600x600.png 600w, https:\/\/evibossanyi.com\/wp-content\/uploads\/2021\/06\/riciclo-vs-riuso-1-1024x1024.png 1024w, https:\/\/evibossanyi.com\/wp-content\/uploads\/2021\/06\/riciclo-vs-riuso-1-150x150.png 150w, https:\/\/evibossanyi.com\/wp-content\/uploads\/2021\/06\/riciclo-vs-riuso-1.png 1080w\" sizes=\"(max-width: 768px) 100vw, 768px\" \/>\t\t\t\t\t\t\t\t\t\t\t\t\t\t\t<\/div>\n\t\t\t\t<\/div>\n\t\t\t\t<div class=\"elementor-element elementor-element-47d826a elementor-widget elementor-widget-heading\" data-id=\"47d826a\" data-element_type=\"widget\" data-widget_type=\"heading.default\">\n\t\t\t\t<div class=\"elementor-widget-container\">\n\t\t\t\t\t<h2 class=\"elementor-heading-title elementor-size-default\">Mi a k\u00fcl\u00f6nbs\u00e9g az \u00fajrahasznos\u00edt\u00e1s \u00e9s az \u00fajrafelhaszn\u00e1l\u00e1s k\u00f6z\u00f6tt?<\/h2>\t\t\t\t<\/div>\n\t\t\t\t<\/div>\n\t\t\t\t<div class=\"elementor-element elementor-element-1669ca9 elementor-widget elementor-widget-text-editor\" data-id=\"1669ca9\" data-element_type=\"widget\" data-widget_type=\"text-editor.default\">\n\t\t\t\t<div class=\"elementor-widget-container\">\n\t\t\t\t\t\t\t\t\t<p>Els\u0151re \u00f9gy t\u0171nik, hogy mindk\u00e9t kifejez\u00e9s ugyanazt a fogalmat fejezi ki hiszen mindk\u00e8t esetben az optim\u00e0lis hullad\u00e9kgazd\u00e1lkod\u00e1s a c\u00e8l, de a val\u00f3s\u00e1gban van egy kis k\u00fcl\u00f6nbs\u00e9g.<\/p>\n<p>Az <strong>\u00fajrahaszn\u00e1lat<\/strong> egy azonnali cselekv\u00e9s \u00e9s egy olyan t\u00e1rgy \u00fajrafelhaszn\u00e1l\u00e1s\u00e1t jelenti, amely m\u00e9g nem v\u00e1lt hullad\u00e9kk\u00e1.<\/p>\n<p>Az <strong>\u00fajrahasznos\u00edt\u00e1s<\/strong> ezzel szemben a hullad\u00e9kanyagok \u00e0talak\u00ect\u00e0s\u00e0t \u00e9s \u00fajrafelhaszn\u00e1l\u00e1s\u00e1t jelenti, ez\u00e0ltal vagy \u00f9jra ugyanarra a c\u00e8lra lesz felhaszn\u00e0lhat\u00f2 vagy teljesen m\u00e0s form\u00e0ban kel \u00f9j \u00e8letre.<\/p>\n\t\t\t\t\t\t\t\t<\/div>\n\t\t\t\t<\/div>\n\t\t\t\t<div class=\"elementor-element elementor-element-4f76282 elementor-widget elementor-widget-heading\" data-id=\"4f76282\" data-element_type=\"widget\" data-widget_type=\"heading.default\">\n\t\t\t\t<div class=\"elementor-widget-container\">\n\t\t\t\t\t<h2 class=\"elementor-heading-title elementor-size-default\">Kreat\u00edv \u00fajrahasznos\u00edt\u00e1s vagy \u00fajrahaszn\u00e1lat<\/h2>\t\t\t\t<\/div>\n\t\t\t\t<\/div>\n\t\t\t\t<div class=\"elementor-element elementor-element-07f70fb elementor-widget elementor-widget-text-editor\" data-id=\"07f70fb\" data-element_type=\"widget\" data-widget_type=\"text-editor.default\">\n\t\t\t\t<div class=\"elementor-widget-container\">\n\t\t\t\t\t\t\t\t\t<p>E k\u00e9t fogalom mellett gyakran tal\u00e1lkozunk a \u201e<em><strong>kreat\u00edv<\/strong><\/em>\u201d jelz\u0151vel. Ez sokkal t\u00e1gabb\u00e1 \u00e9s tetszet\u0151ssebb\u00e8 teszi jelent\u00e9s\u00fcket \u00e8s serkenti a fant\u00e0zi\u00e0nkat,\u00a0 alkot\u00f2i v\u00e8n\u00e0nkat is.<\/p>\n<p>Szem\u00e9lyes v\u00e9lem\u00e9nyem szerint a kreat\u00edv \u00fajrahasznos\u00edt\u00e1s nem m\u00e1s, mint a k\u00f6rnyezetv\u00e9delem \u00e9s a k\u00fcl\u00f6nf\u00e9le dekor\u00e1ci\u00f3s technik\u00e1k t\u00f6k\u00e9letes kombin\u00e1ci\u00f3ja.<\/p>\n<p>Az olyan \u00e9rt\u00e9kes anyagok, mint a pap\u00edr, a karton, a fa, a m\u0171anyag \u00e9s az \u00fcveg egy kis fant\u00e0zi\u00e0val \u00e8s k\u00e8z\u00fcgyess\u00e8ggel igaz\u00e0n eredeti \u00e8s k\u00fcl\u00f6nleges alkot\u00e0sokk\u00e0 tudnak \u00e0talakulni. A kreat\u00ecv \u00f9jrahasznos\u00ect\u00e0s rengetek el\u0151nnyel j\u00e0r: garant\u00e0ltan j\u00f2 \u00e8rz\u00e8ssel fog elt\u00f6lteni ha saj\u00e1t kez\u0171leg bark\u00e0csolsz valamit, ezen k\u00ecv\u00fcl m\u00e8g p\u00e9nzt is megtakar\u00edthatsz \u00e8s elker\u00fclheted az \u00faj anyagok \u00e9s er\u0151forr\u00e1sok esetlegesen felesleges haszn\u00e1lat\u00e1t.<\/p>\n<p>A sz\u00f6vetdarabk\u00e1k, k\u00f6nyvek, raklapok \u00e9s r\u00e9gi haszn\u00e1laton k\u00edv\u00fcli t\u00e1rgyak is izgalmas \u00fajrahasznos\u00edt\u00e1si vagy kreat\u00edv \u00fajrafelhaszn\u00e1l\u00e1si projekt r\u00e9szei lehetnek, egyedi \u00e9s szem\u00e9lyre szabott lakberendez\u00e9si kieg\u00e9sz\u00edt\u0151kk\u00e9 v\u00e0lhatnak.<\/p>\n\t\t\t\t\t\t\t\t<\/div>\n\t\t\t\t<\/div>\n\t\t\t\t<div class=\"elementor-element elementor-element-b04e6c7 elementor-widget elementor-widget-image\" data-id=\"b04e6c7\" data-element_type=\"widget\" data-widget_type=\"image.default\">\n\t\t\t\t<div class=\"elementor-widget-container\">\n\t\t\t\t\t\t\t\t\t\t\t\t<figure class=\"wp-caption\">\n\t\t\t\t\t\t\t\t\t\t\t<a href=\"https:\/\/evibossanyi.com\/hu\/papirfonas\/a-papirfonashoz-hasznalando-papirvesszo-keszitese-es-megszinezese\/\">\n\t\t\t\t\t\t\t<img decoding=\"async\" width=\"768\" height=\"768\" src=\"https:\/\/evibossanyi.com\/wp-content\/uploads\/2021\/05\/cesto-bagno-3-768x768.png\" class=\"attachment-medium_large size-medium_large wp-image-4184\" alt=\"Pap\u00ecrb\u00f2l fonott kos\u00e0rk\u00e0k\" srcset=\"https:\/\/evibossanyi.com\/wp-content\/uploads\/2021\/05\/cesto-bagno-3-768x768.png 768w, https:\/\/evibossanyi.com\/wp-content\/uploads\/2021\/05\/cesto-bagno-3-300x300.png 300w, https:\/\/evibossanyi.com\/wp-content\/uploads\/2021\/05\/cesto-bagno-3-100x100.png 100w, https:\/\/evibossanyi.com\/wp-content\/uploads\/2021\/05\/cesto-bagno-3-600x600.png 600w, https:\/\/evibossanyi.com\/wp-content\/uploads\/2021\/05\/cesto-bagno-3-1024x1024.png 1024w, https:\/\/evibossanyi.com\/wp-content\/uploads\/2021\/05\/cesto-bagno-3-150x150.png 150w, https:\/\/evibossanyi.com\/wp-content\/uploads\/2021\/05\/cesto-bagno-3.png 1080w\" sizes=\"(max-width: 768px) 100vw, 768px\" \/>\t\t\t\t\t\t\t\t<\/a>\n\t\t\t\t\t\t\t\t\t\t\t<figcaption class=\"widget-image-caption wp-caption-text\">Pap\u00ecrb\u00f2l fonott kos\u00e0rk\u00e0k<\/figcaption>\n\t\t\t\t\t\t\t\t\t\t<\/figure>\n\t\t\t\t\t\t\t\t\t<\/div>\n\t\t\t\t<\/div>\n\t\t\t\t<div class=\"elementor-element elementor-element-4e80460 elementor-widget elementor-widget-heading\" data-id=\"4e80460\" data-element_type=\"widget\" data-widget_type=\"heading.default\">\n\t\t\t\t<div class=\"elementor-widget-container\">\n\t\t\t\t\t<h2 class=\"elementor-heading-title elementor-size-default\">Mikor \u00e8s hogyan sz\u00fcletett meg a kreat\u00edv \u00fajrahasznos\u00edt\u00e1s?<\/h2>\t\t\t\t<\/div>\n\t\t\t\t<\/div>\n\t\t\t\t<div class=\"elementor-element elementor-element-beb979b elementor-widget elementor-widget-text-editor\" data-id=\"beb979b\" data-element_type=\"widget\" data-widget_type=\"text-editor.default\">\n\t\t\t\t<div class=\"elementor-widget-container\">\n\t\t\t\t\t\t\t\t\t<p>Ez a ma m\u00e1r igen elterjedt \u00e9s n\u00e9pszer\u0171 technika alapvet\u0151en anyagi okokb\u00f3l sz\u00fcletett. Az 1930-as \u00e9vekben, a nagy gazdas\u00e1gi vil\u00e1gv\u00e1ls\u00e1g idej\u00e9n a v\u00e1ls\u00e1gba ker\u00fclt amerikai t\u00e1rsadalom szembes\u00fclt a hullad\u00e9kanyagok visszanyer\u00e9s\u00e9nek \u00e9s \u00fajrafelhaszn\u00e1l\u00e1s\u00e1nak sz\u00fcks\u00e9gess\u00e9g\u00e9vel. A gazdas\u00e1gi viszonyok nem tett\u00e9k lehet\u0151v\u00e9 az alapanyagok beszerz\u00e9s\u00e9t \u00e9s \u00ecme, a lelem\u00e8nyess\u00e8g \u00e8s sz\u00fcks\u00e8g szinte m\u0171v\u00e8szi egyes\u00fcl\u00e8s\u00e8b\u0151l sz\u00fclettek meg a kreat\u00edv \u00fajrahasznos\u00edt\u00e1s els\u0151 form\u00e1i.<\/p>\n<p>A m\u00e1sodik vil\u00e1gh\u00e1bor\u00fa idej\u00e8n is nagy szerepet j\u00e0tszott a kreat\u00edv \u00fajrafelhaszn\u00e1l\u00e1s, az emberek igyekeztek min\u00e8l jobban kihaszn\u00e0lni a rendelkez\u00e8sre \u00e0ll\u00f2 t\u00e0rgyakat, alapanyagokat.<\/p>\n<p>Egyes orsz\u00e1gokban, p\u00e9ld\u00e1ul Jap\u00e1nban, az \u00fajrahasznos\u00edt\u00e1s j\u00f2 szok\u00e1sa a v\u00e1ls\u00e1gos pillanatok ut\u00e1n is megmaradt, m\u00edg m\u00e1s orsz\u00e1gokban az ilyen jelleg\u00fc tervek mind-mind feled\u00e8sbe mer\u00fcltek, \u00e9s ism\u00e9t a szem\u00e8ttelepek lettek a leggyorsabb hullad\u00e9kelhelyez\u00e9si m\u00f3dok.<\/p>\n\t\t\t\t\t\t\t\t<\/div>\n\t\t\t\t<\/div>\n\t\t\t\t<div class=\"elementor-element elementor-element-43098e1 elementor-widget elementor-widget-image\" data-id=\"43098e1\" data-element_type=\"widget\" data-widget_type=\"image.default\">\n\t\t\t\t<div class=\"elementor-widget-container\">\n\t\t\t\t\t\t\t\t\t\t\t\t\t\t\t<img decoding=\"async\" width=\"768\" height=\"768\" src=\"https:\/\/evibossanyi.com\/wp-content\/uploads\/2021\/06\/riciclo-vs-riuso-2-768x768.png\" class=\"attachment-medium_large size-medium_large wp-image-4260\" alt=\"\" srcset=\"https:\/\/evibossanyi.com\/wp-content\/uploads\/2021\/06\/riciclo-vs-riuso-2-768x768.png 768w, https:\/\/evibossanyi.com\/wp-content\/uploads\/2021\/06\/riciclo-vs-riuso-2-300x300.png 300w, https:\/\/evibossanyi.com\/wp-content\/uploads\/2021\/06\/riciclo-vs-riuso-2-100x100.png 100w, https:\/\/evibossanyi.com\/wp-content\/uploads\/2021\/06\/riciclo-vs-riuso-2-600x600.png 600w, https:\/\/evibossanyi.com\/wp-content\/uploads\/2021\/06\/riciclo-vs-riuso-2-1024x1024.png 1024w, https:\/\/evibossanyi.com\/wp-content\/uploads\/2021\/06\/riciclo-vs-riuso-2-150x150.png 150w, https:\/\/evibossanyi.com\/wp-content\/uploads\/2021\/06\/riciclo-vs-riuso-2.png 1080w\" sizes=\"(max-width: 768px) 100vw, 768px\" \/>\t\t\t\t\t\t\t\t\t\t\t\t\t\t\t<\/div>\n\t\t\t\t<\/div>\n\t\t\t\t<div class=\"elementor-element elementor-element-deb37c6 elementor-widget elementor-widget-text-editor\" data-id=\"deb37c6\" data-element_type=\"widget\" data-widget_type=\"text-editor.default\">\n\t\t\t\t<div class=\"elementor-widget-container\">\n\t\t\t\t\t\t\t\t\t<p>A <strong>F\u00f6ld napj\u00e1<\/strong>nak meg\u00fcnnepl\u00e9se a Csendes tavasz c\u00edm\u0171 k\u00f6rnyezetv\u00e9d\u0151 ki\u00e1ltv\u00e1ny 1962-es k\u00f6zz\u00e9t\u00e9tele ut\u00e1n sz\u00fcletett meg. Az 1969-ben tartott UNESCO-konferenci\u00e1n az aktivist\u00e1k javasolt\u00e0k hogy v\u00e0lasszanak egy napot a F\u00f6ld tisztelet\u00e9re, \u00edgy lett ez a nap \u00e1prilis 22-e.<\/p>\n\t\t\t\t\t\t\t\t<\/div>\n\t\t\t\t<\/div>\n\t\t\t\t<div class=\"elementor-element elementor-element-674af4c elementor-widget elementor-widget-text-editor\" data-id=\"674af4c\" data-element_type=\"widget\" data-widget_type=\"text-editor.default\">\n\t\t\t\t<div class=\"elementor-widget-container\">\n\t\t\t\t\t\t\t\t\t<p>Amint ebb\u0151l a bejegyz\u00e8sben is olvashattad, az \u00fajrahasznos\u00edt\u00e1s (ak\u00e1r kreat\u00edv, ak\u00e1r nem) alapvet\u0151 fontoss\u00e1g\u00fa bolyg\u00f3nk \u00e9s \u00e9let\u00fcnk meg\u00f2v\u00e0sa \u00e8rdek\u00e8ben \u00e8s nemcsak a mi\u00e9nk, hanem az elk\u00f6vetkezend\u0151 nemzed\u00e9kek v\u00e9delm\u00e9ben is.<\/p>\n\t\t\t\t\t\t\t\t<\/div>\n\t\t\t\t<\/div>\n\t\t\t\t<div class=\"elementor-element elementor-element-20d0f33 elementor-widget elementor-widget-text-editor\" data-id=\"20d0f33\" data-element_type=\"widget\" data-widget_type=\"text-editor.default\">\n\t\t\t\t<div class=\"elementor-widget-container\">\n\t\t\t\t\t\t\t\t\t<h3>Ha tetszett ez a tartalom, k\u00e8rlek oszd meg az al\u00e0bbi gombok egyik\u00e8re kattintva, \u00ecgy m\u00e1sok is elolvashatj\u00e0k. K\u00f6sz\u00f6n\u00f6m!<\/h3>\n\t\t\t\t\t\t\t\t<\/div>\n\t\t\t\t<\/div>\n\t\t\t\t\t<\/div>\n\t\t<\/div>\n\t\t\t\t\t<\/div>\n\t\t<\/section>\n\t\t\t\t<\/div>\n\t\t","protected":false},"excerpt":{"rendered":"<p>A hullad\u00e9kok \u00fajrahasznos\u00edt\u00e1sa nemcsak k\u00f6rnyezetv\u00e8delmi szempontb\u00f2l nagyon fontos gyakorlat, hanem a term\u00e9szeti er\u0151forr\u00e1sok, nyersanyagok \u00e9s egy\u00e8b \u00e9rt\u00e9kes energiaforr\u00e0sok megtakar\u00edt\u00e1sa \u00e9rdek\u00e9ben is. Be kell l\u00e0tnunk hogy fogyaszt\u00f2i t\u00e0rsadalmi \u00e8letvitel\u00fcnk \u00e8s az ez\u00e0ltal termelt hatalmas mennyis\u00e9g\u0171 szemetet egyre nehezebb kezelni, a k\u00f6rnyezetszennyez\u00e9s negat\u00edv hat\u00e1sai napr\u00f3l napra egyre nyilv\u00e1nval\u00f3bbak \u00e9s k\u00e9zzelfoghat\u00f3bbak. Gyorsan kell cselekedn\u00fcnk, mindannyiunknak, \u00a0kiv\u00e9tel n\u00e9lk\u00fcl. Most [&hellip;]<\/p>\n","protected":false},"author":2,"featured_media":4237,"comment_status":"open","ping_status":"open","sticky":false,"template":"","format":"standard","meta":{"site-sidebar-layout":"default","site-content-layout":"default","ast-site-content-layout":"","site-content-style":"default","site-sidebar-style":"default","ast-global-header-display":"","ast-banner-title-visibility":"","ast-main-header-display":"","ast-hfb-above-header-display":"","ast-hfb-below-header-display":"","ast-hfb-mobile-header-display":"","site-post-title":"","ast-breadcrumbs-content":"","ast-featured-img":"","footer-sml-layout":"","theme-transparent-header-meta":"default","adv-header-id-meta":"","stick-header-meta":"default","header-above-stick-meta":"","header-main-stick-meta":"","header-below-stick-meta":"","astra-migrate-meta-layouts":"default","ast-page-background-enabled":"default","ast-page-background-meta":{"desktop":{"background-color":"","background-image":"","background-repeat":"repeat","background-position":"center center","background-size":"auto","background-attachment":"scroll","background-type":"","background-media":"","overlay-type":"","overlay-color":"","overlay-opacity":"","overlay-gradient":""},"tablet":{"background-color":"","background-image":"","background-repeat":"repeat","background-position":"center center","background-size":"auto","background-attachment":"scroll","background-type":"","background-media":"","overlay-type":"","overlay-color":"","overlay-opacity":"","overlay-gradient":""},"mobile":{"background-color":"","background-image":"","background-repeat":"repeat","background-position":"center center","background-size":"auto","background-attachment":"scroll","background-type":"","background-media":"","overlay-type":"","overlay-color":"","overlay-opacity":"","overlay-gradient":""}},"ast-content-background-meta":{"desktop":{"background-color":"var(--ast-global-color-5)","background-image":"","background-repeat":"repeat","background-position":"center center","background-size":"auto","background-attachment":"scroll","background-type":"","background-media":"","overlay-type":"","overlay-color":"","overlay-opacity":"","overlay-gradient":""},"tablet":{"background-color":"var(--ast-global-color-5)","background-image":"","background-repeat":"repeat","background-position":"center center","background-size":"auto","background-attachment":"scroll","background-type":"","background-media":"","overlay-type":"","overlay-color":"","overlay-opacity":"","overlay-gradient":""},"mobile":{"background-color":"var(--ast-global-color-5)","background-image":"","background-repeat":"repeat","background-position":"center center","background-size":"auto","background-attachment":"scroll","background-type":"","background-media":"","overlay-type":"","overlay-color":"","overlay-opacity":"","overlay-gradient":""}},"footnotes":""},"categories":[63,65,37,40],"tags":[],"class_list":["post-4820","post","type-post","status-publish","format-standard","has-post-thumbnail","hentry","category-erdekessegek","category-erdekessegek-hu","category-kreativ-ujrahasznositas","category-materiali-riciclabili"],"_links":{"self":[{"href":"https:\/\/evibossanyi.com\/hu\/wp-json\/wp\/v2\/posts\/4820","targetHints":{"allow":["GET"]}}],"collection":[{"href":"https:\/\/evibossanyi.com\/hu\/wp-json\/wp\/v2\/posts"}],"about":[{"href":"https:\/\/evibossanyi.com\/hu\/wp-json\/wp\/v2\/types\/post"}],"author":[{"embeddable":true,"href":"https:\/\/evibossanyi.com\/hu\/wp-json\/wp\/v2\/users\/2"}],"replies":[{"embeddable":true,"href":"https:\/\/evibossanyi.com\/hu\/wp-json\/wp\/v2\/comments?post=4820"}],"version-history":[{"count":0,"href":"https:\/\/evibossanyi.com\/hu\/wp-json\/wp\/v2\/posts\/4820\/revisions"}],"wp:featuredmedia":[{"embeddable":true,"href":"https:\/\/evibossanyi.com\/hu\/wp-json\/wp\/v2\/media\/4237"}],"wp:attachment":[{"href":"https:\/\/evibossanyi.com\/hu\/wp-json\/wp\/v2\/media?parent=4820"}],"wp:term":[{"taxonomy":"category","embeddable":true,"href":"https:\/\/evibossanyi.com\/hu\/wp-json\/wp\/v2\/categories?post=4820"},{"taxonomy":"post_tag","embeddable":true,"href":"https:\/\/evibossanyi.com\/hu\/wp-json\/wp\/v2\/tags?post=4820"}],"curies":[{"name":"wp","href":"https:\/\/api.w.org\/{rel}","templated":true}]}}