{"id":4709,"date":"2022-02-04T09:38:51","date_gmt":"2022-02-04T09:38:51","guid":{"rendered":"https:\/\/evibossanyi.com\/?p=4709"},"modified":"2023-07-14T13:25:04","modified_gmt":"2023-07-14T13:25:04","slug":"festa-di-san-valentino-storia-e-usanze-moderne","status":"publish","type":"post","link":"https:\/\/evibossanyi.com\/hu\/festivita-e-ricorrenze\/festa-di-san-valentino-storia-e-usanze-moderne\/","title":{"rendered":"Festa di San Valentino: storia e usanze moderne"},"content":{"rendered":"\t\t<div data-elementor-type=\"wp-post\" data-elementor-id=\"4709\" class=\"elementor elementor-4709\" data-elementor-post-type=\"post\">\n\t\t\t\t\t\t<section class=\"elementor-section elementor-top-section elementor-element elementor-element-00e88b6 elementor-section-boxed elementor-section-height-default elementor-section-height-default\" data-id=\"00e88b6\" data-element_type=\"section\" data-settings=\"{&quot;jet_parallax_layout_list&quot;:[]}\">\n\t\t\t\t\t\t<div class=\"elementor-container elementor-column-gap-default\">\n\t\t\t\t\t<div class=\"elementor-column elementor-col-100 elementor-top-column elementor-element elementor-element-a73c873\" data-id=\"a73c873\" data-element_type=\"column\">\n\t\t\t<div class=\"elementor-widget-wrap elementor-element-populated\">\n\t\t\t\t\t\t<div class=\"elementor-element elementor-element-0aacfc9 elementor-widget elementor-widget-text-editor\" data-id=\"0aacfc9\" data-element_type=\"widget\" data-widget_type=\"text-editor.default\">\n\t\t\t\t<div class=\"elementor-widget-container\">\n\t\t\t\t\t\t\t\t\t<p>Ogni anno il\u00a0 14 febbraio festeggiamo San Valentino. Chiamata anche la <em><strong>festa degli innamorati<\/strong><\/em>, \u00e8 il giorno in cui milioni di coppie in buona parte del mondo si scambiano biglietti, fiori, cioccolatini e regali di ogni genere.<\/p><p>Sai chi era San Valentino e quali sono le vere origini di questa ricorrenza?\u00a0<\/p>\t\t\t\t\t\t\t\t<\/div>\n\t\t\t\t<\/div>\n\t\t\t\t<div class=\"elementor-element elementor-element-f5ae859 elementor-widget elementor-widget-heading\" data-id=\"f5ae859\" data-element_type=\"widget\" data-widget_type=\"heading.default\">\n\t\t\t\t<div class=\"elementor-widget-container\">\n\t\t\t\t\t<h2 class=\"elementor-heading-title elementor-size-default\">Fra storia e leggende<\/h2>\t\t\t\t<\/div>\n\t\t\t\t<\/div>\n\t\t\t\t<div class=\"elementor-element elementor-element-ebbdaff elementor-widget elementor-widget-text-editor\" data-id=\"ebbdaff\" data-element_type=\"widget\" data-widget_type=\"text-editor.default\">\n\t\t\t\t<div class=\"elementor-widget-container\">\n\t\t\t\t\t\t\t\t\t<p><strong>San<em> Valentino<\/em><\/strong>, nato a Terni nel 176 d.C. e morto a Roma il 14 febbraio 273, fu il vescovo della citt\u00e0. Dedic\u00f2 tutta la sua vita alla comunit\u00e0 cristiana e alla citt\u00e0 di Terni dove infuriavano le persecuzioni contro i seguaci di Ges\u00f9.<\/p><p>Il motivo per cui San Valentino \u00e8 diventato il patrono degli innamorati \u00e8 avvolto nel mistero e le varie tesi sono molto controverse. Forse la ragione \u00e8 da ricercare nel suo martirio, sembra che l&#8217;allora vescovo di Terni sia stato giustiziato perch\u00e9 colpevole di aver celebrato il matrimonio tra una donna cristiana e un legionario romano pagano.<\/p><p><img fetchpriority=\"high\" decoding=\"async\" class=\"aligncenter size-full wp-image-4736\" src=\"https:\/\/evibossanyi.com\/wp-content\/uploads\/2022\/01\/San-Valentino-1.png\" alt=\"\" width=\"1080\" height=\"1080\" srcset=\"https:\/\/evibossanyi.com\/wp-content\/uploads\/2022\/01\/San-Valentino-1.png 1080w, https:\/\/evibossanyi.com\/wp-content\/uploads\/2022\/01\/San-Valentino-1-300x300.png 300w, https:\/\/evibossanyi.com\/wp-content\/uploads\/2022\/01\/San-Valentino-1-100x100.png 100w, https:\/\/evibossanyi.com\/wp-content\/uploads\/2022\/01\/San-Valentino-1-600x600.png 600w, https:\/\/evibossanyi.com\/wp-content\/uploads\/2022\/01\/San-Valentino-1-1024x1024.png 1024w, https:\/\/evibossanyi.com\/wp-content\/uploads\/2022\/01\/San-Valentino-1-150x150.png 150w, https:\/\/evibossanyi.com\/wp-content\/uploads\/2022\/01\/San-Valentino-1-768x768.png 768w\" sizes=\"(max-width: 1080px) 100vw, 1080px\" \/><\/p>\t\t\t\t\t\t\t\t<\/div>\n\t\t\t\t<\/div>\n\t\t\t\t<div class=\"elementor-element elementor-element-602d5e5 elementor-widget elementor-widget-text-editor\" data-id=\"602d5e5\" data-element_type=\"widget\" data-widget_type=\"text-editor.default\">\n\t\t\t\t<div class=\"elementor-widget-container\">\n\t\t\t\t\t\t\t\t\t<p>La festivit\u00e0 prende il nome da San Valentino da Terni e fu istituita da Papa Gelasio I nel 496 d.c. per sostituire i <em><strong>Lupercalia<\/strong><\/em>, riti pagani in onore del Dio della fertilit\u00e0 Luperco che si svolgevano nell\u2019Antica Roma a met\u00e0 febbraio. Alcune di queste manifestazioni ritualistiche sono arrivate fino a noi con il carnevale.<\/p><p>I lupercalia venivano celebrati il 15 febbraio ed erano accompagnati da cortei, maschere e vari rituali, alcuni di questi prevedevano che le donne si facessero frustare per strada da giovani uomini seminudi armati di fruste di pellame per propiziare la fertilit\u00e0.<\/p><p>Tali festeggiamenti non erano visti di buon occhio dalla Chiesa che decise di spostarli al giorno precedente, giorno di San Valentino. Da allora il 14 febbraio divenne la giornata degli innamorati.<\/p><p><img decoding=\"async\" class=\"aligncenter size-full wp-image-4738\" src=\"https:\/\/evibossanyi.com\/wp-content\/uploads\/2022\/01\/San-Valentino-2.png\" alt=\"\" width=\"1080\" height=\"1080\" srcset=\"https:\/\/evibossanyi.com\/wp-content\/uploads\/2022\/01\/San-Valentino-2.png 1080w, https:\/\/evibossanyi.com\/wp-content\/uploads\/2022\/01\/San-Valentino-2-300x300.png 300w, https:\/\/evibossanyi.com\/wp-content\/uploads\/2022\/01\/San-Valentino-2-100x100.png 100w, https:\/\/evibossanyi.com\/wp-content\/uploads\/2022\/01\/San-Valentino-2-600x600.png 600w, https:\/\/evibossanyi.com\/wp-content\/uploads\/2022\/01\/San-Valentino-2-1024x1024.png 1024w, https:\/\/evibossanyi.com\/wp-content\/uploads\/2022\/01\/San-Valentino-2-150x150.png 150w, https:\/\/evibossanyi.com\/wp-content\/uploads\/2022\/01\/San-Valentino-2-768x768.png 768w\" sizes=\"(max-width: 1080px) 100vw, 1080px\" \/><\/p>\t\t\t\t\t\t\t\t<\/div>\n\t\t\t\t<\/div>\n\t\t\t\t<div class=\"elementor-element elementor-element-18c9ea2 elementor-widget elementor-widget-heading\" data-id=\"18c9ea2\" data-element_type=\"widget\" data-widget_type=\"heading.default\">\n\t\t\t\t<div class=\"elementor-widget-container\">\n\t\t\t\t\t<h2 class=\"elementor-heading-title elementor-size-default\">La nascita della festa \"moderna\"<\/h2>\t\t\t\t<\/div>\n\t\t\t\t<\/div>\n\t\t\t\t<div class=\"elementor-element elementor-element-0e77a20 elementor-widget elementor-widget-text-editor\" data-id=\"0e77a20\" data-element_type=\"widget\" data-widget_type=\"text-editor.default\">\n\t\t\t\t<div class=\"elementor-widget-container\">\n\t\t\t\t\t\t\t\t\t<p>Anche la festa come la celebriamo oggi ha origini incerte, sicuramente \u00e8 arrivata molto dopo la morte del santo.<\/p><p>Secondo alcune fonti risale al medioevo, in quel periodo si riteneva che il 14 febbraio fosse il giorno dell\u2019inizio dell\u2019accoppiamento degli uccelli.<\/p><p>Altre fonti danno il merito al poeta inglese Geoffrey Chaucer che nell\u2019opera \u201cParlamento degli uccelli\u201d egli associa la ricorrenza di San Valentino al fidanzamento di Riccardo II d\u2019Inghilterra con Anna di Boemia.<\/p>\t\t\t\t\t\t\t\t<\/div>\n\t\t\t\t<\/div>\n\t\t\t\t<div class=\"elementor-element elementor-element-bc6495d elementor-widget elementor-widget-heading\" data-id=\"bc6495d\" data-element_type=\"widget\" data-widget_type=\"heading.default\">\n\t\t\t\t<div class=\"elementor-widget-container\">\n\t\t\t\t\t<h2 class=\"elementor-heading-title elementor-size-default\">La festa ai giorni nostri<\/h2>\t\t\t\t<\/div>\n\t\t\t\t<\/div>\n\t\t\t\t<div class=\"elementor-element elementor-element-a8d86e4 elementor-widget elementor-widget-text-editor\" data-id=\"a8d86e4\" data-element_type=\"widget\" data-widget_type=\"text-editor.default\">\n\t\t\t\t<div class=\"elementor-widget-container\">\n\t\t\t\t\t\t\t\t\t<p>L\u2019usanza di scambiarsi bigliettini d\u2019amore il giorno di San Valentino nacque nei paesi anglosassoni.<\/p><p>Tali bigliettini erano spesso a forma di colomba, cuore, Cupido o comunque con altri temi che rimandano all\u2019amore ed erano chiamati <em><strong>valentine<\/strong><\/em>.<\/p><p>Nel XIX secolo inizi\u00f2 la produzione industriale di bigliettini d\u2019amore, tra le pioniere del settore ci fu l\u2019imprenditrice americana Esther Howland, fu la produzione su larga scala che fece entrare la festa nella cultura popolare.<\/p><p>Nel XX secolo la tradizione dei bigliettini pass\u00f2 in secondo piano e prese campo lo scambio di regali come fiori, cioccolatini, gioielli ed oggetti artigianali.<\/p><p>\u00a0<\/p>\t\t\t\t\t\t\t\t<\/div>\n\t\t\t\t<\/div>\n\t\t\t\t<div class=\"elementor-element elementor-element-f3038f2 elementor-widget elementor-widget-heading\" data-id=\"f3038f2\" data-element_type=\"widget\" data-widget_type=\"heading.default\">\n\t\t\t\t<div class=\"elementor-widget-container\">\n\t\t\t\t\t<h2 class=\"elementor-heading-title elementor-size-default\">E tu hai gi\u00e0 pensato cosa regalare per San Valentino?<\/h2>\t\t\t\t<\/div>\n\t\t\t\t<\/div>\n\t\t\t\t<div class=\"elementor-element elementor-element-fcf8fc3 elementor-widget elementor-widget-text-editor\" data-id=\"fcf8fc3\" data-element_type=\"widget\" data-widget_type=\"text-editor.default\">\n\t\t\t\t<div class=\"elementor-widget-container\">\n\t\t\t\t\t\t\t\t\t<p>\u00a0Ancora no? Ecco alcune idee creative da cui prendere spunto!<\/p>\t\t\t\t\t\t\t\t<\/div>\n\t\t\t\t<\/div>\n\t\t\t\t<div class=\"elementor-element elementor-element-b30f838 elementor-widget elementor-widget-text-editor\" data-id=\"b30f838\" data-element_type=\"widget\" data-widget_type=\"text-editor.default\">\n\t\t\t\t<div class=\"elementor-widget-container\">\n\t\t\t\t\t\t\t\t\t<h3>\u00a0<\/h3><p>A San Valentino riempi il cuore di chi ti ama! Cestini intrecciati con cannucce di carta di giornale a forma di cuore da riempire con cioccolatini, caramelle, prodotti di bellezza e tanto altro.<\/p><p><img decoding=\"async\" class=\"aligncenter wp-image-4766 size-full\" src=\"https:\/\/evibossanyi.com\/wp-content\/uploads\/2022\/01\/San-Valentino-4.png\" alt=\"\" width=\"1080\" height=\"1080\" srcset=\"https:\/\/evibossanyi.com\/wp-content\/uploads\/2022\/01\/San-Valentino-4.png 1080w, https:\/\/evibossanyi.com\/wp-content\/uploads\/2022\/01\/San-Valentino-4-300x300.png 300w, https:\/\/evibossanyi.com\/wp-content\/uploads\/2022\/01\/San-Valentino-4-100x100.png 100w, https:\/\/evibossanyi.com\/wp-content\/uploads\/2022\/01\/San-Valentino-4-600x600.png 600w, https:\/\/evibossanyi.com\/wp-content\/uploads\/2022\/01\/San-Valentino-4-1024x1024.png 1024w, https:\/\/evibossanyi.com\/wp-content\/uploads\/2022\/01\/San-Valentino-4-150x150.png 150w, https:\/\/evibossanyi.com\/wp-content\/uploads\/2022\/01\/San-Valentino-4-768x768.png 768w\" sizes=\"(max-width: 1080px) 100vw, 1080px\" \/><\/p><p>Bellissimo cuore tridimensionale da utilizzare come complemento d&#8217;arredo in cui riporre fiori in pannolenci oppure come porta tovagliolini per dare un tocco originale alla tavola.<\/p><p><img loading=\"lazy\" decoding=\"async\" class=\"aligncenter size-full wp-image-4163\" src=\"https:\/\/evibossanyi.com\/wp-content\/uploads\/2021\/05\/Evi-Bossanyi-4.png\" alt=\"\" width=\"1080\" height=\"1080\" srcset=\"https:\/\/evibossanyi.com\/wp-content\/uploads\/2021\/05\/Evi-Bossanyi-4.png 1080w, https:\/\/evibossanyi.com\/wp-content\/uploads\/2021\/05\/Evi-Bossanyi-4-300x300.png 300w, https:\/\/evibossanyi.com\/wp-content\/uploads\/2021\/05\/Evi-Bossanyi-4-100x100.png 100w, https:\/\/evibossanyi.com\/wp-content\/uploads\/2021\/05\/Evi-Bossanyi-4-600x600.png 600w, https:\/\/evibossanyi.com\/wp-content\/uploads\/2021\/05\/Evi-Bossanyi-4-1024x1024.png 1024w, https:\/\/evibossanyi.com\/wp-content\/uploads\/2021\/05\/Evi-Bossanyi-4-150x150.png 150w, https:\/\/evibossanyi.com\/wp-content\/uploads\/2021\/05\/Evi-Bossanyi-4-768x768.png 768w\" sizes=\"(max-width: 1080px) 100vw, 1080px\" \/><\/p>\t\t\t\t\t\t\t\t<\/div>\n\t\t\t\t<\/div>\n\t\t\t\t<div class=\"elementor-element elementor-element-3b4fe18 elementor-widget-divider--view-line elementor-widget elementor-widget-divider\" data-id=\"3b4fe18\" data-element_type=\"widget\" data-widget_type=\"divider.default\">\n\t\t\t\t<div class=\"elementor-widget-container\">\n\t\t\t\t\t\t\t<div class=\"elementor-divider\">\n\t\t\t<span class=\"elementor-divider-separator\">\n\t\t\t\t\t\t<\/span>\n\t\t<\/div>\n\t\t\t\t\t\t<\/div>\n\t\t\t\t<\/div>\n\t\t\t\t<div class=\"elementor-element elementor-element-f1519b8 elementor-widget elementor-widget-text-editor\" data-id=\"f1519b8\" data-element_type=\"widget\" data-widget_type=\"text-editor.default\">\n\t\t\t\t<div class=\"elementor-widget-container\">\n\t\t\t\t\t\t\t\t\t<p>Se hai gi\u00e0 in mente cosa regalare alla tua dolce met\u00e0 ma stai ancora cercando idee per confezionarlo <a href=\"https:\/\/evibossanyi.com\/cucito-creativo\/confezione-regalo-fai-da-te-per-san-valentino\/\"><strong>clicca qui<\/strong><\/a> e guarda questo tutorial fotografico.\u00a0 Ti mostro un\u2019idea semplice e superveloce che render\u00e0 il tuo dono d\u2019amore ancora pi\u00f9 personale, in pi\u00f9 imparerai anche come creare un cartamodello adatto alle tue esigenze.<\/p><p><img loading=\"lazy\" decoding=\"async\" class=\"aligncenter size-full wp-image-3186\" src=\"https:\/\/evibossanyi.com\/wp-content\/uploads\/2021\/02\/scatola-san-valentino-5-2.png\" alt=\"\" width=\"1080\" height=\"1080\" srcset=\"https:\/\/evibossanyi.com\/wp-content\/uploads\/2021\/02\/scatola-san-valentino-5-2.png 1080w, https:\/\/evibossanyi.com\/wp-content\/uploads\/2021\/02\/scatola-san-valentino-5-2-300x300.png 300w, https:\/\/evibossanyi.com\/wp-content\/uploads\/2021\/02\/scatola-san-valentino-5-2-100x100.png 100w, https:\/\/evibossanyi.com\/wp-content\/uploads\/2021\/02\/scatola-san-valentino-5-2-600x600.png 600w, https:\/\/evibossanyi.com\/wp-content\/uploads\/2021\/02\/scatola-san-valentino-5-2-1024x1024.png 1024w, https:\/\/evibossanyi.com\/wp-content\/uploads\/2021\/02\/scatola-san-valentino-5-2-150x150.png 150w, https:\/\/evibossanyi.com\/wp-content\/uploads\/2021\/02\/scatola-san-valentino-5-2-768x768.png 768w\" sizes=\"(max-width: 1080px) 100vw, 1080px\" \/><\/p>\t\t\t\t\t\t\t\t<\/div>\n\t\t\t\t<\/div>\n\t\t\t\t<div class=\"elementor-element elementor-element-7ee83c7 elementor-widget-divider--view-line elementor-widget elementor-widget-divider\" data-id=\"7ee83c7\" data-element_type=\"widget\" data-widget_type=\"divider.default\">\n\t\t\t\t<div class=\"elementor-widget-container\">\n\t\t\t\t\t\t\t<div class=\"elementor-divider\">\n\t\t\t<span class=\"elementor-divider-separator\">\n\t\t\t\t\t\t<\/span>\n\t\t<\/div>\n\t\t\t\t\t\t<\/div>\n\t\t\t\t<\/div>\n\t\t\t\t<div class=\"elementor-element elementor-element-1bbf7d3 elementor-widget elementor-widget-text-editor\" data-id=\"1bbf7d3\" data-element_type=\"widget\" data-widget_type=\"text-editor.default\">\n\t\t\t\t<div class=\"elementor-widget-container\">\n\t\t\t\t\t\t\t\t\t<h3>Se ti \u00e8 piaciuto questo contenuto condividilo cliccando sui bottoni qui sotto, grazie!<\/h3>\t\t\t\t\t\t\t\t<\/div>\n\t\t\t\t<\/div>\n\t\t\t\t\t<\/div>\n\t\t<\/div>\n\t\t\t\t\t<\/div>\n\t\t<\/section>\n\t\t\t\t<\/div>\n\t\t","protected":false},"excerpt":{"rendered":"<p>Ogni anno il\u00a0 14 febbraio festeggiamo San Valentino. Chiamata anche la festa degli innamorati, \u00e8 il giorno in cui milioni di coppie in buona parte del mondo si scambiano biglietti, fiori, cioccolatini e regali di ogni genere. Sai chi era San Valentino e quali sono le vere origini di questa ricorrenza?\u00a0 Fra storia e leggende [&hellip;]<\/p>\n","protected":false},"author":2,"featured_media":4710,"comment_status":"open","ping_status":"open","sticky":false,"template":"","format":"standard","meta":{"site-sidebar-layout":"default","site-content-layout":"default","ast-site-content-layout":"","site-content-style":"default","site-sidebar-style":"default","ast-global-header-display":"","ast-banner-title-visibility":"","ast-main-header-display":"","ast-hfb-above-header-display":"","ast-hfb-below-header-display":"","ast-hfb-mobile-header-display":"","site-post-title":"","ast-breadcrumbs-content":"","ast-featured-img":"","footer-sml-layout":"","theme-transparent-header-meta":"default","adv-header-id-meta":"","stick-header-meta":"default","header-above-stick-meta":"","header-main-stick-meta":"","header-below-stick-meta":"","astra-migrate-meta-layouts":"default","ast-page-background-enabled":"default","ast-page-background-meta":{"desktop":{"background-color":"","background-image":"","background-repeat":"repeat","background-position":"center center","background-size":"auto","background-attachment":"scroll","background-type":"","background-media":"","overlay-type":"","overlay-color":"","overlay-opacity":"","overlay-gradient":""},"tablet":{"background-color":"","background-image":"","background-repeat":"repeat","background-position":"center center","background-size":"auto","background-attachment":"scroll","background-type":"","background-media":"","overlay-type":"","overlay-color":"","overlay-opacity":"","overlay-gradient":""},"mobile":{"background-color":"","background-image":"","background-repeat":"repeat","background-position":"center center","background-size":"auto","background-attachment":"scroll","background-type":"","background-media":"","overlay-type":"","overlay-color":"","overlay-opacity":"","overlay-gradient":""}},"ast-content-background-meta":{"desktop":{"background-color":"var(--ast-global-color-5)","background-image":"","background-repeat":"repeat","background-position":"center center","background-size":"auto","background-attachment":"scroll","background-type":"","background-media":"","overlay-type":"","overlay-color":"","overlay-opacity":"","overlay-gradient":""},"tablet":{"background-color":"var(--ast-global-color-5)","background-image":"","background-repeat":"repeat","background-position":"center center","background-size":"auto","background-attachment":"scroll","background-type":"","background-media":"","overlay-type":"","overlay-color":"","overlay-opacity":"","overlay-gradient":""},"mobile":{"background-color":"var(--ast-global-color-5)","background-image":"","background-repeat":"repeat","background-position":"center center","background-size":"auto","background-attachment":"scroll","background-type":"","background-media":"","overlay-type":"","overlay-color":"","overlay-opacity":"","overlay-gradient":""}},"footnotes":""},"categories":[62,61],"tags":[],"class_list":["post-4709","post","type-post","status-publish","format-standard","has-post-thumbnail","hentry","category-curiosita","category-festivita-e-ricorrenze"],"_links":{"self":[{"href":"https:\/\/evibossanyi.com\/hu\/wp-json\/wp\/v2\/posts\/4709","targetHints":{"allow":["GET"]}}],"collection":[{"href":"https:\/\/evibossanyi.com\/hu\/wp-json\/wp\/v2\/posts"}],"about":[{"href":"https:\/\/evibossanyi.com\/hu\/wp-json\/wp\/v2\/types\/post"}],"author":[{"embeddable":true,"href":"https:\/\/evibossanyi.com\/hu\/wp-json\/wp\/v2\/users\/2"}],"replies":[{"embeddable":true,"href":"https:\/\/evibossanyi.com\/hu\/wp-json\/wp\/v2\/comments?post=4709"}],"version-history":[{"count":0,"href":"https:\/\/evibossanyi.com\/hu\/wp-json\/wp\/v2\/posts\/4709\/revisions"}],"wp:featuredmedia":[{"embeddable":true,"href":"https:\/\/evibossanyi.com\/hu\/wp-json\/wp\/v2\/media\/4710"}],"wp:attachment":[{"href":"https:\/\/evibossanyi.com\/hu\/wp-json\/wp\/v2\/media?parent=4709"}],"wp:term":[{"taxonomy":"category","embeddable":true,"href":"https:\/\/evibossanyi.com\/hu\/wp-json\/wp\/v2\/categories?post=4709"},{"taxonomy":"post_tag","embeddable":true,"href":"https:\/\/evibossanyi.com\/hu\/wp-json\/wp\/v2\/tags?post=4709"}],"curies":[{"name":"wp","href":"https:\/\/api.w.org\/{rel}","templated":true}]}}