{"id":4219,"date":"2021-05-21T04:26:17","date_gmt":"2021-05-21T04:26:17","guid":{"rendered":"https:\/\/evibossanyi.com\/uncategorized-hu\/a-szinek-lelektani-jelentese\/"},"modified":"2021-05-20T14:15:45","modified_gmt":"2021-05-20T14:15:45","slug":"a-szinek-lelektani-jelentese","status":"publish","type":"post","link":"https:\/\/evibossanyi.com\/hu\/a-szinek-vilaga\/a-szinek-lelektani-jelentese\/","title":{"rendered":"A sz\u00ecnek l\u00e8lektani jelent\u00e8se"},"content":{"rendered":"\t\t<div data-elementor-type=\"wp-post\" data-elementor-id=\"4219\" class=\"elementor elementor-4219 elementor-4194\" data-elementor-post-type=\"post\">\n\t\t\t\t\t\t<section class=\"elementor-section elementor-top-section elementor-element elementor-element-8d5bc1e elementor-section-boxed elementor-section-height-default elementor-section-height-default\" data-id=\"8d5bc1e\" data-element_type=\"section\" data-settings=\"{&quot;jet_parallax_layout_list&quot;:[]}\">\n\t\t\t\t\t\t<div class=\"elementor-container elementor-column-gap-default\">\n\t\t\t\t\t<div class=\"elementor-column elementor-col-100 elementor-top-column elementor-element elementor-element-7ea0a73\" data-id=\"7ea0a73\" data-element_type=\"column\">\n\t\t\t<div class=\"elementor-widget-wrap elementor-element-populated\">\n\t\t\t\t\t\t<div class=\"elementor-element elementor-element-241aafa elementor-widget elementor-widget-text-editor\" data-id=\"241aafa\" data-element_type=\"widget\" data-widget_type=\"text-editor.default\">\n\t\t\t\t<div class=\"elementor-widget-container\">\n\t\t\t\t\t\t\t\t\t<p>Ahogy err\u0151l m\u00e0r az el\u0151z\u0151 bejegyz\u00e8sekben is sz\u00f2 esett, a sz\u00ecnek hat\u00e0ssal vannak a szervezet\u00fcnkre \u00e8s k\u00e8pesek befoly\u00e0solni az \u00e8rzelmeinket \u00e8s ez\u00e0ltal bizonyos dolgokhoz val\u00f2 hozz\u00e0\u00e0ll\u00e0sunkat is. A sz\u00ecn\u00e8rz\u00e8kel\u00e8s m\u00f2dj\u00e0nak \u00e8s a szem\u00e8lyes tapasztalatainknak k\u00f6sz\u00f6nhet\u0151en mindannyian rendelkez\u00fcnk egy szem\u00e8lyes sz\u00ecnpalett\u00e0val amely meghat\u00e0rozza a lelki vil\u00e0gunkat \u00e8s a viselked\u00e8s\u00fcnket is.<\/p>\n<p>Amikor a sz\u00ecnek l\u00e8lektani jelent\u00e8s\u00e8r\u0151l besz\u00e8l\u00fcnk akkor <em><strong>\u00e8rz\u00e8sek<\/strong><\/em>r\u0151l \u00e8s <em><strong>\u00e8lm\u00e8nyek<\/strong><\/em>r\u0151l besz\u00e8l\u00fcnk. Ezek pedig nem a f\u00e8ny fizikai tulajdons\u00e0gain alapulnak hanem azon, hogy milyen kult\u00f9r\u00e0lis k\u00f6r\u00fclm\u00e8nyben \u00e8l\u00fcnk \u00e8s milyen \u00e8lm\u00e8nyeket \u00e8lt\u00fcnk m\u00e0r \u00e0t.<\/p>\n<p>A sz\u00ecneket egy igazi, k\u00fcl\u00f6n\u00e0ll\u00f2 nyelvk\u00e8nt is tekinthetj\u00fck \u00e8s ahhoz hogy komunik\u00e0lni is tudjunk vel\u00fck sz\u00fcks\u00e8gszer\u0171en alaposan meg kell ismern\u00fcnk \u0151ket. Ebben a bejegyz\u00e8sben most az alapvet\u0151 sz\u00ecnek jelent\u00e8s\u00e8r\u0151l \u00e8s r\u00e0nk val\u00f2 hat\u00e0saikr\u00f2l olvashatsz.<\/p>\n\t\t\t\t\t\t\t\t<\/div>\n\t\t\t\t<\/div>\n\t\t\t\t<div class=\"elementor-element elementor-element-3dbde82 elementor-widget elementor-widget-image\" data-id=\"3dbde82\" data-element_type=\"widget\" data-widget_type=\"image.default\">\n\t\t\t\t<div class=\"elementor-widget-container\">\n\t\t\t\t\t\t\t\t\t\t\t\t\t\t\t<img fetchpriority=\"high\" decoding=\"async\" width=\"1024\" height=\"1024\" src=\"https:\/\/evibossanyi.com\/wp-content\/uploads\/2021\/05\/La-psicologia-dei-colori-1-1024x1024.png\" class=\"attachment-large size-large wp-image-4199\" alt=\"\" srcset=\"https:\/\/evibossanyi.com\/wp-content\/uploads\/2021\/05\/La-psicologia-dei-colori-1-1024x1024.png 1024w, https:\/\/evibossanyi.com\/wp-content\/uploads\/2021\/05\/La-psicologia-dei-colori-1-300x300.png 300w, https:\/\/evibossanyi.com\/wp-content\/uploads\/2021\/05\/La-psicologia-dei-colori-1-100x100.png 100w, https:\/\/evibossanyi.com\/wp-content\/uploads\/2021\/05\/La-psicologia-dei-colori-1-600x600.png 600w, https:\/\/evibossanyi.com\/wp-content\/uploads\/2021\/05\/La-psicologia-dei-colori-1-150x150.png 150w, https:\/\/evibossanyi.com\/wp-content\/uploads\/2021\/05\/La-psicologia-dei-colori-1-768x768.png 768w, https:\/\/evibossanyi.com\/wp-content\/uploads\/2021\/05\/La-psicologia-dei-colori-1.png 1080w\" sizes=\"(max-width: 1024px) 100vw, 1024px\" \/>\t\t\t\t\t\t\t\t\t\t\t\t\t\t\t<\/div>\n\t\t\t\t<\/div>\n\t\t\t\t<div class=\"elementor-element elementor-element-fcd14c2 elementor-widget elementor-widget-text-editor\" data-id=\"fcd14c2\" data-element_type=\"widget\" data-widget_type=\"text-editor.default\">\n\t\t\t\t<div class=\"elementor-widget-container\">\n\t\t\t\t\t\t\t\t\t<p>Nagy vonalakban elmondhat\u00f2, hogy a meleg sz\u00ecnek mint a s\u00e0rga, a narancss\u00e0rga \u00e8s a piros serkent\u0151 \u00e8s pozit\u00ecv hat\u00e0st gyakorolnak r\u00e0nk, de f\u00e8ktelen \u00e8s hat\u00e0rozott \u00e8rz\u00e8seket is k\u00f6szvet\u00ecthetnek. A semleges sz\u00ecnek mint a fekete, a feh\u00e8r \u00e8s a sz\u00fcrke nagyon eleg\u00e0ns, de passz\u00ecv sz\u00ecnek: hidegek \u00e8s t\u00e0vols\u00e0gtart\u00f2ak, sokszor kellemetlen \u00e8rzetet keltenek benn\u00fcnk. A l\u00e0gy pasztellsz\u00ecnek valamint az vil\u00e0gosk\u00e8k \u00e8s a z\u00f6ld pedig megnyugtat\u00f2, bizalomkelt\u0151 hat\u00e0ssal vannak r\u00e0nk.<\/p>\n\t\t\t\t\t\t\t\t<\/div>\n\t\t\t\t<\/div>\n\t\t\t\t<div class=\"elementor-element elementor-element-66b371f elementor-widget elementor-widget-heading\" data-id=\"66b371f\" data-element_type=\"widget\" data-widget_type=\"heading.default\">\n\t\t\t\t<div class=\"elementor-widget-container\">\n\t\t\t\t\t<h2 class=\"elementor-heading-title elementor-size-default\">Piros<\/h2>\t\t\t\t<\/div>\n\t\t\t\t<\/div>\n\t\t\t\t<div class=\"elementor-element elementor-element-b97e284 elementor-widget elementor-widget-text-editor\" data-id=\"b97e284\" data-element_type=\"widget\" data-widget_type=\"text-editor.default\">\n\t\t\t\t<div class=\"elementor-widget-container\">\n\t\t\t\t\t\t\t\t\t<p>Szenved\u00e8lyes, b\u00e0tor \u00e8s nagyon serkent\u0151 hat\u00e0s\u00f9 sz\u00ecn, sokan t\u00f9l agressz\u00ecvnek \u00ect\u00e8lik. A vesz\u00e8ly, a v\u00e8r, a t\u0171z \u00e8s az er\u0151szak jelk\u00e8pek\u00e8nt is sz\u00e0mon tartj\u00e0k. \u00c8rdekess\u00e8g, hogy a piros a sziv\u00e0rv\u00e0ny els\u0151 sz\u00ecne, amelyet az \u00f9jsz\u00fcl\u00f6ttek felismernek \u00e8s ez az els\u0151 sz\u00ecn is amelyet minden n\u00e8p a nev\u00e8n nevezett. A korakereszt\u00e8ny m\u0171v\u00e8szetben a feket\u00e8vel egyetemben Lucifer szimb\u00f2luma.<\/p>\n\t\t\t\t\t\t\t\t<\/div>\n\t\t\t\t<\/div>\n\t\t\t\t<div class=\"elementor-element elementor-element-da63c80 elementor-widget elementor-widget-heading\" data-id=\"da63c80\" data-element_type=\"widget\" data-widget_type=\"heading.default\">\n\t\t\t\t<div class=\"elementor-widget-container\">\n\t\t\t\t\t<h2 class=\"elementor-heading-title elementor-size-default\">Narancss\u00e0rga<\/h2>\t\t\t\t<\/div>\n\t\t\t\t<\/div>\n\t\t\t\t<div class=\"elementor-element elementor-element-de52b37 elementor-widget elementor-widget-text-editor\" data-id=\"de52b37\" data-element_type=\"widget\" data-widget_type=\"text-editor.default\">\n\t\t\t\t<div class=\"elementor-widget-container\">\n\t\t\t\t\t\t\t\t\t<p>A vend\u00e8gszeretet \u00e8s a kellemes fogadtat\u00e0s jelk\u00e8pe. Vibr\u00e0l\u00f2, energi\u00e0val \u00e8s \u00e8leter\u0151vel teli sz\u00ecnk\u00e8nt \u00e8rz\u00e8kelj\u00fck. A figyelemmel, a kutat\u00e0ssal, a t\u0171zzel \u00e8s a l\u00e0nggal, de a v\u00e0ggyal is szoktuk azonos\u00ectani.<\/p>\n\t\t\t\t\t\t\t\t<\/div>\n\t\t\t\t<\/div>\n\t\t\t\t<div class=\"elementor-element elementor-element-3dcda47 elementor-widget elementor-widget-heading\" data-id=\"3dcda47\" data-element_type=\"widget\" data-widget_type=\"heading.default\">\n\t\t\t\t<div class=\"elementor-widget-container\">\n\t\t\t\t\t<h2 class=\"elementor-heading-title elementor-size-default\">S\u00e0rga<\/h2>\t\t\t\t<\/div>\n\t\t\t\t<\/div>\n\t\t\t\t<div class=\"elementor-element elementor-element-25d19f8 elementor-widget elementor-widget-text-editor\" data-id=\"25d19f8\" data-element_type=\"widget\" data-widget_type=\"text-editor.default\">\n\t\t\t\t<div class=\"elementor-widget-container\">\n\t\t\t\t\t\t\t\t\t<p>C<\/p>\n<p>A Nap sz\u00ecne, vid\u00e0ms\u00e0got, boldogs\u00e0got \u00e8s rem\u00e8nyt is jelk\u00e8pez. Nagyon energikus \u00e8s \u00e8p\u00ect\u0151 jelleg\u0171 sz\u00ecn, amelyet sokszor a szabads\u00e0ggal \u00e8s az \u00f6nfejl\u0151d\u00e8ssel is szoktak t\u00e0rs\u00ectani. Egyes szak\u00e8rt\u0151k szerint viszont igencsak ellentmond\u00e0sos sz\u00ecnr\u0151l van sz\u00f2: egyid\u0151ben jelk\u00e8pezi a j\u00f2t \u00e8s a rosszat, az optimizmust \u00e8s a f\u00e8lt\u00e8kenys\u00e8get, a meg\u00e8rt\u00e8st \u00e8s a megcsal\u00e0st.<\/p>\n\t\t\t\t\t\t\t\t<\/div>\n\t\t\t\t<\/div>\n\t\t\t\t<div class=\"elementor-element elementor-element-29be5e6 elementor-widget elementor-widget-heading\" data-id=\"29be5e6\" data-element_type=\"widget\" data-widget_type=\"heading.default\">\n\t\t\t\t<div class=\"elementor-widget-container\">\n\t\t\t\t\t<h2 class=\"elementor-heading-title elementor-size-default\">Z\u00f6ld<\/h2>\t\t\t\t<\/div>\n\t\t\t\t<\/div>\n\t\t\t\t<div class=\"elementor-element elementor-element-26e0285 elementor-widget elementor-widget-text-editor\" data-id=\"26e0285\" data-element_type=\"widget\" data-widget_type=\"text-editor.default\">\n\t\t\t\t<div class=\"elementor-widget-container\">\n\t\t\t\t\t\t\t\t\t<p>A term\u00e8szet, a k\u00f6rnyezet, az \u00e8let, a n\u00f6veked\u00e8s, a tavasz, a fiatals\u00e0g, a term\u00e8kenys\u00e8g \u00e8s az \u00f9j kezdet sz\u00ecne, de a m\u00e8reg szimb\u00f2luma is. Pszichol\u00f2giai szempontb\u00f2l n\u00e8zve a z\u00f6ld \u00e0ltal teremtett stabilit\u00e0s olyan \u00e8rt\u00e8ket k\u00e8pvisel, amelyek nem v\u00e0ltozik. \u00a0Ennek a sz\u00ecnnek a tudatos v\u00e0laszt\u00e0sa nagy \u00f6nbecs\u00fcl\u00e9sre is utal.<\/p>\n\t\t\t\t\t\t\t\t<\/div>\n\t\t\t\t<\/div>\n\t\t\t\t<div class=\"elementor-element elementor-element-571956b elementor-widget elementor-widget-heading\" data-id=\"571956b\" data-element_type=\"widget\" data-widget_type=\"heading.default\">\n\t\t\t\t<div class=\"elementor-widget-container\">\n\t\t\t\t\t<h2 class=\"elementor-heading-title elementor-size-default\">K\u00e8k<\/h2>\t\t\t\t<\/div>\n\t\t\t\t<\/div>\n\t\t\t\t<div class=\"elementor-element elementor-element-50b9d1a elementor-widget elementor-widget-text-editor\" data-id=\"50b9d1a\" data-element_type=\"widget\" data-widget_type=\"text-editor.default\">\n\t\t\t\t<div class=\"elementor-widget-container\">\n\t\t\t\t\t\t\t\t\t<p>Az eur\u00f2pai emberek \u00e8s f\u0151k\u00e8nt a f\u00e8rfiak kedvenc sz\u00ecne. A k\u00e8k a biztons\u00e0g, a felel\u0151ss\u00e8gtudat \u00e8s a bizalom jelk\u00e8pe. Ezen k\u00ecv\u00fcl a nyugodts\u00e0g, a v\u00ecz, az \u00e8gbolt, a harm\u00f2nia \u00e8s a h\u0171s\u00e8g szimb\u00f2luma is.<\/p>\n\t\t\t\t\t\t\t\t<\/div>\n\t\t\t\t<\/div>\n\t\t\t\t<div class=\"elementor-element elementor-element-1c88138 elementor-widget elementor-widget-image\" data-id=\"1c88138\" data-element_type=\"widget\" data-widget_type=\"image.default\">\n\t\t\t\t<div class=\"elementor-widget-container\">\n\t\t\t\t\t\t\t\t\t\t\t\t\t\t\t<img decoding=\"async\" width=\"1024\" height=\"1024\" src=\"https:\/\/evibossanyi.com\/wp-content\/uploads\/2021\/05\/La-psicologia-dei-colori-2-1024x1024.png\" class=\"attachment-large size-large wp-image-4205\" alt=\"\" srcset=\"https:\/\/evibossanyi.com\/wp-content\/uploads\/2021\/05\/La-psicologia-dei-colori-2-1024x1024.png 1024w, https:\/\/evibossanyi.com\/wp-content\/uploads\/2021\/05\/La-psicologia-dei-colori-2-300x300.png 300w, https:\/\/evibossanyi.com\/wp-content\/uploads\/2021\/05\/La-psicologia-dei-colori-2-100x100.png 100w, https:\/\/evibossanyi.com\/wp-content\/uploads\/2021\/05\/La-psicologia-dei-colori-2-600x600.png 600w, https:\/\/evibossanyi.com\/wp-content\/uploads\/2021\/05\/La-psicologia-dei-colori-2-150x150.png 150w, https:\/\/evibossanyi.com\/wp-content\/uploads\/2021\/05\/La-psicologia-dei-colori-2-768x768.png 768w, https:\/\/evibossanyi.com\/wp-content\/uploads\/2021\/05\/La-psicologia-dei-colori-2.png 1080w\" sizes=\"(max-width: 1024px) 100vw, 1024px\" \/>\t\t\t\t\t\t\t\t\t\t\t\t\t\t\t<\/div>\n\t\t\t\t<\/div>\n\t\t\t\t<div class=\"elementor-element elementor-element-d57714a elementor-widget elementor-widget-heading\" data-id=\"d57714a\" data-element_type=\"widget\" data-widget_type=\"heading.default\">\n\t\t\t\t<div class=\"elementor-widget-container\">\n\t\t\t\t\t<h2 class=\"elementor-heading-title elementor-size-default\">Feh\u00e8r<\/h2>\t\t\t\t<\/div>\n\t\t\t\t<\/div>\n\t\t\t\t<div class=\"elementor-element elementor-element-0860111 elementor-widget elementor-widget-text-editor\" data-id=\"0860111\" data-element_type=\"widget\" data-widget_type=\"text-editor.default\">\n\t\t\t\t<div class=\"elementor-widget-container\">\n\t\t\t\t\t\t\t\t\t<p>A tisztas\u00e0g, az \u00e0rtatlans\u00e0g, a t\u00e8r, az \u00f6nmegtart\u00f2ztat\u00e0s, az egyszer\u0171s\u00e8g \u00e8s a b\u00e8ke szimb\u00f2luma, de ridegs\u00e8get, k\u00f6z\u00f6nb\u00f6ss\u00e8get \u00e8s a term\u00e8ketlens\u00e8get is t\u00e0rsulhat hozz\u00e0. A feh\u00e8r sz\u00ecn a f\u00e8ny maxim\u00e0lis intenzit\u00e0s\u00e0t is jel\u00f6li. A keleti kult\u00f9r\u00e0kban viszont a gy\u00e0sz \u00e8s a hal\u00e0l sz\u00ecne.<\/p>\n\t\t\t\t\t\t\t\t<\/div>\n\t\t\t\t<\/div>\n\t\t\t\t<div class=\"elementor-element elementor-element-082bfd8 elementor-widget elementor-widget-heading\" data-id=\"082bfd8\" data-element_type=\"widget\" data-widget_type=\"heading.default\">\n\t\t\t\t<div class=\"elementor-widget-container\">\n\t\t\t\t\t<h2 class=\"elementor-heading-title elementor-size-default\">Fekete<\/h2>\t\t\t\t<\/div>\n\t\t\t\t<\/div>\n\t\t\t\t<div class=\"elementor-element elementor-element-877ef31 elementor-widget elementor-widget-text-editor\" data-id=\"877ef31\" data-element_type=\"widget\" data-widget_type=\"text-editor.default\">\n\t\t\t\t<div class=\"elementor-widget-container\">\n\t\t\t\t\t\t\t\t\t<p>Lehet kifinomult, eleg\u00e0ns vagy titokzatos \u00e8s ha a megfelel\u0151 m\u00f2don alkalmazzuk akkor nagyon sikkes, egyedi hat\u00e0st is el\u00e8rhet\u00fcnk vele. \u00c1ltal\u00e0ban a hatalommal, a m\u00e0gi\u00e0val, a titkzatoss\u00e0ggal \u00e8s az \u00e8jszak\u00e0val szoktuk azonos\u00ectani, de a gonoszs\u00e0ggal, a szomor\u00f9s\u00f9ggal \u00e8s a haraggal is asszoci\u00e0lhat\u00f2. A nyugati kult\u00f9r\u00e0kban a gy\u00e0sz \u00e8s a hal\u00e0l sz\u00ecne.<\/p>\n\t\t\t\t\t\t\t\t<\/div>\n\t\t\t\t<\/div>\n\t\t\t\t<div class=\"elementor-element elementor-element-3ba04b6 elementor-widget elementor-widget-heading\" data-id=\"3ba04b6\" data-element_type=\"widget\" data-widget_type=\"heading.default\">\n\t\t\t\t<div class=\"elementor-widget-container\">\n\t\t\t\t\t<h2 class=\"elementor-heading-title elementor-size-default\">Sz\u00fcrke<\/h2>\t\t\t\t<\/div>\n\t\t\t\t<\/div>\n\t\t\t\t<div class=\"elementor-element elementor-element-ecd93ea elementor-widget elementor-widget-text-editor\" data-id=\"ecd93ea\" data-element_type=\"widget\" data-widget_type=\"text-editor.default\">\n\t\t\t\t<div class=\"elementor-widget-container\">\n\t\t\t\t\t\t\t\t\t<p>Teljesen ingermentes sz\u00ecn, aki ezt a sz\u00ecnt v\u00e0lasztja \u00e0ltal\u00e0ban nem hajland\u00f2 komprimisszumokra, nincs felel\u0151ss\u00e8gtudata \u00e8s nem szereti ha b\u00e0rmilyen t\u00e8ren r\u00e8szv\u00e8telre k\u00e8nyszer\u00fcl. Pszichol\u00f2giai szempontb\u00f2l a mozdulatlans\u00e0g \u00e8s az indokl\u00e0si k\u00e8nyszert is jel\u00f6li. A semlegess\u00e8g, az intelligencia, a szil\u00e0rds\u00e0g, valamilyen a modern dolgok szimb\u00f2luma, de az \u00e8retts\u00e8ggel \u00e8s a szomor\u00f9s\u00e0ggal is szokt\u00e0k t\u00e0rs\u00ectani.<\/p>\n\t\t\t\t\t\t\t\t<\/div>\n\t\t\t\t<\/div>\n\t\t\t\t<div class=\"elementor-element elementor-element-b12970c elementor-widget elementor-widget-heading\" data-id=\"b12970c\" data-element_type=\"widget\" data-widget_type=\"heading.default\">\n\t\t\t\t<div class=\"elementor-widget-container\">\n\t\t\t\t\t<h2 class=\"elementor-heading-title elementor-size-default\">Barna<\/h2>\t\t\t\t<\/div>\n\t\t\t\t<\/div>\n\t\t\t\t<div class=\"elementor-element elementor-element-0d8f96a elementor-widget elementor-widget-text-editor\" data-id=\"0d8f96a\" data-element_type=\"widget\" data-widget_type=\"text-editor.default\">\n\t\t\t\t<div class=\"elementor-widget-container\">\n\t\t\t\t\t\t\t\t\t<p>A semlegess\u00e8g, a f\u00f6ld \u00e8s a melegs\u00e8g sz\u00ecne. Az emberek nagy t\u00f6bbs\u00e8ge nem igaz\u00e0n szereti mert \u00e0ltal\u00e0ban a piszokkal asszoci\u00e0lja. \u00c8rdekess\u00e8g, hogy a barna sz\u00ecn t\u00f9ls\u00e0gos szeretete, az ir\u00e0nta \u00e8rzett abszol\u00f9t k\u00f6z\u00f6nb\u00f6ss\u00e8g vagy teljes megvet\u00e8s egy meghat\u00e0rozott fajta viselked\u00e8sre utal minden fizikai \u00e8s testi \u00e8lvezettel szemben.<\/p>\n\t\t\t\t\t\t\t\t<\/div>\n\t\t\t\t<\/div>\n\t\t\t\t<div class=\"elementor-element elementor-element-09eb1d6 elementor-widget elementor-widget-image\" data-id=\"09eb1d6\" data-element_type=\"widget\" data-widget_type=\"image.default\">\n\t\t\t\t<div class=\"elementor-widget-container\">\n\t\t\t\t\t\t\t\t\t\t\t\t\t\t\t<img decoding=\"async\" width=\"1024\" height=\"1024\" src=\"https:\/\/evibossanyi.com\/wp-content\/uploads\/2021\/05\/La-psicologia-dei-colori-3-1024x1024.png\" class=\"attachment-large size-large wp-image-4211\" alt=\"\" srcset=\"https:\/\/evibossanyi.com\/wp-content\/uploads\/2021\/05\/La-psicologia-dei-colori-3-1024x1024.png 1024w, https:\/\/evibossanyi.com\/wp-content\/uploads\/2021\/05\/La-psicologia-dei-colori-3-300x300.png 300w, https:\/\/evibossanyi.com\/wp-content\/uploads\/2021\/05\/La-psicologia-dei-colori-3-100x100.png 100w, https:\/\/evibossanyi.com\/wp-content\/uploads\/2021\/05\/La-psicologia-dei-colori-3-600x600.png 600w, https:\/\/evibossanyi.com\/wp-content\/uploads\/2021\/05\/La-psicologia-dei-colori-3-150x150.png 150w, https:\/\/evibossanyi.com\/wp-content\/uploads\/2021\/05\/La-psicologia-dei-colori-3-768x768.png 768w, https:\/\/evibossanyi.com\/wp-content\/uploads\/2021\/05\/La-psicologia-dei-colori-3.png 1080w\" sizes=\"(max-width: 1024px) 100vw, 1024px\" \/>\t\t\t\t\t\t\t\t\t\t\t\t\t\t\t<\/div>\n\t\t\t\t<\/div>\n\t\t\t\t<div class=\"elementor-element elementor-element-56f1d79 elementor-widget elementor-widget-heading\" data-id=\"56f1d79\" data-element_type=\"widget\" data-widget_type=\"heading.default\">\n\t\t\t\t<div class=\"elementor-widget-container\">\n\t\t\t\t\t<h2 class=\"elementor-heading-title elementor-size-default\">Lila<\/h2>\t\t\t\t<\/div>\n\t\t\t\t<\/div>\n\t\t\t\t<div class=\"elementor-element elementor-element-95aed6a elementor-widget elementor-widget-text-editor\" data-id=\"95aed6a\" data-element_type=\"widget\" data-widget_type=\"text-editor.default\">\n\t\t\t\t<div class=\"elementor-widget-container\">\n\t\t\t\t\t\t\t\t\t<p>Gyakran a vall\u00e0shoz kapcsol\u00f2dik, de eleg\u00e0ns, kir\u00e0lyi sz\u00ecnnek is tekinthet\u0151. A spiritualit\u00e0s, a szenved\u00e8ly \u00e8s a szerelem szimb\u00f2luma, de a kegyetlens\u00e8g \u00e8s az arrogancia sz\u00ecne is.<\/p>\n\t\t\t\t\t\t\t\t<\/div>\n\t\t\t\t<\/div>\n\t\t\t\t<div class=\"elementor-element elementor-element-c7805e0 elementor-widget elementor-widget-heading\" data-id=\"c7805e0\" data-element_type=\"widget\" data-widget_type=\"heading.default\">\n\t\t\t\t<div class=\"elementor-widget-container\">\n\t\t\t\t\t<h2 class=\"elementor-heading-title elementor-size-default\">R\u00f2zsasz\u00ecn<\/h2>\t\t\t\t<\/div>\n\t\t\t\t<\/div>\n\t\t\t\t<div class=\"elementor-element elementor-element-c964106 elementor-widget elementor-widget-text-editor\" data-id=\"c964106\" data-element_type=\"widget\" data-widget_type=\"text-editor.default\">\n\t\t\t\t<div class=\"elementor-widget-container\">\n\t\t\t\t\t\t\t\t\t<p>A n\u0151iess\u00e8get \u00e8s a fiatals\u00e0got szimboliz\u00e0lja. A h\u00f6lgyek nagy t\u00f6bbs\u00e8g\u00e8nek a kedvenc sz\u00ecne. \u00c1ltal\u00e0ban naivs\u00e0got, szerelmet, kedvess\u00e8get, puhas\u00e0got de gyenges\u00e8get is k\u00f6zvet\u00ect.<\/p>\n\t\t\t\t\t\t\t\t<\/div>\n\t\t\t\t<\/div>\n\t\t\t\t<div class=\"elementor-element elementor-element-13978af elementor-widget elementor-widget-heading\" data-id=\"13978af\" data-element_type=\"widget\" data-widget_type=\"heading.default\">\n\t\t\t\t<div class=\"elementor-widget-container\">\n\t\t\t\t\t<h2 class=\"elementor-heading-title elementor-size-default\">Arany \u00e8s ez\u00fcst<\/h2>\t\t\t\t<\/div>\n\t\t\t\t<\/div>\n\t\t\t\t<div class=\"elementor-element elementor-element-03ce841 elementor-widget elementor-widget-text-editor\" data-id=\"03ce841\" data-element_type=\"widget\" data-widget_type=\"text-editor.default\">\n\t\t\t\t<div class=\"elementor-widget-container\">\n\t\t\t\t\t\t\t\t\t<p>Ezeket tekint\u00e8lyes, kir\u00e0lyi sz\u00ecneket \u00e0ltal\u00e0ban dr\u00e0ga, \u00e8lvezeti cikkekhez szoktuk t\u00e0rs\u00ectani.<\/p>\n\t\t\t\t\t\t\t\t<\/div>\n\t\t\t\t<\/div>\n\t\t\t\t<div class=\"elementor-element elementor-element-d44d465 elementor-widget elementor-widget-text-editor\" data-id=\"d44d465\" data-element_type=\"widget\" data-widget_type=\"text-editor.default\">\n\t\t\t\t<div class=\"elementor-widget-container\">\n\t\t\t\t\t\t\t\t\t<h3>Ha tetszett \u00e8s hasznosnak tal\u00e0ltad ezt a bejegyz\u00e8st k\u00e8rlek oszd meg az al\u00e0bbi gombok seg\u00ects\u00e8g\u00e8vel, hogy m\u00e0sok is k\u00f6nnyen megtal\u00e0lhass\u00e0k \u00e8s elolvashass\u00e0k a blog tartalm\u00e0t. K\u00f6sz\u00f6n\u00f6m sz\u00e8pen!<\/h3>\n\t\t\t\t\t\t\t\t<\/div>\n\t\t\t\t<\/div>\n\t\t\t\t\t<\/div>\n\t\t<\/div>\n\t\t\t\t\t<\/div>\n\t\t<\/section>\n\t\t\t\t<\/div>\n\t\t","protected":false},"excerpt":{"rendered":"<p>Ahogy err\u0151l m\u00e0r az el\u0151z\u0151 bejegyz\u00e8sekben is sz\u00f2 esett, a sz\u00ecnek hat\u00e0ssal vannak a szervezet\u00fcnkre \u00e8s k\u00e8pesek befoly\u00e0solni az \u00e8rzelmeinket \u00e8s ez\u00e0ltal bizonyos dolgokhoz val\u00f2 hozz\u00e0\u00e0ll\u00e0sunkat is. A sz\u00ecn\u00e8rz\u00e8kel\u00e8s m\u00f2dj\u00e0nak \u00e8s a szem\u00e8lyes tapasztalatainknak k\u00f6sz\u00f6nhet\u0151en mindannyian rendelkez\u00fcnk egy szem\u00e8lyes sz\u00ecnpalett\u00e0val amely meghat\u00e0rozza a lelki vil\u00e0gunkat \u00e8s a viselked\u00e8s\u00fcnket is. Amikor a sz\u00ecnek l\u00e8lektani jelent\u00e8s\u00e8r\u0151l besz\u00e8l\u00fcnk [&hellip;]<\/p>\n","protected":false},"author":2,"featured_media":4196,"comment_status":"open","ping_status":"open","sticky":false,"template":"","format":"standard","meta":{"site-sidebar-layout":"default","site-content-layout":"default","ast-site-content-layout":"","site-content-style":"default","site-sidebar-style":"default","ast-global-header-display":"","ast-banner-title-visibility":"","ast-main-header-display":"","ast-hfb-above-header-display":"","ast-hfb-below-header-display":"","ast-hfb-mobile-header-display":"","site-post-title":"","ast-breadcrumbs-content":"","ast-featured-img":"","footer-sml-layout":"","theme-transparent-header-meta":"default","adv-header-id-meta":"","stick-header-meta":"default","header-above-stick-meta":"","header-main-stick-meta":"","header-below-stick-meta":"","astra-migrate-meta-layouts":"default","ast-page-background-enabled":"default","ast-page-background-meta":{"desktop":{"background-color":"","background-image":"","background-repeat":"repeat","background-position":"center center","background-size":"auto","background-attachment":"scroll","background-type":"","background-media":"","overlay-type":"","overlay-color":"","overlay-opacity":"","overlay-gradient":""},"tablet":{"background-color":"","background-image":"","background-repeat":"repeat","background-position":"center center","background-size":"auto","background-attachment":"scroll","background-type":"","background-media":"","overlay-type":"","overlay-color":"","overlay-opacity":"","overlay-gradient":""},"mobile":{"background-color":"","background-image":"","background-repeat":"repeat","background-position":"center center","background-size":"auto","background-attachment":"scroll","background-type":"","background-media":"","overlay-type":"","overlay-color":"","overlay-opacity":"","overlay-gradient":""}},"ast-content-background-meta":{"desktop":{"background-color":"var(--ast-global-color-5)","background-image":"","background-repeat":"repeat","background-position":"center center","background-size":"auto","background-attachment":"scroll","background-type":"","background-media":"","overlay-type":"","overlay-color":"","overlay-opacity":"","overlay-gradient":""},"tablet":{"background-color":"var(--ast-global-color-5)","background-image":"","background-repeat":"repeat","background-position":"center center","background-size":"auto","background-attachment":"scroll","background-type":"","background-media":"","overlay-type":"","overlay-color":"","overlay-opacity":"","overlay-gradient":""},"mobile":{"background-color":"var(--ast-global-color-5)","background-image":"","background-repeat":"repeat","background-position":"center center","background-size":"auto","background-attachment":"scroll","background-type":"","background-media":"","overlay-type":"","overlay-color":"","overlay-opacity":"","overlay-gradient":""}},"footnotes":""},"categories":[89],"tags":[],"class_list":["post-4219","post","type-post","status-publish","format-standard","has-post-thumbnail","hentry","category-a-szinek-vilaga"],"_links":{"self":[{"href":"https:\/\/evibossanyi.com\/hu\/wp-json\/wp\/v2\/posts\/4219","targetHints":{"allow":["GET"]}}],"collection":[{"href":"https:\/\/evibossanyi.com\/hu\/wp-json\/wp\/v2\/posts"}],"about":[{"href":"https:\/\/evibossanyi.com\/hu\/wp-json\/wp\/v2\/types\/post"}],"author":[{"embeddable":true,"href":"https:\/\/evibossanyi.com\/hu\/wp-json\/wp\/v2\/users\/2"}],"replies":[{"embeddable":true,"href":"https:\/\/evibossanyi.com\/hu\/wp-json\/wp\/v2\/comments?post=4219"}],"version-history":[{"count":0,"href":"https:\/\/evibossanyi.com\/hu\/wp-json\/wp\/v2\/posts\/4219\/revisions"}],"wp:featuredmedia":[{"embeddable":true,"href":"https:\/\/evibossanyi.com\/hu\/wp-json\/wp\/v2\/media\/4196"}],"wp:attachment":[{"href":"https:\/\/evibossanyi.com\/hu\/wp-json\/wp\/v2\/media?parent=4219"}],"wp:term":[{"taxonomy":"category","embeddable":true,"href":"https:\/\/evibossanyi.com\/hu\/wp-json\/wp\/v2\/categories?post=4219"},{"taxonomy":"post_tag","embeddable":true,"href":"https:\/\/evibossanyi.com\/hu\/wp-json\/wp\/v2\/tags?post=4219"}],"curies":[{"name":"wp","href":"https:\/\/api.w.org\/{rel}","templated":true}]}}