{"id":4026,"date":"2021-04-12T15:10:51","date_gmt":"2021-04-12T15:10:51","guid":{"rendered":"https:\/\/evibossanyi.com\/?p=4026"},"modified":"2021-04-12T16:20:53","modified_gmt":"2021-04-12T16:20:53","slug":"szinosszeallitasok-es-a-szinhomerseklet","status":"publish","type":"post","link":"https:\/\/evibossanyi.com\/hu\/a-szinek-vilaga\/szinosszeallitasok-es-a-szinhomerseklet\/","title":{"rendered":"Sz\u00ecn\u00f6ssze\u00e0ll\u00ect\u00e0sok \u00e8s a sz\u00ecnh\u0151m\u00e8rs\u00e8klet"},"content":{"rendered":"\t\t<div data-elementor-type=\"wp-post\" data-elementor-id=\"4026\" class=\"elementor elementor-4026 elementor-3984\" data-elementor-post-type=\"post\">\n\t\t\t\t\t\t<section class=\"elementor-section elementor-top-section elementor-element elementor-element-c820c06 elementor-section-boxed elementor-section-height-default elementor-section-height-default\" data-id=\"c820c06\" data-element_type=\"section\" data-settings=\"{&quot;jet_parallax_layout_list&quot;:[]}\">\n\t\t\t\t\t\t<div class=\"elementor-container elementor-column-gap-default\">\n\t\t\t\t\t<div class=\"elementor-column elementor-col-100 elementor-top-column elementor-element elementor-element-000ae16\" data-id=\"000ae16\" data-element_type=\"column\">\n\t\t\t<div class=\"elementor-widget-wrap elementor-element-populated\">\n\t\t\t\t\t\t<div class=\"elementor-element elementor-element-45e53f1 elementor-widget elementor-widget-text-editor\" data-id=\"45e53f1\" data-element_type=\"widget\" data-widget_type=\"text-editor.default\">\n\t\t\t\t<div class=\"elementor-widget-container\">\n\t\t\t\t\t\t\t\t\t<p>Utaz\u00e0sunk a sz\u00ecnek csod\u00e0latos vil\u00e0g\u00e0ban folytat\u00f2dik&#8230;. Az <a href=\"https:\/\/evibossanyi.com\/hu\/erdekessegek\/gyakorlati-utmutato-a-szinek-vilagaban\/\">el\u0151z\u0151 bejegyz\u00e8s<\/a>ben igyekeztem min\u00e8l \u00e0tfog\u00f2bb k\u00e8pet adni a sz\u00ecn\u00e8rz\u00e8kel\u00e8sr\u0151l \u00e8s mag\u00e0r\u00f2l a sz\u00ecnelm\u00e8letr\u0151l, most pedig olyan \u00e8rdekes fogalmakr\u00f2l fogsz olvasni mint a sz\u00ecn\u00f6ssze\u00e0ll\u00ect\u00e0s, a sz\u00ecnh\u0151m\u00e8rs\u00e8klet jelent\u0151s\u00e8ge illetve arr\u00f2l is sz\u00f2 lesz, hogy milyen kever\u0151rendszerek l\u00e8teznek \u00e8s hogyan alkalmazz\u00e0k ezeket.<\/p>\n<p>Ahogy m\u00e0r az el\u0151z\u0151ekben is \u00ecrtam, a sz\u00ecnv\u00e0laszt\u00e0s nem mindig egyszer\u0171 feladat. Ebben nagy seg\u00ects\u00e8g\u00fcnkre van a <em>sz\u00ecnker\u00e8k<\/em>, amelyet a sz\u00ecn\u00f6ssze\u00e0ll\u00ect\u00e0sokban is hasznos \u00e8s elengedhetetlen eszk\u00f6zk\u00e8nt alkalmazhatunk.<\/p>\n\t\t\t\t\t\t\t\t<\/div>\n\t\t\t\t<\/div>\n\t\t\t\t<div class=\"elementor-element elementor-element-202c0ec elementor-widget elementor-widget-heading\" data-id=\"202c0ec\" data-element_type=\"widget\" data-widget_type=\"heading.default\">\n\t\t\t\t<div class=\"elementor-widget-container\">\n\t\t\t\t\t<h2 class=\"elementor-heading-title elementor-size-default\">Hogyan k\u00e8sz\u00fcl egy sz\u00ecnpaletta?<\/h2>\t\t\t\t<\/div>\n\t\t\t\t<\/div>\n\t\t\t\t<div class=\"elementor-element elementor-element-c6af01a elementor-widget elementor-widget-text-editor\" data-id=\"c6af01a\" data-element_type=\"widget\" data-widget_type=\"text-editor.default\">\n\t\t\t\t<div class=\"elementor-widget-container\">\n\t\t\t\t\t\t\t\t\t<p>A sz\u00ecnker\u00e8k seg\u00ect a sz\u00ecnek kever\u00e8s\u00e8ben, a k\u00fcl\u00f6nb\u00f6z\u0151 sz\u00ecnpalett\u00e0k \u00e8s a kontrasztok m\u00e8rt\u00e8k\u00e8nek meghat\u00e0roz\u00e0s\u00e0ban. A leg\u00e0ltal\u00e0nosabb \u00f6ssze\u00e0ll\u00ect\u00e0sok a k\u00f6vetkez\u0151ek:<\/p>\n<ul>\n<li><strong>Monokr\u00f2m sz\u00ecnpaletta<\/strong><\/li>\n<\/ul>\n<p style=\"padding-left: 40px;\">Egy meghat\u00e0rozott sz\u00ecn k\u00fcl\u00f6nb\u00f6z\u0151 \u00e0rnyalatai, halv\u00e0ny \u00e0tmenetei alkotj\u00e0k.<\/p>\n<ul>\n<li><strong>Anal\u00f2g sz\u00ecnpaletta<\/strong><\/li>\n<\/ul>\n<p style=\"padding-left: 40px;\">A sz\u00ecnker\u00e8ken egym\u00e0s mellett elhelyezked\u0151 sz\u00ecneket tartalmazza, ez\u00e0ltal enyhe kontrasztot ugyanakkor kiegyens\u00f9lyozott hat\u00e0st is k\u00e8pez.<\/p>\n<ul>\n<li><strong>Kontraszton alapul\u00f2 sz\u00ecnpaletta<\/strong><\/li>\n<\/ul>\n<p>H\u00e0rom, a sz\u00ecnker\u00e8ken egys\u00e8gesen elhelyezked\u0151 \u00e0rnyalatokb\u00f2l \u00e0ll \u00f9gy mint a k\u00e8k-z\u00f6ld, piros-ibolyasz\u00ecn valamint s\u00e0rga-narancss\u00e0rga, amelyek igencsak \u00e8l\u00e8nk \u00e8s mozgalmas kontrasztokat alkotnak.<\/p>\n<ul>\n<li><strong>Komplementer sz\u00ecnpaletta<\/strong><\/li>\n<\/ul>\n<p style=\"padding-left: 40px;\">Nagyon egyszer\u0171, ugyanakkor az \u00f6sszes k\u00f6z\u00fcl a legdinamikusabb \u00f6ssze\u00e0ll\u00ect\u00e0s mivel a sz\u00ecnker\u00e8ken k\u00e8t egym\u00e0ssal szemben tal\u00e0lhat\u00f2 sz\u00ecnb\u0151l \u00e0ll.<\/p>\n<p>Amikor egy sz\u00ecnpaletta \u00f6ssze\u00e0ll\u00ect\u00e0s\u00e0n dolgozol, akkor ne csak meleg vagy csak hideg sz\u00ecneket alkalmazz. Hagyd hogy az egyik domin\u00e0ljon \u00e8s meghat\u00e0rozza a munk\u00e0d f\u0151 \u00e0rnyalat\u00e0t, ugyanakkor tegy\u00e8l bele olyan sz\u00ecnt vagy sz\u00ecneket is, amelyek kontrasztot teremtenek.<\/p>\n<p><img fetchpriority=\"high\" decoding=\"async\" class=\"aligncenter size-full wp-image-3992\" src=\"https:\/\/evibossanyi.com\/wp-content\/uploads\/2021\/04\/temperatura-colori-1.png\" alt=\"\" width=\"1080\" height=\"1080\" srcset=\"https:\/\/evibossanyi.com\/wp-content\/uploads\/2021\/04\/temperatura-colori-1.png 1080w, https:\/\/evibossanyi.com\/wp-content\/uploads\/2021\/04\/temperatura-colori-1-300x300.png 300w, https:\/\/evibossanyi.com\/wp-content\/uploads\/2021\/04\/temperatura-colori-1-100x100.png 100w, https:\/\/evibossanyi.com\/wp-content\/uploads\/2021\/04\/temperatura-colori-1-600x600.png 600w, https:\/\/evibossanyi.com\/wp-content\/uploads\/2021\/04\/temperatura-colori-1-1024x1024.png 1024w, https:\/\/evibossanyi.com\/wp-content\/uploads\/2021\/04\/temperatura-colori-1-150x150.png 150w, https:\/\/evibossanyi.com\/wp-content\/uploads\/2021\/04\/temperatura-colori-1-768x768.png 768w\" sizes=\"(max-width: 1080px) 100vw, 1080px\" \/><\/p>\n\t\t\t\t\t\t\t\t<\/div>\n\t\t\t\t<\/div>\n\t\t\t\t<div class=\"elementor-element elementor-element-5d4e244 elementor-widget elementor-widget-heading\" data-id=\"5d4e244\" data-element_type=\"widget\" data-widget_type=\"heading.default\">\n\t\t\t\t<div class=\"elementor-widget-container\">\n\t\t\t\t\t<h2 class=\"elementor-heading-title elementor-size-default\">Kever\u0151rendszerek<\/h2>\t\t\t\t<\/div>\n\t\t\t\t<\/div>\n\t\t\t\t<div class=\"elementor-element elementor-element-41690b4 elementor-widget elementor-widget-text-editor\" data-id=\"41690b4\" data-element_type=\"widget\" data-widget_type=\"text-editor.default\">\n\t\t\t\t<div class=\"elementor-widget-container\">\n\t\t\t\t\t\t\t\t\t<p>Miel\u0151tt m\u00e8g a sz\u00ecnh\u0151m\u00e8rs\u00e8kletr\u0151l \u00e8s annak jelent\u0151s\u00e8g\u00e8r\u0151l \u00ecrn\u00e8k mindenk\u00e8ppen szeretn\u00e8k egy p\u00e0r sz\u00f2t ejteni a kever\u0151rendszerekr\u0151l is. K\u00e8t fajt\u00e0ja l\u00e8tezik \u00e8s legf\u0151k\u00e8ppen annak f\u00fcggv\u00e8ny\u00e8ben v\u00e0lasztjuk egyiket vagy m\u00e0sikat, hogy mivel foglalkozunk: egy fest\u0151m\u0171v\u00e8sz p\u00e8ld\u00e0ul biztosan a szubtrakt\u00ecv sz\u00ecnkever\u00e8st, m\u00ecg egy web designer az addit\u00ecv sz\u00ecnkever\u00e8st fogja alkalmazni. L\u00e0ssuk milyen tulajdons\u00e0gokkal is rendelkeznek ezek:<\/p>\n<ul>\n<li><strong>Szubtrakt\u00ecv sz\u00ecnkever\u00e8s<\/strong><\/li>\n<\/ul>\n<p>Ez a kever\u00e8si m\u00f2dszer a<strong> CMTK <\/strong>(Ciano, Magenta, Yellow, blacK) rendszert alkalmazza. Ebben az esetben minden egyes kromatikus elem (ci\u00e0n, magenta, s\u00e0rga) a feh\u00e8rhez ad\u00f2dik majd ezek komplementer sz\u00ecneit k\u00fcl\u00f6nb\u00f6z\u0151 m\u00e8rt\u00e8kben kivonva b\u00e0rmilyen sz\u00ecn\u00e0rnyalat elk\u00e8sz\u00ecthet\u0151. Mivel a fekete nem \u00e0ll\u00ecthat\u00f2 el\u0151 az els\u0151dleges sz\u00ecnek kever\u00e8s\u00e8b\u0151l k\u00fcl\u00f6n ker\u00fcl hozz\u00e0ad\u00e0sra. A feh\u00e8r szint\u00e8n nem \u00e0ll\u00ecthat\u00f2 el\u0151, jelenl\u00e8te a kromatikus elemek hi\u00e0ny\u00e0b\u00f2l ad\u00f2dik.<\/p>\n<ul>\n<li><strong>Addit\u00ecv sz\u00ecnkever\u00e8s<\/strong><\/li>\n<\/ul>\n<p style=\"padding-left: 40px;\">Ez a m\u00f2dszer viszont az RGB (Red, Green, Blue) rendszeren alapul: minden egyes kromatikus elemet (piros, z\u00f6ld, k\u00e8k) k\u00fcl\u00f6nb\u00f6z\u0151 m\u00e8rt\u00e8kben adnak a feket\u00e8hez \u00e8s ez\u00e0ltal \u00e0ll\u00ectanak el\u0151 b\u00e0rmilyen sz\u00ecn\u00e0rnyalatot. A feh\u00e8r az \u00f6sszes sz\u00ecn \u00f6sszead\u00e0s\u00e0b\u00f2l, m\u00ecg a fekete a kromatikus elemek hi\u00e0ny\u00e0b\u00f2l ad\u00f2dik.<\/p>\n\t\t\t\t\t\t\t\t<\/div>\n\t\t\t\t<\/div>\n\t\t\t\t<div class=\"elementor-element elementor-element-b9e6c55 elementor-widget elementor-widget-heading\" data-id=\"b9e6c55\" data-element_type=\"widget\" data-widget_type=\"heading.default\">\n\t\t\t\t<div class=\"elementor-widget-container\">\n\t\t\t\t\t<h2 class=\"elementor-heading-title elementor-size-default\">A sz\u00ecnh\u0151m\u00e8rs\u00e8klet<\/h2>\t\t\t\t<\/div>\n\t\t\t\t<\/div>\n\t\t\t\t<div class=\"elementor-element elementor-element-1f4a008 elementor-widget elementor-widget-text-editor\" data-id=\"1f4a008\" data-element_type=\"widget\" data-widget_type=\"text-editor.default\">\n\t\t\t\t<div class=\"elementor-widget-container\">\n\t\t\t\t\t\t\t\t\t<p>A m\u0171v\u00e8szetben a sz\u00ecnh\u0151m\u00e8rs\u00e8klet a k\u00fcl\u00f6nb\u00f6z\u0151 prospekt\u00ecv\u00e0kb\u00f2l ad\u00f2d\u00f2an m\u00e0s \u00e8s m\u00e0s jelent\u00e8st \u00f6lthet mag\u00e0ra. Sok m\u0171v\u00e8sz a sz\u00ecnkereket hideg \u00e8s meleg sz\u00ecnekre osztva alkalmazza.<\/p>\n<p><img decoding=\"async\" class=\"aligncenter size-full wp-image-4003\" src=\"https:\/\/evibossanyi.com\/wp-content\/uploads\/2021\/04\/Cerchio-di-Itten-colori.png\" alt=\"\" width=\"700\" height=\"525\" srcset=\"https:\/\/evibossanyi.com\/wp-content\/uploads\/2021\/04\/Cerchio-di-Itten-colori.png 700w, https:\/\/evibossanyi.com\/wp-content\/uploads\/2021\/04\/Cerchio-di-Itten-colori-600x450.png 600w, https:\/\/evibossanyi.com\/wp-content\/uploads\/2021\/04\/Cerchio-di-Itten-colori-300x225.png 300w\" sizes=\"(max-width: 700px) 100vw, 700px\" \/><\/p>\n<p>Ahogy a k\u00e8pen is l\u00e0that\u00f2, a piros, a narancss\u00e0rga \u00e8s a s\u00e0rga \u00e0ltal\u00e0ban meleg, m\u00ecg a k\u00e8k, a z\u00f6ld \u00e8s a lila hideg sz\u00ecneknek tekintj\u00fck. Az egyik a sz\u00ecnker\u00e8k egyik, a m\u00e0sik pedig annak ellent\u00e8tes oldal\u00e0n tal\u00e0lhat\u00f2. Ha \u00ecgy osztjuk fel a sz\u00ecnkereket akkor az azt is jelenthetn\u00e8 hogy az egyes sz\u00ecnek h\u0151m\u00e8rs\u00e8klete \u00e0lland\u00f2 \u00e8s megv\u00e0ltoztathatatlan. Val\u00f2j\u00e0ban azonban a hideg-meleg \u00e0rnyalat \u00e8rz\u00e8kel\u00e8se a mellett\u00fck elhelyezked\u0151 sz\u00ecnt\u0151l f\u00fcgg.<\/p>\n<p>Ha p\u00e8ld\u00e0ul k\u00e8t hasonl\u00f2 sz\u00ecnt teszel egym\u00e0s mell\u00e8 \u00e8s j\u00f2l megfigyeled \u0151ket akkor \u00e8szre fogod venni hogy, m\u00e8g ha ugyanabba a csoportba is tartoznak, az egyik melegebb a m\u00e0sik pedig hidegebb \u00e0rnyalattal b\u00ecr att\u00f2l f\u00fcgg\u0151en, hogy egy meleg vagy egy hideg sz\u00ecnhez \u00e0ll-e k\u00f6zelebb.<\/p>\n<p>Ebb\u0151l a megk\u00f6zel\u00ect\u00e8sb\u0151l n\u00e8zve viszont lehet\u0151s\u00e8ged ny\u00eclik \u00f9gy keverni a sz\u00ecneket, hogy azok enyhe kontrasztot alkossanak egym\u00e0ssal de ugyanakkor harm\u00f2nikus hat\u00e0st is keltsenek.<\/p>\n<p>A sz\u00ecnh\u0151m\u00e8rs\u00e8klet \u00e8rz\u00e8kel\u00e8se mindenesetre rendk\u00ecv\u00fcl intuit\u00ecv, \u00e8s k\u00fcl\u00f6nb\u00f6z\u0151 l\u00e8lektani hat\u00e0sokon is alapul.<\/p>\n\t\t\t\t\t\t\t\t<\/div>\n\t\t\t\t<\/div>\n\t\t\t\t<div class=\"elementor-element elementor-element-3bc1377 elementor-widget elementor-widget-heading\" data-id=\"3bc1377\" data-element_type=\"widget\" data-widget_type=\"heading.default\">\n\t\t\t\t<div class=\"elementor-widget-container\">\n\t\t\t\t\t<h3 class=\"elementor-heading-title elementor-size-default\">Mi\u00e8rt ilyen fontos a sz\u00ecnh\u0151m\u00e8rs\u00e8klet?<\/h3>\t\t\t\t<\/div>\n\t\t\t\t<\/div>\n\t\t\t\t<div class=\"elementor-element elementor-element-9d3a7c9 elementor-widget elementor-widget-text-editor\" data-id=\"9d3a7c9\" data-element_type=\"widget\" data-widget_type=\"text-editor.default\">\n\t\t\t\t<div class=\"elementor-widget-container\">\n\t\t\t\t\t\t\t\t\t<p>Nemes egyszer\u0171s\u00e8ggel az\u00e8rt, mert mindent befoly\u00e0sol amit l\u00e0tunk. Pr\u00f2b\u00e0lj meg p\u00e8ld\u00e0ul elk\u00e8pzelni egy tengeri naplement\u00e8t \u00e8s egy felh\u0151s-es\u0151s napot ugyazon a tengerparton \u2013 a sz\u00ecnek amelyeket l\u00e0tni fogsz nagyon elt\u00e8r\u0151ek lesznek \u00e8s ez\u00e0ltal m\u00e0s-m\u00e0r \u00e8rz\u00e8ssel fognak elt\u00f6lteni.<\/p>\n<p><img decoding=\"async\" class=\"aligncenter size-full wp-image-4008\" src=\"https:\/\/evibossanyi.com\/wp-content\/uploads\/2021\/04\/temperatura-colori-2.png\" alt=\"\" width=\"1080\" height=\"1080\" srcset=\"https:\/\/evibossanyi.com\/wp-content\/uploads\/2021\/04\/temperatura-colori-2.png 1080w, https:\/\/evibossanyi.com\/wp-content\/uploads\/2021\/04\/temperatura-colori-2-300x300.png 300w, https:\/\/evibossanyi.com\/wp-content\/uploads\/2021\/04\/temperatura-colori-2-100x100.png 100w, https:\/\/evibossanyi.com\/wp-content\/uploads\/2021\/04\/temperatura-colori-2-600x600.png 600w, https:\/\/evibossanyi.com\/wp-content\/uploads\/2021\/04\/temperatura-colori-2-1024x1024.png 1024w, https:\/\/evibossanyi.com\/wp-content\/uploads\/2021\/04\/temperatura-colori-2-150x150.png 150w, https:\/\/evibossanyi.com\/wp-content\/uploads\/2021\/04\/temperatura-colori-2-768x768.png 768w\" sizes=\"(max-width: 1080px) 100vw, 1080px\" \/><\/p>\n<p>A sz\u00ecnh\u0151m\u00e8rs\u00e8kletnek nemcsak a lakberendez\u00e8s vil\u00e0g\u00e0ban j\u00e0tszik fontos szerepet, hanem a mindennapokban is &#8211; el\u00e8g ha csak egy \u00f9j villanyk\u00f6rte megv\u00e0s\u00e0rl\u00e0s\u00e0ra gondolsz. Ebben az esetben is hideg, meleg vagy term\u00e8szetes \u00e0rnyalat\u00f9 k\u00f6z\u00fcl v\u00e0laszthatsz az \u00ecg\u00e8nyeidnek megfelel\u0151en: \u00e0ltal\u00e0ban mindegyiken megtal\u00e0lod a CCT (Correlated Color Temperature) jelz\u00e8st \u00e8s a Kelvin-sk\u00e0l\u00e0n meghat\u00e0rozott \u00e8rt\u00e8ket (1000-12000 K). Min\u00e8l magasabb az \u00e8rt\u00e8k ann\u00e0l hidegebb (k\u00e8kesebb) lesz a f\u00e8ny.<\/p>\n<p>V\u00e0s\u00e0rl\u00e0s el\u0151tt vedd mindig figyelembe hogy a sz\u00ecnh\u0151m\u00e8rs\u00e8klet nagyban befoly\u00e0solni fogja az adott helyis\u00e8g l\u00e8gk\u00f6r\u00e8t, hangulat\u00e0t:<\/p>\n<ul>\n<li>a hideg f\u00e8ny \u00e0rnyalata a feh\u00e8rt\u0151l eg\u00e8szen a vil\u00e0gosk\u00e8kig terjed<\/li>\n<li>a napf\u00e8ny napk\u00f6zben meghaladja az 5000 Kelvint<\/li>\n<li>a term\u00e8szetes f\u00e8ny a hideg \u00e8s a meleg \u00e0rnyalatokat egyar\u00e0nt mag\u00e0ban foglalja, \u00ecgy egys\u00e8ges feh\u00e8r f\u00e8nyt eredm\u00e8nyez<\/li>\n<li>a meleg f\u00e8ny pedig a s\u00e0rg\u00e0t\u00f2l eg\u00e8szen a pirosig terjed mag\u00e0ba foglalva a narancss\u00e0rga \u00e0rnyalatait is<\/li>\n<\/ul>\n<p><img loading=\"lazy\" decoding=\"async\" class=\"aligncenter size-full wp-image-4010\" src=\"https:\/\/evibossanyi.com\/wp-content\/uploads\/2021\/04\/temperatura-colori-3.png\" alt=\"\" width=\"1080\" height=\"1080\" srcset=\"https:\/\/evibossanyi.com\/wp-content\/uploads\/2021\/04\/temperatura-colori-3.png 1080w, https:\/\/evibossanyi.com\/wp-content\/uploads\/2021\/04\/temperatura-colori-3-300x300.png 300w, https:\/\/evibossanyi.com\/wp-content\/uploads\/2021\/04\/temperatura-colori-3-100x100.png 100w, https:\/\/evibossanyi.com\/wp-content\/uploads\/2021\/04\/temperatura-colori-3-600x600.png 600w, https:\/\/evibossanyi.com\/wp-content\/uploads\/2021\/04\/temperatura-colori-3-1024x1024.png 1024w, https:\/\/evibossanyi.com\/wp-content\/uploads\/2021\/04\/temperatura-colori-3-150x150.png 150w, https:\/\/evibossanyi.com\/wp-content\/uploads\/2021\/04\/temperatura-colori-3-768x768.png 768w\" sizes=\"(max-width: 1080px) 100vw, 1080px\" \/><\/p>\n<p><strong>Hogyan v\u00e0laszd ki a helyes \u00e0rnyalatot?<\/strong><\/p>\n<p>A meleg f\u00e8ny nagyon megnyugtat\u00f2, ez\u00e0ltal a szem\u00fcnket sem f\u00e0rasztja. \u00c8ppen ez\u00e8rt a meleg \u00e0rnyalat\u00f9 izz\u00f2k k\u00fcl\u00f6n\u00f6sen aj\u00e0nlottak a h\u00e0l\u00f2szob\u00e0ba \u00e8s a nappaliba is. Az\u00e8rt figyelj\u00fcnk oda a lak\u00e0s st\u00eclus\u00e0ra is: ha klasszikus, akkor a meleg f\u00e8ny m\u00e8g jobban ki fogja emelni annak sz\u00e8ps\u00e8g\u00e8t. Modern berendez\u00e8s eset\u00e8n ugyanez a hat\u00e0s \u00e8rhet\u0151 el az enyh\u00e8n hideg \u00e0rnyalat\u00f9 izz\u00f2val.<\/p>\n<p>A term\u00e8szetes f\u00e8nyt ad\u00f2 izz\u00f2k szint\u00e8n megnyugtat\u00f2, pihentet\u0151 hat\u00e0ssal b\u00ecrnak \u00e8s legt\u00f6bbsz\u00f6r olvas\u00f2szob\u00e0ban vagy dolgoz\u00f2szob\u00e0ban szoktuk alkalmazni.<\/p>\n<p>A hideg f\u00e8ny a tisztas\u00e0g \u00e8s a rendezetts\u00e8g \u00e8rz\u00e8s\u00e8t kelti benn\u00fcnk, \u00e0ltal\u00e0ban \u00fczemekben, gy\u00e0rakban \u00e8s b\u00e0rmilyen olyan helyis\u00e8gben alkalmazz\u00e0k ahol \u00e8les, tiszta l\u00e0t\u00e0sra van sz\u00fcks\u00e8g.<\/p>\n\t\t\t\t\t\t\t\t<\/div>\n\t\t\t\t<\/div>\n\t\t\t\t<div class=\"elementor-element elementor-element-604187d elementor-widget elementor-widget-text-editor\" data-id=\"604187d\" data-element_type=\"widget\" data-widget_type=\"text-editor.default\">\n\t\t\t\t<div class=\"elementor-widget-container\">\n\t\t\t\t\t\t\t\t\t<h3 style=\"text-align: center;\">Ha tetszett \u00e8s hasznosnak tal\u00e0ltad ezt a bejegyz\u00e8st k\u00e8rlek oszd meg az al\u00e0bbi gombok seg\u00ects\u00e8g\u00e8vel, hogy m\u00e0sok is k\u00f6nnyen megtal\u00e0lhass\u00e0k \u00e8s elolvashass\u00e0k a blog tartalm\u00e0t. K\u00f6sz\u00f6n\u00f6m sz\u00e8pen!<\/h3>\n\t\t\t\t\t\t\t\t<\/div>\n\t\t\t\t<\/div>\n\t\t\t\t\t<\/div>\n\t\t<\/div>\n\t\t\t\t\t<\/div>\n\t\t<\/section>\n\t\t\t\t<\/div>\n\t\t","protected":false},"excerpt":{"rendered":"<p>Utaz\u00e0sunk a sz\u00ecnek csod\u00e0latos vil\u00e0g\u00e0ban folytat\u00f2dik&#8230;. Az el\u0151z\u0151 bejegyz\u00e8sben igyekeztem min\u00e8l \u00e0tfog\u00f2bb k\u00e8pet adni a sz\u00ecn\u00e8rz\u00e8kel\u00e8sr\u0151l \u00e8s mag\u00e0r\u00f2l a sz\u00ecnelm\u00e8letr\u0151l, most pedig olyan \u00e8rdekes fogalmakr\u00f2l fogsz olvasni mint a sz\u00ecn\u00f6ssze\u00e0ll\u00ect\u00e0s, a sz\u00ecnh\u0151m\u00e8rs\u00e8klet jelent\u0151s\u00e8ge illetve arr\u00f2l is sz\u00f2 lesz, hogy milyen kever\u0151rendszerek l\u00e8teznek \u00e8s hogyan alkalmazz\u00e0k ezeket. Ahogy m\u00e0r az el\u0151z\u0151ekben is \u00ecrtam, a sz\u00ecnv\u00e0laszt\u00e0s nem [&hellip;]<\/p>\n","protected":false},"author":2,"featured_media":3986,"comment_status":"open","ping_status":"open","sticky":false,"template":"","format":"standard","meta":{"site-sidebar-layout":"default","site-content-layout":"default","ast-site-content-layout":"","site-content-style":"default","site-sidebar-style":"default","ast-global-header-display":"","ast-banner-title-visibility":"","ast-main-header-display":"","ast-hfb-above-header-display":"","ast-hfb-below-header-display":"","ast-hfb-mobile-header-display":"","site-post-title":"","ast-breadcrumbs-content":"","ast-featured-img":"","footer-sml-layout":"","theme-transparent-header-meta":"default","adv-header-id-meta":"","stick-header-meta":"default","header-above-stick-meta":"","header-main-stick-meta":"","header-below-stick-meta":"","astra-migrate-meta-layouts":"default","ast-page-background-enabled":"default","ast-page-background-meta":{"desktop":{"background-color":"","background-image":"","background-repeat":"repeat","background-position":"center center","background-size":"auto","background-attachment":"scroll","background-type":"","background-media":"","overlay-type":"","overlay-color":"","overlay-opacity":"","overlay-gradient":""},"tablet":{"background-color":"","background-image":"","background-repeat":"repeat","background-position":"center center","background-size":"auto","background-attachment":"scroll","background-type":"","background-media":"","overlay-type":"","overlay-color":"","overlay-opacity":"","overlay-gradient":""},"mobile":{"background-color":"","background-image":"","background-repeat":"repeat","background-position":"center center","background-size":"auto","background-attachment":"scroll","background-type":"","background-media":"","overlay-type":"","overlay-color":"","overlay-opacity":"","overlay-gradient":""}},"ast-content-background-meta":{"desktop":{"background-color":"var(--ast-global-color-5)","background-image":"","background-repeat":"repeat","background-position":"center center","background-size":"auto","background-attachment":"scroll","background-type":"","background-media":"","overlay-type":"","overlay-color":"","overlay-opacity":"","overlay-gradient":""},"tablet":{"background-color":"var(--ast-global-color-5)","background-image":"","background-repeat":"repeat","background-position":"center center","background-size":"auto","background-attachment":"scroll","background-type":"","background-media":"","overlay-type":"","overlay-color":"","overlay-opacity":"","overlay-gradient":""},"mobile":{"background-color":"var(--ast-global-color-5)","background-image":"","background-repeat":"repeat","background-position":"center center","background-size":"auto","background-attachment":"scroll","background-type":"","background-media":"","overlay-type":"","overlay-color":"","overlay-opacity":"","overlay-gradient":""}},"footnotes":""},"categories":[89],"tags":[],"class_list":["post-4026","post","type-post","status-publish","format-standard","has-post-thumbnail","hentry","category-a-szinek-vilaga"],"_links":{"self":[{"href":"https:\/\/evibossanyi.com\/hu\/wp-json\/wp\/v2\/posts\/4026","targetHints":{"allow":["GET"]}}],"collection":[{"href":"https:\/\/evibossanyi.com\/hu\/wp-json\/wp\/v2\/posts"}],"about":[{"href":"https:\/\/evibossanyi.com\/hu\/wp-json\/wp\/v2\/types\/post"}],"author":[{"embeddable":true,"href":"https:\/\/evibossanyi.com\/hu\/wp-json\/wp\/v2\/users\/2"}],"replies":[{"embeddable":true,"href":"https:\/\/evibossanyi.com\/hu\/wp-json\/wp\/v2\/comments?post=4026"}],"version-history":[{"count":0,"href":"https:\/\/evibossanyi.com\/hu\/wp-json\/wp\/v2\/posts\/4026\/revisions"}],"wp:featuredmedia":[{"embeddable":true,"href":"https:\/\/evibossanyi.com\/hu\/wp-json\/wp\/v2\/media\/3986"}],"wp:attachment":[{"href":"https:\/\/evibossanyi.com\/hu\/wp-json\/wp\/v2\/media?parent=4026"}],"wp:term":[{"taxonomy":"category","embeddable":true,"href":"https:\/\/evibossanyi.com\/hu\/wp-json\/wp\/v2\/categories?post=4026"},{"taxonomy":"post_tag","embeddable":true,"href":"https:\/\/evibossanyi.com\/hu\/wp-json\/wp\/v2\/tags?post=4026"}],"curies":[{"name":"wp","href":"https:\/\/api.w.org\/{rel}","templated":true}]}}