{"id":3976,"date":"2021-03-22T14:29:10","date_gmt":"2021-03-22T14:29:10","guid":{"rendered":"https:\/\/evibossanyi.com\/?p=3976"},"modified":"2021-03-22T14:31:12","modified_gmt":"2021-03-22T14:31:12","slug":"husvet-tortenelmi-utalasok-jelkepek-es-erdekessegek","status":"publish","type":"post","link":"https:\/\/evibossanyi.com\/hu\/erdekessegek\/husvet-tortenelmi-utalasok-jelkepek-es-erdekessegek\/","title":{"rendered":"H\u00f9sv\u00e8t: t\u00f6rt\u00e8nelmi utal\u00e0sok, jelk\u00e8pek \u00e8s \u00e8rdekess\u00e8gek"},"content":{"rendered":"\t\t<div data-elementor-type=\"wp-post\" data-elementor-id=\"3976\" class=\"elementor elementor-3976 elementor-3893\" data-elementor-post-type=\"post\">\n\t\t\t\t\t\t<section class=\"elementor-section elementor-top-section elementor-element elementor-element-d1fe7da elementor-section-boxed elementor-section-height-default elementor-section-height-default\" data-id=\"d1fe7da\" data-element_type=\"section\" data-settings=\"{&quot;jet_parallax_layout_list&quot;:[]}\">\n\t\t\t\t\t\t<div class=\"elementor-container elementor-column-gap-default\">\n\t\t\t\t\t<div class=\"elementor-column elementor-col-100 elementor-top-column elementor-element elementor-element-973fa03\" data-id=\"973fa03\" data-element_type=\"column\">\n\t\t\t<div class=\"elementor-widget-wrap elementor-element-populated\">\n\t\t\t\t\t\t<div class=\"elementor-element elementor-element-14c97a0 elementor-widget elementor-widget-text-editor\" data-id=\"14c97a0\" data-element_type=\"widget\" data-widget_type=\"text-editor.default\">\n\t\t\t\t<div class=\"elementor-widget-container\">\n\t\t\t\t\t\t\t\t\t<p>Ebben a virtu\u00e0lis t\u00e8rben avagy blogban mindig nagy \u00f6r\u00f6mmel osztom meg veled a k\u00e8zm\u0171vess\u00e8ggel kapcsolatos \u00f9jdons\u00e0gokat, kreat\u00ecv \u00f6tleteket \u00e8s tutorial-okat amelyek hasznosak lehetnek sz\u00e0modra az alkot\u00e0sban. Azt hiszem, hogy ugyanolyan fontos \u00e8s \u00e8p\u00ect\u0151 jelleg\u0171 a t\u00f6rt\u00e8nelmi utal\u00e0sok, \u00e8rdekess\u00e8gek megismer\u00e8se is, amelyek l\u00e0tsz\u00f2lag ugyan nem kapcsol\u00f2dnak olyan szorosan a kreativit\u00e0shoz de a kult\u00f9r\u00e0nk, a hagyom\u00e0nyaink, \u00ecgy \u00e8let\u00fcnk r\u00e8szei.<br \/>\nEbben a bejegyz\u00e8sben a k\u00f6zelg\u0151 h\u00f9sv\u00e8ti \u00fcnnepekkel kapcsolatban szeretn\u00e8k veled n\u00e8h\u00e0ny \u00e8rdekess\u00e8get megosztani \u00e8s biztos vagyok benne, hogy tal\u00e0lsz majd benne p\u00e0r dolgot, amelyet eddig m\u00e8g nem ismert\u00e8l.<\/p>\n\t\t\t\t\t\t\t\t<\/div>\n\t\t\t\t<\/div>\n\t\t\t\t<div class=\"elementor-element elementor-element-983e669 elementor-widget elementor-widget-heading\" data-id=\"983e669\" data-element_type=\"widget\" data-widget_type=\"heading.default\">\n\t\t\t\t<div class=\"elementor-widget-container\">\n\t\t\t\t\t<h2 class=\"elementor-heading-title elementor-size-default\">A H\u00f9sv\u00e8t<\/h2>\t\t\t\t<\/div>\n\t\t\t\t<\/div>\n\t\t\t\t<div class=\"elementor-element elementor-element-4ac27a1 elementor-widget elementor-widget-text-editor\" data-id=\"4ac27a1\" data-element_type=\"widget\" data-widget_type=\"text-editor.default\">\n\t\t\t\t<div class=\"elementor-widget-container\">\n\t\t\t\t\t\t\t\t\t<p>Az egyh\u00e0zi napt\u00e0r legfontosabb \u00fcnnepe a H\u00f9sv\u00e8t, amely J\u00e8zus kereszthal\u00e0l ut\u00e0ni harmadik napon t\u00f6rt\u00e8n\u0151 felt\u00e0mad\u00e0s\u00e0t \u00fcnnepli.<\/p>\n<p>A Gergely-napt\u00e0r szerint ez az els\u0151 tavaszi telihold ut\u00e0ni vas\u00e0rnap t\u00f6rt\u00e8nt. Mivel a tavaszi nap\u00e8jegyenl\u0151g m\u00e0rcius 21.-\u00e8re esik, az \u00fcnnep mindig m\u00e0rcius 21 \u00e8s \u00e0prilis 25 k\u00f6z\u00e8 esik meghat\u00e0rozva ezzel a nagyb\u00f6jt \u00e8s a P\u00fcnk\u00f6sd idej\u00e8t is.<\/p>\n<p>Korai H\u00f9sv\u00e8tr\u00f2l besz\u00e8lhet\u00fcnk amikor m\u00e0rcius 22 \u00e8s \u00e0prilis 2 k\u00f6z\u00e8, \u00e0tlagosr\u00f2l amikor \u00e0prilis 3 \u00e8s 13 k\u00f6z\u00f6tt, m\u00ecg k\u00e8seir\u0151l amikor \u00e0prilis 14 \u00e8s 25 k\u00f6z\u00e8 esik ez a d\u00e0tum.<\/p>\n<p>A H\u00f9sv\u00e8t n\u00e8gy legfontosabb napja a Nagycs\u00fct\u00f6rt\u00f6k, a Nagyp\u00e8ntek, H\u00f9sv\u00e8t Vas\u00e0rnap \u00e8s H\u00e8tf\u0151. Nagycs\u00fct\u00f6rt\u00f6k az utols\u00f2 vacsora napja \u00e8s az\u00a0eucharisztia\u00a0(olt\u00e1riszents\u00e9g) alap\u00edt\u00e1s\u00e1nak \u00fcnnepe, Nagyp\u00e8ntek a gy\u00e0sztart\u00e0s id\u0151szaka eg\u00e8szen szombat \u00e8jf\u00e8lig amikor a harangok megsz\u00f2lal\u00e0sa a felt\u00e0mad\u00e0st jelzi. A vas\u00e0rnapi k\u00f6rmenet J\u00e8zus \u00e8s Sz\u0171z M\u00e0ria tal\u00e0loz\u00e0s\u00e0t hivatott \u00fcnnepelni, melyet a b\u00e8ke olaj\u00e0g\u00e0val k\u00ecs\u00e8rnek.<\/p>\n\t\t\t\t\t\t\t\t<\/div>\n\t\t\t\t<\/div>\n\t\t\t\t<div class=\"elementor-element elementor-element-eae80b7 elementor-widget elementor-widget-image\" data-id=\"eae80b7\" data-element_type=\"widget\" data-widget_type=\"image.default\">\n\t\t\t\t<div class=\"elementor-widget-container\">\n\t\t\t\t\t\t\t\t\t\t\t\t\t\t\t<img fetchpriority=\"high\" decoding=\"async\" width=\"1024\" height=\"1024\" src=\"https:\/\/evibossanyi.com\/wp-content\/uploads\/2021\/03\/Pasqua-1-1024x1024.png\" class=\"attachment-large size-large wp-image-3901\" alt=\"\" srcset=\"https:\/\/evibossanyi.com\/wp-content\/uploads\/2021\/03\/Pasqua-1-1024x1024.png 1024w, https:\/\/evibossanyi.com\/wp-content\/uploads\/2021\/03\/Pasqua-1-300x300.png 300w, https:\/\/evibossanyi.com\/wp-content\/uploads\/2021\/03\/Pasqua-1-100x100.png 100w, https:\/\/evibossanyi.com\/wp-content\/uploads\/2021\/03\/Pasqua-1-600x600.png 600w, https:\/\/evibossanyi.com\/wp-content\/uploads\/2021\/03\/Pasqua-1-150x150.png 150w, https:\/\/evibossanyi.com\/wp-content\/uploads\/2021\/03\/Pasqua-1-768x768.png 768w, https:\/\/evibossanyi.com\/wp-content\/uploads\/2021\/03\/Pasqua-1.png 1080w\" sizes=\"(max-width: 1024px) 100vw, 1024px\" \/>\t\t\t\t\t\t\t\t\t\t\t\t\t\t\t<\/div>\n\t\t\t\t<\/div>\n\t\t\t\t<div class=\"elementor-element elementor-element-099e325 elementor-widget elementor-widget-heading\" data-id=\"099e325\" data-element_type=\"widget\" data-widget_type=\"heading.default\">\n\t\t\t\t<div class=\"elementor-widget-container\">\n\t\t\t\t\t<h2 class=\"elementor-heading-title elementor-size-default\">H\u00f9sv\u00e8ti toj\u00e0s<\/h2>\t\t\t\t<\/div>\n\t\t\t\t<\/div>\n\t\t\t\t<div class=\"elementor-element elementor-element-940134c elementor-widget elementor-widget-text-editor\" data-id=\"940134c\" data-element_type=\"widget\" data-widget_type=\"text-editor.default\">\n\t\t\t\t<div class=\"elementor-widget-container\">\n\t\t\t\t\t\t\t\t\t<p>A <em>sz\u00fclet\u00e8s \u00e8s az \u00f9jj\u00e0sz\u00fclet\u00e8s<\/em> jelk\u00e8pe. A kiscsibe amely a toj\u00e0sh\u00e8jb\u00f2l b\u00f9jik el\u0151 egy metaf\u00f2ra amely J\u00e8zust \u00e0br\u00e0zolja a felt\u00e0mad\u00e0s pillanat\u00e0ban. A toj\u00e0s, t\u00f6k\u00e8letes form\u00e0j\u00e0b\u00f2l ad\u00f2d\u00f2an, m\u00e0r \u0151sid\u0151k \u00f2ta az \u00e8g \u00e8s a f\u00f6ld egyes\u00fcl\u00e8s\u00e8nek valamint a tavaszi \u00f9jj\u00e0sz\u00fcl\u00e8snek a jelk\u00e8pe: a nagyb\u00f6jti b\u0171nb\u00e0n\u00f2 id\u0151szak ut\u00e0n, H\u00f9sv\u00e8t napj\u00e0n \u00f9jra az \u00fcnnepi asztalra ker\u00fcltek.<\/p>\n<p>A h\u00f9sv\u00e8ti toj\u00e0s aj\u00e0nd\u00e8koz\u00e0s\u00e0nak hagyom\u00e0nya eg\u00e8szen a k\u00f6z\u00e8pkorig ny\u00f9lik vissza, amikor is a nemesek aj\u00e0nd\u00e8koztak toj\u00e0st a csel\u00e8ds\u00e8gnek. K\u00e8s\u0151bb, szint\u00e8n az arisztokr\u00e0cia k\u00e8r\u00e8s\u00e8re sz\u00fclettek meg az aranyb\u00f2l, ez\u00fcstb\u0151l \u00e8s m\u00e0s nemesf\u00e8mb\u0151l k\u00e8sz\u00ectett toj\u00e0sok amelyeket m\u00e0s fontos alkalmakra is aj\u00e0nd\u00e8koztak. Az els\u0151, belsej\u00e8ben meglepet\u00e8st rejt\u0151 toj\u00e0st Peter Carl Faberg\u00e8 francia aranym\u0171ves k\u00e8sz\u00ectette el 1885-ben az orosz c\u00e0rok megrendel\u00e8s\u00e8re. \u00a0Csokitoj\u00e0sokat m\u00e0r a XIX. sz\u00e0zad k\u00f6zepe t\u00e0j\u00e0n is k\u00e8sz\u00ectettek, amelyek az id\u0151k folyam\u00e0n egyre nagyobb teret h\u00f2d\u00ectottak.<\/p>\n<h3><strong>Mi\u00e8rt festj\u00fck mega toj\u00e0sokat?<\/strong><\/h3>\n<p>Egy legenda szerint amikor M\u00e0ria Magdolna bejelentette J\u00e8zus Krisztus felt\u00e0mad\u00e0s\u00e0t a tan\u00ectv\u00e0nyoknak, azok nem akart\u00e0k elhinni. P\u00e8ter \u00ecgy sz\u00f2lt: \u201e Csak akkor fogom elhinni amit mondasz, ha ez a kos\u00e0r toj\u00e0s piross\u00e0 v\u00e0ltozik.\u201d \u00e8s megt\u00f6rt\u00e8nt a csoda, a toj\u00e0sok egyt\u0151l egyik piross\u00e0 sz\u00ecnez\u0151dtek.<\/p>\n<p>Manaps\u00e0g a toj\u00e0sokat sokf\u00e8lek\u00e8ppen sz\u00ecnezhetj\u00fck, k\u00fcl\u00f6nb\u00f6z\u0151 mot\u00ecvumokkal d\u00ecsz\u00ecthetj\u00fck, csak a fant\u00e0zia szabhat hat\u00e0rt kreat\u00ecv \u00e8n\u00fcnknek. Egyben egy kellemes, sz\u00f2rakoztat\u00f2 id\u0151t\u00f6lt\u00e8s is f\u0151leg ha gyermekeinkkel egy\u00fctt k\u00e8sz\u00ectj\u00fck el a h\u00ecmes toj\u00e0sokat \u00e8s ez\u00e0ltal m\u00e8g jobban bevonjuk \u0151ket az \u00fcnnepi k\u00e8sz\u00fcl\u0151d\u00e8sbe.<\/p>\n\t\t\t\t\t\t\t\t<\/div>\n\t\t\t\t<\/div>\n\t\t\t\t<div class=\"elementor-element elementor-element-0a35039 elementor-widget elementor-widget-image\" data-id=\"0a35039\" data-element_type=\"widget\" data-widget_type=\"image.default\">\n\t\t\t\t<div class=\"elementor-widget-container\">\n\t\t\t\t\t\t\t\t\t\t\t\t\t\t\t<img decoding=\"async\" width=\"1024\" height=\"1024\" src=\"https:\/\/evibossanyi.com\/wp-content\/uploads\/2021\/03\/Pasqua-2-1024x1024.png\" class=\"attachment-large size-large wp-image-3909\" alt=\"\" srcset=\"https:\/\/evibossanyi.com\/wp-content\/uploads\/2021\/03\/Pasqua-2-1024x1024.png 1024w, https:\/\/evibossanyi.com\/wp-content\/uploads\/2021\/03\/Pasqua-2-300x300.png 300w, https:\/\/evibossanyi.com\/wp-content\/uploads\/2021\/03\/Pasqua-2-100x100.png 100w, https:\/\/evibossanyi.com\/wp-content\/uploads\/2021\/03\/Pasqua-2-600x600.png 600w, https:\/\/evibossanyi.com\/wp-content\/uploads\/2021\/03\/Pasqua-2-150x150.png 150w, https:\/\/evibossanyi.com\/wp-content\/uploads\/2021\/03\/Pasqua-2-768x768.png 768w, https:\/\/evibossanyi.com\/wp-content\/uploads\/2021\/03\/Pasqua-2.png 1080w\" sizes=\"(max-width: 1024px) 100vw, 1024px\" \/>\t\t\t\t\t\t\t\t\t\t\t\t\t\t\t<\/div>\n\t\t\t\t<\/div>\n\t\t\t\t<div class=\"elementor-element elementor-element-d5504b2 elementor-widget elementor-widget-heading\" data-id=\"d5504b2\" data-element_type=\"widget\" data-widget_type=\"heading.default\">\n\t\t\t\t<div class=\"elementor-widget-container\">\n\t\t\t\t\t<h2 class=\"elementor-heading-title elementor-size-default\">A nyuszi<\/h2>\t\t\t\t<\/div>\n\t\t\t\t<\/div>\n\t\t\t\t<div class=\"elementor-element elementor-element-6c182ed elementor-widget elementor-widget-text-editor\" data-id=\"6c182ed\" data-element_type=\"widget\" data-widget_type=\"text-editor.default\">\n\t\t\t\t<div class=\"elementor-widget-container\">\n\t\t\t\t\t\t\t\t\t<p>A tavasz pog\u00e0ny eredet\u0171 \u0151sr\u00e8gi szimb\u00f2luma, amely f\u0151leg a germ\u00e0n \u00e8s az angolsz\u00e0z kultur\u00e0hoz k\u00f6thet\u0151. A hagyom\u00e0ny szerint ez a szimpatikus, incselked\u0151 \u00e0llatka a gyermekeknek hozza aj\u00e0nd\u00e8kba a h\u00ecmes toj\u00e0sokat, amelyeket mindenhov\u00e0 elrejt. H\u00f9sv\u00e8t napj\u00e0n a gyerekek feladat megtal\u00e0lni ezeket egy vid\u00e0m kincsvad\u00e0szat keret\u00e8ben. Ez a szok\u00e0s a XV. sz\u00e0zadban Eur\u00f2p\u00e0ban sz\u00fcletett majd az Egyes\u00fclt \u00c1llamokban is elterjedt \u00e8s nagyon n\u00e8pszer\u0171v\u00e8 v\u00e0lt m\u00ecg Olaszorsz\u00e0gban kev\u00e8sb\u00e8 h\u00f2d\u00ectott teret.<\/p>\n\t\t\t\t\t\t\t\t<\/div>\n\t\t\t\t<\/div>\n\t\t\t\t<div class=\"elementor-element elementor-element-51ccc46 elementor-widget elementor-widget-image\" data-id=\"51ccc46\" data-element_type=\"widget\" data-widget_type=\"image.default\">\n\t\t\t\t<div class=\"elementor-widget-container\">\n\t\t\t\t\t\t\t\t\t\t\t\t\t\t\t<img decoding=\"async\" width=\"1024\" height=\"1024\" src=\"https:\/\/evibossanyi.com\/wp-content\/uploads\/2021\/03\/Pasqua-3-1024x1024.png\" class=\"attachment-large size-large wp-image-3917\" alt=\"\" srcset=\"https:\/\/evibossanyi.com\/wp-content\/uploads\/2021\/03\/Pasqua-3-1024x1024.png 1024w, https:\/\/evibossanyi.com\/wp-content\/uploads\/2021\/03\/Pasqua-3-300x300.png 300w, https:\/\/evibossanyi.com\/wp-content\/uploads\/2021\/03\/Pasqua-3-100x100.png 100w, https:\/\/evibossanyi.com\/wp-content\/uploads\/2021\/03\/Pasqua-3-600x600.png 600w, https:\/\/evibossanyi.com\/wp-content\/uploads\/2021\/03\/Pasqua-3-150x150.png 150w, https:\/\/evibossanyi.com\/wp-content\/uploads\/2021\/03\/Pasqua-3-768x768.png 768w, https:\/\/evibossanyi.com\/wp-content\/uploads\/2021\/03\/Pasqua-3.png 1080w\" sizes=\"(max-width: 1024px) 100vw, 1024px\" \/>\t\t\t\t\t\t\t\t\t\t\t\t\t\t\t<\/div>\n\t\t\t\t<\/div>\n\t\t\t\t<div class=\"elementor-element elementor-element-0e85d6a elementor-widget elementor-widget-heading\" data-id=\"0e85d6a\" data-element_type=\"widget\" data-widget_type=\"heading.default\">\n\t\t\t\t<div class=\"elementor-widget-container\">\n\t\t\t\t\t<h2 class=\"elementor-heading-title elementor-size-default\">A galamb<\/h2>\t\t\t\t<\/div>\n\t\t\t\t<\/div>\n\t\t\t\t<div class=\"elementor-element elementor-element-d35083b elementor-widget elementor-widget-text-editor\" data-id=\"d35083b\" data-element_type=\"widget\" data-widget_type=\"text-editor.default\">\n\t\t\t\t<div class=\"elementor-widget-container\">\n\t\t\t\t\t\t\t\t\t<p>A b\u00e8ke \u00e8s a testv\u00e8ris\u00e8g szimb\u00f2luma. A lesz\u00e0ll\u00f2 Szentl\u00e8leket jelk\u00e8pezi, amely az apostolok \u00e8s az eg\u00e8sz emberis\u00e8g sz\u00e0m\u00e0ra nyilv\u00e0nval\u00f2v\u00e0 tette az \u00dar felt\u00e0mad\u00e0s\u00e0t.<\/p>\n<p><img loading=\"lazy\" decoding=\"async\" class=\"aligncenter size-full wp-image-3922\" src=\"https:\/\/evibossanyi.com\/wp-content\/uploads\/2021\/03\/Pasqua-4.png\" alt=\"\" width=\"1080\" height=\"1080\" srcset=\"https:\/\/evibossanyi.com\/wp-content\/uploads\/2021\/03\/Pasqua-4.png 1080w, https:\/\/evibossanyi.com\/wp-content\/uploads\/2021\/03\/Pasqua-4-300x300.png 300w, https:\/\/evibossanyi.com\/wp-content\/uploads\/2021\/03\/Pasqua-4-100x100.png 100w, https:\/\/evibossanyi.com\/wp-content\/uploads\/2021\/03\/Pasqua-4-600x600.png 600w, https:\/\/evibossanyi.com\/wp-content\/uploads\/2021\/03\/Pasqua-4-1024x1024.png 1024w, https:\/\/evibossanyi.com\/wp-content\/uploads\/2021\/03\/Pasqua-4-150x150.png 150w, https:\/\/evibossanyi.com\/wp-content\/uploads\/2021\/03\/Pasqua-4-768x768.png 768w\" sizes=\"(max-width: 1080px) 100vw, 1080px\" \/><\/p>\n<p>\u00c8rdekess\u00e8g, hogy Olaszorsz\u00e0gban a H\u00f9sv\u00e8tkor tradicion\u00e0lis \u00e8dess\u00e8get is colomba-nak nevezik, amelyet a XIX. sz\u00e0zad eleje \u00f2ta, val\u00f2sz\u00ecn\u0171leg lombardiai hagyom\u00e0nyoknak k\u00f6sz\u00f6nhet\u0151en k\u00e8sz\u00ectenek.<\/p>\n\t\t\t\t\t\t\t\t<\/div>\n\t\t\t\t<\/div>\n\t\t\t\t<div class=\"elementor-element elementor-element-c6c30c8 elementor-widget elementor-widget-heading\" data-id=\"c6c30c8\" data-element_type=\"widget\" data-widget_type=\"heading.default\">\n\t\t\t\t<div class=\"elementor-widget-container\">\n\t\t\t\t\t<h2 class=\"elementor-heading-title elementor-size-default\">A b\u00e0r\u00e0ny<\/h2>\t\t\t\t<\/div>\n\t\t\t\t<\/div>\n\t\t\t\t<div class=\"elementor-element elementor-element-8077a6f elementor-widget elementor-widget-text-editor\" data-id=\"8077a6f\" data-element_type=\"widget\" data-widget_type=\"text-editor.default\">\n\t\t\t\t<div class=\"elementor-widget-container\">\n\t\t\t\t\t\t\t\t\t<p>A tisztas\u00e0g szimb\u00f2luma, a Biblia t\u00f6bb r\u00e8sz\u00e8ben is szerepel. A zsid\u00f2k sz\u00e0m\u00e0ra gyakorlatilag k\u00f6telez\u0151 volt H\u00f9sv\u00e8tkor a b\u00e0r\u00e0ny fogyaszt\u00e0sa, ez\u00e0ltal elm\u00e8kezve a tizedik csap\u00e0sra. A kereszt\u00e8ny vall\u00e0sban a b\u00e0r\u00e0ny az egyik legfontosabb jelk\u00e8pp\u00e8 v\u00e0lt, a Messi\u00e0s szimb\u00f2luma, azaz Isten b\u00e0r\u00e0nya.<\/p>\n\t\t\t\t\t\t\t\t<\/div>\n\t\t\t\t<\/div>\n\t\t\t\t<div class=\"elementor-element elementor-element-8515af2 elementor-widget elementor-widget-image\" data-id=\"8515af2\" data-element_type=\"widget\" data-widget_type=\"image.default\">\n\t\t\t\t<div class=\"elementor-widget-container\">\n\t\t\t\t\t\t\t\t\t\t\t\t\t\t\t<img loading=\"lazy\" decoding=\"async\" width=\"1024\" height=\"1024\" src=\"https:\/\/evibossanyi.com\/wp-content\/uploads\/2021\/03\/Pasqua-5-1024x1024.png\" class=\"attachment-large size-large wp-image-3927\" alt=\"\" srcset=\"https:\/\/evibossanyi.com\/wp-content\/uploads\/2021\/03\/Pasqua-5-1024x1024.png 1024w, https:\/\/evibossanyi.com\/wp-content\/uploads\/2021\/03\/Pasqua-5-300x300.png 300w, https:\/\/evibossanyi.com\/wp-content\/uploads\/2021\/03\/Pasqua-5-100x100.png 100w, https:\/\/evibossanyi.com\/wp-content\/uploads\/2021\/03\/Pasqua-5-600x600.png 600w, https:\/\/evibossanyi.com\/wp-content\/uploads\/2021\/03\/Pasqua-5-150x150.png 150w, https:\/\/evibossanyi.com\/wp-content\/uploads\/2021\/03\/Pasqua-5-768x768.png 768w, https:\/\/evibossanyi.com\/wp-content\/uploads\/2021\/03\/Pasqua-5.png 1080w\" sizes=\"(max-width: 1024px) 100vw, 1024px\" \/>\t\t\t\t\t\t\t\t\t\t\t\t\t\t\t<\/div>\n\t\t\t\t<\/div>\n\t\t\t\t<div class=\"elementor-element elementor-element-80fd535 elementor-widget elementor-widget-heading\" data-id=\"80fd535\" data-element_type=\"widget\" data-widget_type=\"heading.default\">\n\t\t\t\t<div class=\"elementor-widget-container\">\n\t\t\t\t\t<h2 class=\"elementor-heading-title elementor-size-default\">H\u00f9sv\u00e8t H\u00e8tf\u0151<\/h2>\t\t\t\t<\/div>\n\t\t\t\t<\/div>\n\t\t\t\t<div class=\"elementor-element elementor-element-5901f82 elementor-widget elementor-widget-text-editor\" data-id=\"5901f82\" data-element_type=\"widget\" data-widget_type=\"text-editor.default\">\n\t\t\t\t<div class=\"elementor-widget-container\">\n\t\t\t\t\t\t\t\t\t<p>Olaszorsz\u00e0gban t\u00f6bb n\u00e8ven is ismeretes (Luned\u00ec di Pasqua, Luned\u00ec dell\u2019Angelo vagy Pasquetta) a H\u00f9sv\u00e8t vas\u00e0rnapot k\u00f6vet\u0151 h\u00e8tf\u0151. Itt nem szok\u00e0s a n\u00e0lunk hagym\u00e0nyos locsolkod\u00e0s, \u00e0ltal\u00e0ban egy a szabadban elt\u00f6lt\u00f6tt kir\u00e0ndul\u00e0ssal vagy grillpartival \u00fcnnepelik ezt a napot. A kir\u00e0ndul\u00e0s hagyom\u00e0nya arra vezethet\u0151 vissza, hogy amikor J\u00e8zus Krisztus el\u0151sz\u00f6r jelent meg a tan\u00ectv\u00e0nyai el\u0151tt \u0151k \u00e8ppen egy Jeruzs\u00e0lemhez k\u00f6zeli falu, Emmaus fel\u00e8 tartottak.<\/p>\n\t\t\t\t\t\t\t\t<\/div>\n\t\t\t\t<\/div>\n\t\t\t\t<div class=\"elementor-element elementor-element-f96d7e4 elementor-widget elementor-widget-heading\" data-id=\"f96d7e4\" data-element_type=\"widget\" data-widget_type=\"heading.default\">\n\t\t\t\t<div class=\"elementor-widget-container\">\n\t\t\t\t\t<h2 class=\"elementor-heading-title elementor-size-default\">Egy\u00e8b \u00e8rdekess\u00e8gek<\/h2>\t\t\t\t<\/div>\n\t\t\t\t<\/div>\n\t\t\t\t<div class=\"elementor-element elementor-element-1ed9857 elementor-widget elementor-widget-text-editor\" data-id=\"1ed9857\" data-element_type=\"widget\" data-widget_type=\"text-editor.default\">\n\t\t\t\t<div class=\"elementor-widget-container\">\n\t\t\t\t\t\t\t\t\t<h3><strong>A nagyb\u00f6jt, a lila sz\u00ecn \u00e8s a sz\u00ecnh\u00e0z<\/strong><\/h3>\n<p>A nagyb\u00f6jt idej\u00e8n a mise\u00f6lt\u00f6z\u00e8kek lila sz\u00ecn\u0171ek. A k\u00f6z\u00e8pkorban ezen id\u0151szak alatt a sz\u00ecnh\u00e0zi el\u0151ad\u00e0sokat betiltott\u00e0k \u00e8s ez\u00e0ltal a sz\u00ecn\u00e8szek sz\u00e0m\u00e0ra ez nem volt egy szerencs\u00e8s peri\u00f2dus, nem dolgozhattak \u00ecgy a betev\u0151 falatot sem tudt\u00e0k megkeresni. Ebb\u0151l kifoly\u00f2lag a lila sz\u00ecnt manaps\u00e0g sem hordj\u00e0k sz\u00ecvesen, k\u00fcl\u00f6n\u00f6sen a sz\u00ecnh\u00e0zakban.<\/p>\n<h3><strong>Easter egg: a toj\u00e0s ami nem is h\u00f9sv\u00e8ti&#8230;.<\/strong><\/h3>\n<p>Ha sz\u00f2 szerint ford\u00ectjuk le ez bizony h\u00f9sv\u00e8ti toj\u00e0st jelent, m\u00e8gsincs semmi k\u00f6ze a H\u00f9sv\u00e8thoz. Egy az informatika vil\u00e0g\u00e0ban haszn\u00e0latos kifejez\u00e8sr\u0151l van sz\u00f2, amellyel a fejleszt\u0151k a szoftverekben, vide\u00f2j\u00e0t\u00e8kokban elrejtett \u00e0rtalmatlan kakukktoj\u00e0st nevezik. Egyfajta rejtett szign\u00f2k\u00e8nt is tekinthetj\u00fck \u0151ket, amelyeket a felhaszn\u00e0l\u00f2k sz\u00ecvesen keresg\u00e8lnek, pont \u00f9gy mint H\u00f9sv\u00e8tkor a toj\u00e0sokat szok\u00e0s.<\/p>\n\t\t\t\t\t\t\t\t<\/div>\n\t\t\t\t<\/div>\n\t\t\t\t<div class=\"elementor-element elementor-element-2d966da elementor-widget elementor-widget-text-editor\" data-id=\"2d966da\" data-element_type=\"widget\" data-widget_type=\"text-editor.default\">\n\t\t\t\t<div class=\"elementor-widget-container\">\n\t\t\t\t\t\t\t\t\t<h3>Ha tetszett \u00e8s hasznosnak tal\u00e0ltad ezt a bejegyz\u00e8st k\u00e8rlek oszd meg az al\u00e0bbi gombok seg\u00ects\u00e8g\u00e8vel, hogy m\u00e0sok is k\u00f6nnyen megtal\u00e0lhass\u00e0k \u00e8s elolvashass\u00e0k a blog tartalm\u00e0t. K\u00f6sz\u00f6n\u00f6m sz\u00e8pen!<\/h3>\n\t\t\t\t\t\t\t\t<\/div>\n\t\t\t\t<\/div>\n\t\t\t\t\t<\/div>\n\t\t<\/div>\n\t\t\t\t\t<\/div>\n\t\t<\/section>\n\t\t\t\t<\/div>\n\t\t","protected":false},"excerpt":{"rendered":"<p>Ebben a virtu\u00e0lis t\u00e8rben avagy blogban mindig nagy \u00f6r\u00f6mmel osztom meg veled a k\u00e8zm\u0171vess\u00e8ggel kapcsolatos \u00f9jdons\u00e0gokat, kreat\u00ecv \u00f6tleteket \u00e8s tutorial-okat amelyek hasznosak lehetnek sz\u00e0modra az alkot\u00e0sban. Azt hiszem, hogy ugyanolyan fontos \u00e8s \u00e8p\u00ect\u0151 jelleg\u0171 a t\u00f6rt\u00e8nelmi utal\u00e0sok, \u00e8rdekess\u00e8gek megismer\u00e8se is, amelyek l\u00e0tsz\u00f2lag ugyan nem kapcsol\u00f2dnak olyan szorosan a kreativit\u00e0shoz de a kult\u00f9r\u00e0nk, a hagyom\u00e0nyaink, \u00ecgy [&hellip;]<\/p>\n","protected":false},"author":2,"featured_media":3895,"comment_status":"open","ping_status":"open","sticky":false,"template":"","format":"standard","meta":{"site-sidebar-layout":"default","site-content-layout":"default","ast-site-content-layout":"","site-content-style":"default","site-sidebar-style":"default","ast-global-header-display":"","ast-banner-title-visibility":"","ast-main-header-display":"","ast-hfb-above-header-display":"","ast-hfb-below-header-display":"","ast-hfb-mobile-header-display":"","site-post-title":"","ast-breadcrumbs-content":"","ast-featured-img":"","footer-sml-layout":"","theme-transparent-header-meta":"default","adv-header-id-meta":"","stick-header-meta":"default","header-above-stick-meta":"","header-main-stick-meta":"","header-below-stick-meta":"","astra-migrate-meta-layouts":"default","ast-page-background-enabled":"default","ast-page-background-meta":{"desktop":{"background-color":"","background-image":"","background-repeat":"repeat","background-position":"center center","background-size":"auto","background-attachment":"scroll","background-type":"","background-media":"","overlay-type":"","overlay-color":"","overlay-opacity":"","overlay-gradient":""},"tablet":{"background-color":"","background-image":"","background-repeat":"repeat","background-position":"center center","background-size":"auto","background-attachment":"scroll","background-type":"","background-media":"","overlay-type":"","overlay-color":"","overlay-opacity":"","overlay-gradient":""},"mobile":{"background-color":"","background-image":"","background-repeat":"repeat","background-position":"center center","background-size":"auto","background-attachment":"scroll","background-type":"","background-media":"","overlay-type":"","overlay-color":"","overlay-opacity":"","overlay-gradient":""}},"ast-content-background-meta":{"desktop":{"background-color":"var(--ast-global-color-5)","background-image":"","background-repeat":"repeat","background-position":"center center","background-size":"auto","background-attachment":"scroll","background-type":"","background-media":"","overlay-type":"","overlay-color":"","overlay-opacity":"","overlay-gradient":""},"tablet":{"background-color":"var(--ast-global-color-5)","background-image":"","background-repeat":"repeat","background-position":"center center","background-size":"auto","background-attachment":"scroll","background-type":"","background-media":"","overlay-type":"","overlay-color":"","overlay-opacity":"","overlay-gradient":""},"mobile":{"background-color":"var(--ast-global-color-5)","background-image":"","background-repeat":"repeat","background-position":"center center","background-size":"auto","background-attachment":"scroll","background-type":"","background-media":"","overlay-type":"","overlay-color":"","overlay-opacity":"","overlay-gradient":""}},"footnotes":""},"categories":[63,65,64],"tags":[],"class_list":["post-3976","post","type-post","status-publish","format-standard","has-post-thumbnail","hentry","category-erdekessegek","category-erdekessegek-hu","category-unnepek"],"_links":{"self":[{"href":"https:\/\/evibossanyi.com\/hu\/wp-json\/wp\/v2\/posts\/3976","targetHints":{"allow":["GET"]}}],"collection":[{"href":"https:\/\/evibossanyi.com\/hu\/wp-json\/wp\/v2\/posts"}],"about":[{"href":"https:\/\/evibossanyi.com\/hu\/wp-json\/wp\/v2\/types\/post"}],"author":[{"embeddable":true,"href":"https:\/\/evibossanyi.com\/hu\/wp-json\/wp\/v2\/users\/2"}],"replies":[{"embeddable":true,"href":"https:\/\/evibossanyi.com\/hu\/wp-json\/wp\/v2\/comments?post=3976"}],"version-history":[{"count":0,"href":"https:\/\/evibossanyi.com\/hu\/wp-json\/wp\/v2\/posts\/3976\/revisions"}],"wp:featuredmedia":[{"embeddable":true,"href":"https:\/\/evibossanyi.com\/hu\/wp-json\/wp\/v2\/media\/3895"}],"wp:attachment":[{"href":"https:\/\/evibossanyi.com\/hu\/wp-json\/wp\/v2\/media?parent=3976"}],"wp:term":[{"taxonomy":"category","embeddable":true,"href":"https:\/\/evibossanyi.com\/hu\/wp-json\/wp\/v2\/categories?post=3976"},{"taxonomy":"post_tag","embeddable":true,"href":"https:\/\/evibossanyi.com\/hu\/wp-json\/wp\/v2\/tags?post=3976"}],"curies":[{"name":"wp","href":"https:\/\/api.w.org\/{rel}","templated":true}]}}