{"id":3840,"date":"2021-03-15T09:49:27","date_gmt":"2021-03-15T09:49:27","guid":{"rendered":"https:\/\/evibossanyi.com\/uncategorized-hu\/gyakorlati-utmutato-a-szinek-vilagaban\/"},"modified":"2021-04-15T16:41:56","modified_gmt":"2021-04-15T16:41:56","slug":"a-szinlatastol-es-szinerzekelestol-a-szinelmeletig","status":"publish","type":"post","link":"https:\/\/evibossanyi.com\/hu\/a-szinek-vilaga\/a-szinlatastol-es-szinerzekelestol-a-szinelmeletig\/","title":{"rendered":"A sz\u00ecnl\u00e0t\u00e0st\u00f3l \u00e8s sz\u00ecn\u00e8rz\u00e8kel\u00e8st\u00f6l a sz\u00ecnelm\u00e8letig"},"content":{"rendered":"\t\t<div data-elementor-type=\"wp-post\" data-elementor-id=\"3840\" class=\"elementor elementor-3840 elementor-3771\" data-elementor-post-type=\"post\">\n\t\t\t\t\t\t<section class=\"elementor-section elementor-top-section elementor-element elementor-element-7d3763e elementor-section-boxed elementor-section-height-default elementor-section-height-default\" data-id=\"7d3763e\" data-element_type=\"section\" data-settings=\"{&quot;jet_parallax_layout_list&quot;:[]}\">\n\t\t\t\t\t\t<div class=\"elementor-container elementor-column-gap-default\">\n\t\t\t\t\t<div class=\"elementor-column elementor-col-100 elementor-top-column elementor-element elementor-element-3e89f79\" data-id=\"3e89f79\" data-element_type=\"column\">\n\t\t\t<div class=\"elementor-widget-wrap elementor-element-populated\">\n\t\t\t\t\t\t<div class=\"elementor-element elementor-element-118eb88 elementor-widget elementor-widget-heading\" data-id=\"118eb88\" data-element_type=\"widget\" data-widget_type=\"heading.default\">\n\t\t\t\t<div class=\"elementor-widget-container\">\n\t\t\t\t\t<h2 class=\"elementor-heading-title elementor-size-default\">Gondolatok a sz\u00ecnekr\u0151l<\/h2>\t\t\t\t<\/div>\n\t\t\t\t<\/div>\n\t\t\t\t<div class=\"elementor-element elementor-element-6af0a65 elementor-widget elementor-widget-text-editor\" data-id=\"6af0a65\" data-element_type=\"widget\" data-widget_type=\"text-editor.default\">\n\t\t\t\t<div class=\"elementor-widget-container\">\n\t\t\t\t\t\t\t\t\t<p>Milyen lenne a vil\u00e0g sz\u00ecnek n\u00e8lk\u00fcl? Ez egy el\u00e8g abszurd k\u00e8rd\u00e8s, ugye? De ha egy kicsit m\u00e8gis elgondolkodsz ezen r\u00e0 fogsz \u00e8bredni, hogy milyen gyakran al\u00e0becs\u00fclj\u00fck a sz\u00ecnek v\u00e8gtelen hatalm\u00e0t amellyel k\u00e8pesek valamilyen hat\u00e0st gyakorolni r\u00e0nk. \u00c8let\u00fcnk szerves r\u00e8sz\u00e8t k\u00e8pezik, k\u00e8pesek befoly\u00e0solni a d\u00f6nt\u00e8seinket, v\u00e0laszt\u00e0sainkat, a hangulatunkat \u00e8s ez\u00e0ltal nemcsak a viselked\u00e8s\u00fcnket de a vil\u00e0ghoz val\u00f2 viszonyol\u00e0sunkat is. A sz\u00ecnek l\u00e8lektani \u00e8s emot\u00ecv hat\u00e0sokat k\u00f6zvet\u00ectenek \u00e8s minden esetben m\u00e8ly jelent\u00e8ssel b\u00ecrnak. Ezeket a hat\u00e0sokat nagyon sokszor csak r\u00e8szlegesen vagy egy\u00e0ltal\u00e0n nem is vessz\u00fck figyelembe, \u00e8s ez bizony hossz\u00f9 t\u00e0von mell\u00e8khat\u00e0sokat okozhatnak. Ebb\u0151l a szempontb\u00f2l n\u00e8zve pont olyanok mint a gy\u00f2gyszerek: tudni kell adagolni \u0151ket \u00e8s a megfelel\u0151 egyens\u00f9lyt is el kell tal\u00e0lni. Ez az elv mindenre, \u00ecgy a kreat\u00ecv tev\u00e8kenys\u00e8geinkre is vonatkozik. A tudatos sz\u00ecnkiv\u00e0laszt\u00e0s egy intuit\u00ecv v\u00e0laszt\u00e0ssal ellent\u00e8tben k\u00e8pes \u00e8rzelmi szinten is hat\u00e0st gyakorolni r\u00e0nk \u2013 ez a legnagyobb \u00e8rt\u00e8k, amit egy k\u00e8zm\u0171ves alkot\u00e0s ny\u00f9jthat sz\u00e0munkra. Nem \u00e8rdekes hogy mi a szenved\u00e8lyed amelyben ki\u00e8led a kreativit\u00e0sodat, csak az az egy a fontos, hogy ez\u00e0ltal k\u00e8pes vagy \u00e8rzelmi \u00e8rt\u00e8kkel megaj\u00e0nd\u00e8kozni saj\u00e0t magadat \u00e8s m\u00e0sokat is.<\/p>\n<p>\u00ccme \u00f9jra f\u0151szerepben a sz\u00ecnek \u00e8s vel\u00fck egyetemben a form\u00e0k vil\u00e0ga. Ahhoz hogy egy-egy alkot\u00e0shoz tudatosabban tudjuk kiv\u00e0lasztani \u0151ket nemcsak azt kell megtanulnunk hogy milyen fizikai term\u00e8szet\u0171ek hanem at is, hogy milyen hat\u00e0sokkal b\u00ecrnak \u00e8s hogyan p\u00e0ros\u00ecthat\u00f2ak a legeredm\u00e8nyesebben.<\/p>\n<p>Ez egy nagyon szerte\u00e0gaz\u00f2 \u00e8s \u00f6sszetett t\u00e8ma, de biztos vagyok benne hogy ennek a bejegyz\u00e8snek az elolvas\u00e0sa ut\u00e0n tiszt\u00e0ban leszel az alapelvekkel \u00e8s vil\u00e0gos lesz hogyan tudod az alkot\u00e0s sor\u00e0n maxim\u00e0lisan kihaszn\u00e0lni az \u00e0ltaluk ny\u00f9jtott pozit\u00ecv hat\u00e0sokat \u00e8s hogyan v\u00e0lnak majd \u00e8rt\u00e8kes sz\u00f6vets\u00e8geseidd\u00e8 a munk\u00e0d sor\u00e0n.<\/p>\n\t\t\t\t\t\t\t\t<\/div>\n\t\t\t\t<\/div>\n\t\t\t\t<div class=\"elementor-element elementor-element-a9ca4cc elementor-widget elementor-widget-image\" data-id=\"a9ca4cc\" data-element_type=\"widget\" data-widget_type=\"image.default\">\n\t\t\t\t<div class=\"elementor-widget-container\">\n\t\t\t\t\t\t\t\t\t\t\t\t\t\t\t\t<a href=\"https:\/\/www.wassilykandinsky.net\/work-423.php\">\n\t\t\t\t\t\t\t<img fetchpriority=\"high\" decoding=\"async\" width=\"1024\" height=\"761\" src=\"https:\/\/evibossanyi.com\/wp-content\/uploads\/2021\/03\/423-1024x761.jpg\" class=\"attachment-large size-large wp-image-3792\" alt=\"\" srcset=\"https:\/\/evibossanyi.com\/wp-content\/uploads\/2021\/03\/423-1024x761.jpg 1024w, https:\/\/evibossanyi.com\/wp-content\/uploads\/2021\/03\/423-600x446.jpg 600w, https:\/\/evibossanyi.com\/wp-content\/uploads\/2021\/03\/423-300x223.jpg 300w, https:\/\/evibossanyi.com\/wp-content\/uploads\/2021\/03\/423-768x571.jpg 768w, https:\/\/evibossanyi.com\/wp-content\/uploads\/2021\/03\/423-1320x981.jpg 1320w, https:\/\/evibossanyi.com\/wp-content\/uploads\/2021\/03\/423.jpg 1400w\" sizes=\"(max-width: 1024px) 100vw, 1024px\" \/>\t\t\t\t\t\t\t\t<\/a>\n\t\t\t\t\t\t\t\t\t\t\t\t\t\t\t<\/div>\n\t\t\t\t<\/div>\n\t\t\t\t<div class=\"elementor-element elementor-element-4ba17c6 elementor-blockquote--skin-border elementor-blockquote--button-color-official elementor-widget elementor-widget-blockquote\" data-id=\"4ba17c6\" data-element_type=\"widget\" data-widget_type=\"blockquote.default\">\n\t\t\t\t<div class=\"elementor-widget-container\">\n\t\t\t\t\t\t\t<blockquote class=\"elementor-blockquote\">\n\t\t\t<p class=\"elementor-blockquote__content\">\n\t\t\t\t\u201c\u00b0\u00c1ltal\u00e0noss\u00e0gban a sz\u00ecn egy eszk\u00f6z, amely k\u00f6zvetlen\u00fcl befoly\u00e0solja a lelk\u00fcnket. A sz\u00ecn a billenty\u0171. A szem a zongorakalap\u00e0cs. A l\u00e8lek egy sokh\u00f9ros zongora. A m\u0171v\u00e8sz az a k\u00e8z, amely ezt vagy azt a billenty\u0171t lenyomva megremegteti a lelket.\u201d\t\t\t<\/p>\n\t\t\t\t\t\t\t<div class=\"e-q-footer\">\n\t\t\t\t\t\t\t\t\t\t\t<cite class=\"elementor-blockquote__author\">Wassily Kandinsky \u2013 Lo spirituale nell\u2019arte<\/cite>\n\t\t\t\t\t\t\t\t\t\t\t\t\t\t<\/div>\n\t\t\t\t\t<\/blockquote>\n\t\t\t\t\t\t<\/div>\n\t\t\t\t<\/div>\n\t\t\t\t<div class=\"elementor-element elementor-element-204cf2a elementor-widget elementor-widget-spacer\" data-id=\"204cf2a\" data-element_type=\"widget\" data-widget_type=\"spacer.default\">\n\t\t\t\t<div class=\"elementor-widget-container\">\n\t\t\t\t\t\t\t<div class=\"elementor-spacer\">\n\t\t\t<div class=\"elementor-spacer-inner\"><\/div>\n\t\t<\/div>\n\t\t\t\t\t\t<\/div>\n\t\t\t\t<\/div>\n\t\t\t\t<div class=\"elementor-element elementor-element-9452d8d elementor-widget elementor-widget-heading\" data-id=\"9452d8d\" data-element_type=\"widget\" data-widget_type=\"heading.default\">\n\t\t\t\t<div class=\"elementor-widget-container\">\n\t\t\t\t\t<h2 class=\"elementor-heading-title elementor-size-default\">A sz\u00ecnl\u00e0t\u00e0s<\/h2>\t\t\t\t<\/div>\n\t\t\t\t<\/div>\n\t\t\t\t<div class=\"elementor-element elementor-element-0d75cac elementor-widget elementor-widget-text-editor\" data-id=\"0d75cac\" data-element_type=\"widget\" data-widget_type=\"text-editor.default\">\n\t\t\t\t<div class=\"elementor-widget-container\">\n\t\t\t\t\t\t\t\t\t<p>Nem m\u00e0s mint egy fiziol\u00f2giai \u00e8rzet, az a k\u00e8pess\u00e8g amelynek seg\u00ect\u00e8s\u00e8vel meg tudjuk k\u00fcl\u00f6nb\u00f6ztetni az egyes t\u00e0rgyakat annak f\u00fcggv\u00e8ny\u00e8ben hogy visszaverik, kibocs\u00e0tj\u00e0k vagy k\u00f6zvet\u00ectik a f\u00e8ny hull\u00e0mhossz\u00e0t illetve frekvenci\u00e0j\u00e0t. Fizikai tulajdons\u00e0g\u00e0b\u00f2l ad\u00f2d\u00f2an a l\u00e0that\u00f2 f\u00e8ny feh\u00e8r sz\u00ecnben jelenik meg mivel az optikai spektrum \u00f6sszes frekvenci\u00e0j\u00e0nak \u00f6sszege. Egy adott testet teh\u00e0t az\u00e8rt l\u00e0tunk feh\u00e8rnek mert elnyeli \u00e8s vissza is veri az \u00f6sszes frekvenci\u00e0t. Ezzel ellent\u00e8tben, ha egy t\u00e0rgyat feket\u00e8nek l\u00e0tunk az az\u00e8rt van, mert ugyan\u00f9gy elnyel minden frekvenci\u00e0t viszont nem ver vissza egyet sem. A t\u00f6bbi \u00e0tmeneti esetben pedig \u00e8rz\u00e8kelni fogjuk az egyes sz\u00ecneket.<\/p>\n\t\t\t\t\t\t\t\t<\/div>\n\t\t\t\t<\/div>\n\t\t\t\t<div class=\"elementor-element elementor-element-f823e1a elementor-widget elementor-widget-image\" data-id=\"f823e1a\" data-element_type=\"widget\" data-widget_type=\"image.default\">\n\t\t\t\t<div class=\"elementor-widget-container\">\n\t\t\t\t\t\t\t\t\t\t\t\t\t\t\t\t<a href=\"http:\/\/www.researcheritage.com\/2018\/05\/la-percezione-del-colore-dai-fotoni-ai.html\">\n\t\t\t\t\t\t\t<img decoding=\"async\" width=\"643\" height=\"183\" src=\"https:\/\/evibossanyi.com\/wp-content\/uploads\/2021\/03\/Immagine.png\" class=\"attachment-large size-large wp-image-3801\" alt=\"\" srcset=\"https:\/\/evibossanyi.com\/wp-content\/uploads\/2021\/03\/Immagine.png 643w, https:\/\/evibossanyi.com\/wp-content\/uploads\/2021\/03\/Immagine-600x171.png 600w, https:\/\/evibossanyi.com\/wp-content\/uploads\/2021\/03\/Immagine-300x85.png 300w\" sizes=\"(max-width: 643px) 100vw, 643px\" \/>\t\t\t\t\t\t\t\t<\/a>\n\t\t\t\t\t\t\t\t\t\t\t\t\t\t\t<\/div>\n\t\t\t\t<\/div>\n\t\t\t\t<div class=\"elementor-element elementor-element-587384c elementor-widget elementor-widget-heading\" data-id=\"587384c\" data-element_type=\"widget\" data-widget_type=\"heading.default\">\n\t\t\t\t<div class=\"elementor-widget-container\">\n\t\t\t\t\t<h2 class=\"elementor-heading-title elementor-size-default\">A sz\u00ecn\u00e8rz\u00e8kel\u00e8s<\/h2>\t\t\t\t<\/div>\n\t\t\t\t<\/div>\n\t\t\t\t<div class=\"elementor-element elementor-element-5e59baf elementor-widget elementor-widget-text-editor\" data-id=\"5e59baf\" data-element_type=\"widget\" data-widget_type=\"text-editor.default\">\n\t\t\t\t<div class=\"elementor-widget-container\">\n\t\t\t\t\t\t\t\t\t<p>A sz\u00ecnek k\u00fcl\u00f6nf\u00e8le m\u00f2don m\u00e8rhet\u0151ek \u00e8s sz\u00e0mszer\u0171s\u00ecthet\u0151ek, \u00e8rz\u00e8kel\u00e8s\u00fck azonban szubjekt\u00ecv folyamat: k\u00fcl\u00f6nb\u00f6z\u0151 egy\u00e8nek k\u00fcl\u00f6nb\u00f6z\u0151 m\u00f2don l\u00e0tj\u00e0k ugyanazt a megvil\u00e0g\u00ectott t\u00e0rgyat vagy mag\u00e0t a f\u00e8nyforr\u00e0st. Gyakorlatilag a szem\u00fcnk \u00e8s az agyunk k\u00f6z\u00f6sen, h\u00e0rom pontosan meghat\u00e0rozott folyamat sor\u00e0n \u201cford\u00ectja le\u201d a f\u00e8nyt sz\u00ecnn\u00e8. \u00a0A sz\u00ecn\u00e8rz\u00e8kel\u00e8sben a szem\u00fcnk, eg\u00e8szen pontosan a retina j\u00e0tszik meghat\u00e0roz\u00f2 szerepet. A receh\u00e0rty\u00e0n milli\u00f2nyi f\u00e8ny\u00e8rz\u00e8keny sejt (fotoreceptor) tal\u00e0lhat\u00f2, amelyek k\u00e8t csoportra oszthat\u00f2k: csapok \u00e8s p\u00e0lcik\u00e0k. A csapok a nappali, sz\u00ecnes \u00e8s \u00e8lesl\u00e0t\u00e0s\u00e8rt felel\u0151sek, m\u00ecg a p\u00e0lcik\u00e0k a gyenge f\u00e8nyben m\u0171k\u00f6dnek \u00e8s elhelyezked\u00e8s\u00fckb\u0151l ad\u00f2d\u00f2an a perif\u00e8rikus l\u00e0t\u00e0sban van szerep\u00fck.<\/p>\n<p>\u00c8rdekess\u00e8g, hogy a szem\u00fcnk sokkal t\u00f6bb meleg sz\u00ecn\u00e0rnyalatot k\u00e8pes \u00e8rz\u00e8kelni mint amennyi hideget. Ez is a csapoknak k\u00f6sz\u00f6nhet\u0151, mivel majdnem k\u00e8tharmaduk a hossz\u00f9 f\u00e8nyhull\u00e0mokat (piros, narancss\u00e0rga, s\u00e0rga) dolgozza fel.<\/p>\n\t\t\t\t\t\t\t\t<\/div>\n\t\t\t\t<\/div>\n\t\t\t\t<div class=\"elementor-element elementor-element-280078a elementor-widget elementor-widget-image\" data-id=\"280078a\" data-element_type=\"widget\" data-widget_type=\"image.default\">\n\t\t\t\t<div class=\"elementor-widget-container\">\n\t\t\t\t\t\t\t\t\t\t\t\t\t\t\t<img decoding=\"async\" width=\"768\" height=\"768\" src=\"https:\/\/evibossanyi.com\/wp-content\/uploads\/2021\/03\/colori-1-768x768.png\" class=\"attachment-medium_large size-medium_large wp-image-3806\" alt=\"\" srcset=\"https:\/\/evibossanyi.com\/wp-content\/uploads\/2021\/03\/colori-1-768x768.png 768w, https:\/\/evibossanyi.com\/wp-content\/uploads\/2021\/03\/colori-1-300x300.png 300w, https:\/\/evibossanyi.com\/wp-content\/uploads\/2021\/03\/colori-1-100x100.png 100w, https:\/\/evibossanyi.com\/wp-content\/uploads\/2021\/03\/colori-1-600x600.png 600w, https:\/\/evibossanyi.com\/wp-content\/uploads\/2021\/03\/colori-1-1024x1024.png 1024w, https:\/\/evibossanyi.com\/wp-content\/uploads\/2021\/03\/colori-1-150x150.png 150w, https:\/\/evibossanyi.com\/wp-content\/uploads\/2021\/03\/colori-1.png 1080w\" sizes=\"(max-width: 768px) 100vw, 768px\" \/>\t\t\t\t\t\t\t\t\t\t\t\t\t\t\t<\/div>\n\t\t\t\t<\/div>\n\t\t\t\t<div class=\"elementor-element elementor-element-8120634 elementor-widget elementor-widget-heading\" data-id=\"8120634\" data-element_type=\"widget\" data-widget_type=\"heading.default\">\n\t\t\t\t<div class=\"elementor-widget-container\">\n\t\t\t\t\t<h2 class=\"elementor-heading-title elementor-size-default\">Sz\u00ecnelm\u00e8let<\/h2>\t\t\t\t<\/div>\n\t\t\t\t<\/div>\n\t\t\t\t<div class=\"elementor-element elementor-element-bdaa67f elementor-widget elementor-widget-text-editor\" data-id=\"bdaa67f\" data-element_type=\"widget\" data-widget_type=\"text-editor.default\">\n\t\t\t\t<div class=\"elementor-widget-container\">\n\t\t\t\t\t\t\t\t\t<p>A titok, hogy mik\u00e8nt is p\u00e0ros\u00ectsuk \u00f6ssze helyesen a k\u00fcl\u00f6nb\u00f6z\u0151 sz\u00ecneket pont ebben az elm\u00e8letben rejlik. Abban hogy meg\u00e0llap\u00ecthassuk hogy melyek mutatnak j\u00f2l egy\u00fctt \u00e8s melyek kev\u00e8sb\u00e8, seg\u00ects\u00e8g\u00fcnkre lesz egy rendk\u00ecv\u00fcl hasznos eszk\u00f6z \u2013 l\u00e0ssuk mindj\u00e0rt mir\u0151l is van sz\u00f2!<\/p>\n\t\t\t\t\t\t\t\t<\/div>\n\t\t\t\t<\/div>\n\t\t\t\t<div class=\"elementor-element elementor-element-eed3ece elementor-widget elementor-widget-heading\" data-id=\"eed3ece\" data-element_type=\"widget\" data-widget_type=\"heading.default\">\n\t\t\t\t<div class=\"elementor-widget-container\">\n\t\t\t\t\t<h3 class=\"elementor-heading-title elementor-size-default\">A sz\u00ecnker\u00e8k<\/h3>\t\t\t\t<\/div>\n\t\t\t\t<\/div>\n\t\t\t\t<div class=\"elementor-element elementor-element-2a1c84e elementor-widget elementor-widget-text-editor\" data-id=\"2a1c84e\" data-element_type=\"widget\" data-widget_type=\"text-editor.default\">\n\t\t\t\t<div class=\"elementor-widget-container\">\n\t\t\t\t\t\t\t\t\t<p>Az els\u0151 sz\u00ecnkereket <em>Isaac Newton<\/em> fejlesztette ki az 1600-as \u00e8vek m\u00e0sodik fel\u00e8ben. Newton az optikai diszperzi\u00f2 tanulm\u00e0nyoz\u00e0sa sor\u00e0n fedezte fel, hogy a l\u00e0that\u00f2 feh\u00e8r f\u00e8ny sz\u00ecnes alkot\u00f2elemeire bomlik fel ha egy \u00fcvegprizm\u00e0n hatol kereszt\u00fcl. Azt is felfedezte, hogy ha ugyanezek a sz\u00ecnek egy m\u00e0sik prizm\u00e0n kereszt\u00fcl hatolnak \u00e0t ism\u00e8t feh\u00e8r f\u00e8nny\u00e8 alakulnak vissza \u00e8s ez\u00e0ltal meg\u00e0llap\u00ectotta, hogy a sz\u00ecn nem az adott test tulajdons\u00e0ga hanem mag\u00e0\u00e8 a f\u00e8ny\u00e8.<\/p>\n<p>Az \u00e0ltala megval\u00f2s\u00ectott sz\u00ecnker\u00e8k v\u00e0ltozatait m\u00e0r akkoriban is a hagyom\u00e0nyos sz\u00ecnelm\u00e8let alapjak\u00e8nt alkalmazt\u00e0k.<\/p>\n\t\t\t\t\t\t\t\t<\/div>\n\t\t\t\t<\/div>\n\t\t\t\t<div class=\"elementor-element elementor-element-659545d elementor-widget elementor-widget-image\" data-id=\"659545d\" data-element_type=\"widget\" data-widget_type=\"image.default\">\n\t\t\t\t<div class=\"elementor-widget-container\">\n\t\t\t\t\t\t\t\t\t\t\t\t\t\t\t\t<a href=\"https:\/\/www.pinterest.it\/pin\/392305817537466930\/\">\n\t\t\t\t\t\t\t<img loading=\"lazy\" decoding=\"async\" width=\"800\" height=\"668\" src=\"https:\/\/evibossanyi.com\/wp-content\/uploads\/2021\/03\/58bb2e3baea38000c5424e0f6706d855.png\" class=\"attachment-large size-large wp-image-3809\" alt=\"\" srcset=\"https:\/\/evibossanyi.com\/wp-content\/uploads\/2021\/03\/58bb2e3baea38000c5424e0f6706d855.png 800w, https:\/\/evibossanyi.com\/wp-content\/uploads\/2021\/03\/58bb2e3baea38000c5424e0f6706d855-600x501.png 600w, https:\/\/evibossanyi.com\/wp-content\/uploads\/2021\/03\/58bb2e3baea38000c5424e0f6706d855-300x251.png 300w, https:\/\/evibossanyi.com\/wp-content\/uploads\/2021\/03\/58bb2e3baea38000c5424e0f6706d855-768x641.png 768w\" sizes=\"(max-width: 800px) 100vw, 800px\" \/>\t\t\t\t\t\t\t\t<\/a>\n\t\t\t\t\t\t\t\t\t\t\t\t\t\t\t<\/div>\n\t\t\t\t<\/div>\n\t\t\t\t<div class=\"elementor-element elementor-element-efc5d4c elementor-widget elementor-widget-heading\" data-id=\"efc5d4c\" data-element_type=\"widget\" data-widget_type=\"heading.default\">\n\t\t\t\t<div class=\"elementor-widget-container\">\n\t\t\t\t\t<h3 class=\"elementor-heading-title elementor-size-default\">Mik\u00e8nt \u00e8p\u00fcl fel \u00e8s hogyan haszn\u00e0ljuk a sz\u00ecnkereket?<\/h3>\t\t\t\t<\/div>\n\t\t\t\t<\/div>\n\t\t\t\t<div class=\"elementor-element elementor-element-5304d7b elementor-widget elementor-widget-text-editor\" data-id=\"5304d7b\" data-element_type=\"widget\" data-widget_type=\"text-editor.default\">\n\t\t\t\t<div class=\"elementor-widget-container\">\n\t\t\t\t\t\t\t\t\t<p>Az alkot\u00e0s sor\u00e0n n\u00e8ha el\u00e8g \u00f6sszetett folyamat a sz\u00ecnv\u00e0laszt\u00e0s. A sz\u00ecnker\u00e8k haszn\u00e0lata megk\u00f6nny\u00ect\u00ec a sz\u00ecnkombin\u00e0ci\u00f2k kiv\u00e0laszt\u00e0s\u00e0t \u00e8s k\u00f6nnyen l\u00e0that\u00f2v\u00e0 v\u00e0lnak az egyes sz\u00ecnhat\u00e0s kapcsolatok is &#8211; \u00e8ppen ez\u00e8rt is v\u00e0lt a designerek, m\u0171v\u00e8szek, d\u00ecszlettervez\u0151k elengedhetetlen seg\u00e8deszk\u00f6z\u00e8v\u00e8.<\/p>\n<p>A teljes sz\u00ecnk\u00e8p 12 alap\u00e0rnyalatra, 3 els\u0151dleges, 3 m\u00e0sodlagos \u00e8s 6 harmadlagos sz\u00ecnre oszlik rajta.<\/p>\n<ul>\n<li><strong><em>Els\u0151dleges sz\u00ecnek<\/em><\/strong><\/li>\n<\/ul>\n<p style=\"padding-left: 40px;\">Ide tartozik a piros, a k\u00e8k \u00e8s a s\u00e0rga. Ezek tiszta sz\u00ecnek, nem \u00e0ll\u00ecthat\u00f2ak el\u0151 m\u00e0s sz\u00ecnekb\u0151l.<\/p>\n<ul>\n<li><strong><em>M\u00e0sodlagos sz\u00ecnek<\/em><\/strong><\/li>\n<\/ul>\n<p style=\"padding-left: 40px;\">Itt tal\u00e0lhat\u00f2 a narancss\u00e0rga, a z\u00f6ld \u00e8s a lila. \u00a0A sz\u00ecnker\u00e8ken ezek az els\u0151dleges sz\u00ecnek k\u00f6z\u00f6tt helyezkednek el mivel ezeknek egyforma ar\u00e0nyban t\u00f6rt\u00e8n\u0151 kever\u00e8s\u00e8b\u0151l \u00e0ll\u00ecthat\u00f2ak el\u0151: piros + s\u00e0rga = narancss\u00e0rga, k\u00e8k + s\u00e0rga = z\u00f6ld, k\u00e8k + piros = lila<\/p>\n<ul>\n<li><em><strong>Harmadlagos sz\u00ecnek<\/strong><\/em><\/li>\n<\/ul>\n<p style=\"padding-left: 40px;\">Ezek az els\u0151dleges \u00e8s a k\u00f6zvetlen\u00fcl mellette elhelyezked\u0151 m\u00e0sodlagos sz\u00ecn kever\u00e8s\u00e8vel \u00e0ll\u00ecthat\u00f2ak el\u0151.<\/p>\n<p>Minden egyes kever\u00e8s ut\u00e0n az \u00e0rnyalatok egyre kev\u00e8sb\u00e8 lesznek \u00e8l\u00e8nkek.<\/p>\n\t\t\t\t\t\t\t\t<\/div>\n\t\t\t\t<\/div>\n\t\t\t\t<div class=\"elementor-element elementor-element-4a6b09e elementor-widget elementor-widget-heading\" data-id=\"4a6b09e\" data-element_type=\"widget\" data-widget_type=\"heading.default\">\n\t\t\t\t<div class=\"elementor-widget-container\">\n\t\t\t\t\t<h3 class=\"elementor-heading-title elementor-size-default\">Sz\u00ecnharm\u00f2nia<\/h3>\t\t\t\t<\/div>\n\t\t\t\t<\/div>\n\t\t\t\t<div class=\"elementor-element elementor-element-0aa1b58 elementor-widget elementor-widget-text-editor\" data-id=\"0aa1b58\" data-element_type=\"widget\" data-widget_type=\"text-editor.default\">\n\t\t\t\t<div class=\"elementor-widget-container\">\n\t\t\t\t\t\t\t\t\t<p>A sz\u00ecnp\u00e0ros\u00ect\u00e0s elve sz\u00ecnharm\u00f2niak\u00e8nt is ismeretes \u00e8s akkor j\u00f6n l\u00e8tre amikor a sz\u00ecnek egy kellemes \u00f6sszhat\u00e0st alkotnak.<\/p>\n<p>Az <strong><em>els\u0151dleges sz\u00ecnek<\/em><\/strong> p\u00e8ld\u00e0ul mindig \u00f6sszhangban vannak, \u00e8l\u00e8nkek, felt\u0171n\u0151ek \u00e8s soha nem mennek ki a divatb\u00f2l. Haszn\u00e0ld \u0151ket b\u00e0tran ha ragyog\u00f2an vid\u00e0m hat\u00e0st k\u00ecv\u00e0nsz el\u00e8rni. Arra viszont figyelj oda hogy ne haszn\u00e0ld mindh\u00e0rmat egyszerre mert a v\u00e8geredm\u00e8ny nem lesz harm\u00f2nikus \u00e8s gyerekesnek t\u0171nhet. Ha csak egyet vagy maximum kett\u0151t haszn\u00e0lsz az \u00f6sszhat\u00e0s nagyon kifinomult lesz.<\/p>\n<p><img loading=\"lazy\" decoding=\"async\" class=\"aligncenter size-full wp-image-3831\" src=\"https:\/\/evibossanyi.com\/wp-content\/uploads\/2021\/03\/colori-primari-e-totali.png\" alt=\"\" width=\"400\" height=\"380\" srcset=\"https:\/\/evibossanyi.com\/wp-content\/uploads\/2021\/03\/colori-primari-e-totali.png 400w, https:\/\/evibossanyi.com\/wp-content\/uploads\/2021\/03\/colori-primari-e-totali-300x285.png 300w\" sizes=\"(max-width: 400px) 100vw, 400px\" \/><\/p>\n<p>A <strong><em>komplementer<\/em><\/strong> vagyis a sz\u00ecnker\u00e8ken egym\u00e0ssal szemben \u00e0ll\u00f2 sz\u00ecnek p\u00e0ros\u00ect\u00e0sa is \u00e8lveetes hat\u00e0st kelt. Ezek a sz\u00ecnek k\u00f6lcs\u00f6n\u00f6sen kiemelik egym\u00e0st \u00e8s ha ugyanolyan a f\u00e8nyer\u0151ss\u00e8g\u00fck \u00e8s az \u00e0rnyalatuk m\u00e8rt\u00e8ke akkor nagyon j\u00f2l fognak mutatni egy\u00fctt. A legink\u00e0bb haszn\u00e0latos kombin\u00e0ci\u00f2k a k\u00e8k \u2013 narancss\u00e0rga, a s\u00e0rga \u2013 lila, de a z\u00f6ld r\u00f2zsasz\u00ecnnel p\u00e0ros\u00ectva sem rossz megold\u00e0s.<\/p>\n<p><img loading=\"lazy\" decoding=\"async\" class=\"aligncenter wp-image-3825 size-full\" src=\"https:\/\/evibossanyi.com\/wp-content\/uploads\/2021\/03\/colori-complementari.jpg\" alt=\"\" width=\"585\" height=\"550\" srcset=\"https:\/\/evibossanyi.com\/wp-content\/uploads\/2021\/03\/colori-complementari.jpg 585w, https:\/\/evibossanyi.com\/wp-content\/uploads\/2021\/03\/colori-complementari-300x282.jpg 300w\" sizes=\"(max-width: 585px) 100vw, 585px\" \/><\/p>\n<p>Ha <strong><em>anal\u00f2g<\/em><\/strong> vagyis azonos sz\u00ecncsoportba tartoz\u00f2, egym\u00e0sal szomsz\u00e8dos sz\u00ecneket haszn\u00e0lsz mint p\u00e8ld\u00e0ul a k\u00e8k indig\u00f2k\u00e8kkel val\u00f2 kombin\u00e0ci\u00f2ja, a v\u00e8geredm\u00e8ny kellemesen egym\u00e0sba olvad\u00f2 lesz.<\/p>\n<p><img loading=\"lazy\" decoding=\"async\" class=\"aligncenter wp-image-3819 size-full\" src=\"https:\/\/evibossanyi.com\/wp-content\/uploads\/2021\/03\/428742274722eb4540b2ac2531f65f89.png\" alt=\"\" width=\"400\" height=\"400\" srcset=\"https:\/\/evibossanyi.com\/wp-content\/uploads\/2021\/03\/428742274722eb4540b2ac2531f65f89.png 400w, https:\/\/evibossanyi.com\/wp-content\/uploads\/2021\/03\/428742274722eb4540b2ac2531f65f89-300x300.png 300w, https:\/\/evibossanyi.com\/wp-content\/uploads\/2021\/03\/428742274722eb4540b2ac2531f65f89-100x100.png 100w, https:\/\/evibossanyi.com\/wp-content\/uploads\/2021\/03\/428742274722eb4540b2ac2531f65f89-150x150.png 150w\" sizes=\"(max-width: 400px) 100vw, 400px\" \/><\/p>\n<p><em>Semleges sz\u00ecnek<\/em>, mint a feh\u00e8r, a fekete, a sz\u00fcrke vagy \u00e8ppen a barna p\u00e0ros\u00ect\u00e0sa meglep\u0151 eredm\u00e8nyt hozhat. Ezek a sz\u00ecnek egy\u00e0ltal\u00e0n nem monotonok \u00e8s unalmasak, er\u0151ss\u00e8g\u00fck pont abb\u00f2l ad\u00f2dik, hogy sz\u00e8pen mutatnak csoportosan \u00e8s az els\u0151dleges illetve a m\u00e0sodlagos sz\u00ecnekkel kombin\u00e0lva egyar\u00e0nt. Biztosan \u00e8szrevetted hogy nincsenek jelen a sz\u00ecnker\u00e8ken \u00e8s meghat\u00e0rozni, kikeverni sem egyszer\u0171 \u0151ket: gyakran tomp\u00e0k \u00e8s olyan term\u00e8szeti elemeket id\u00e8znek benn\u00fcnk vissza mint a homok, a f\u00f6ld vagy a k\u00f6vek. Ha ilyen sz\u00ecnekkel dolgozol, akkor legink\u00e0bb a sz\u00ecnh\u0151m\u00e8rs\u00e8kletet kell figyelembe venned: meleg sz\u00ecnekhez p\u00e0ros\u00ecthatsz p\u00e8ld\u00e0ul egy barna fel\u00e8 hajl\u00f2 sz\u00fcrk\u00e8t vagy egy kr\u00e8msz\u00ecnt, hideg \u00e0rnyalatokhoz pedig feket\u00e8t vagy feh\u00e8ret.<\/p>\n<p><img loading=\"lazy\" decoding=\"async\" class=\"aligncenter wp-image-3834 size-large\" src=\"https:\/\/evibossanyi.com\/wp-content\/uploads\/2021\/03\/colori-4-1024x1024.png\" alt=\"\" width=\"1024\" height=\"1024\" srcset=\"https:\/\/evibossanyi.com\/wp-content\/uploads\/2021\/03\/colori-4-1024x1024.png 1024w, https:\/\/evibossanyi.com\/wp-content\/uploads\/2021\/03\/colori-4-300x300.png 300w, https:\/\/evibossanyi.com\/wp-content\/uploads\/2021\/03\/colori-4-100x100.png 100w, https:\/\/evibossanyi.com\/wp-content\/uploads\/2021\/03\/colori-4-600x600.png 600w, https:\/\/evibossanyi.com\/wp-content\/uploads\/2021\/03\/colori-4-150x150.png 150w, https:\/\/evibossanyi.com\/wp-content\/uploads\/2021\/03\/colori-4-768x768.png 768w, https:\/\/evibossanyi.com\/wp-content\/uploads\/2021\/03\/colori-4.png 1080w\" sizes=\"(max-width: 1024px) 100vw, 1024px\" \/><\/p>\n\t\t\t\t\t\t\t\t<\/div>\n\t\t\t\t<\/div>\n\t\t\t\t<div class=\"elementor-element elementor-element-f2259b6 elementor-widget elementor-widget-text-editor\" data-id=\"f2259b6\" data-element_type=\"widget\" data-widget_type=\"text-editor.default\">\n\t\t\t\t<div class=\"elementor-widget-container\">\n\t\t\t\t\t\t\t\t\t<p>A sz\u00ecnek h\u0151m\u00e8rs\u00e8klet\u00e8r\u0151l \u00e8s m\u00e8g sok m\u00e0s \u00e8rdekess\u00e8gr\u0151l is olvashatsz majd a k\u00f6vetkez\u0151 bejegyz\u00e8sben. T\u00f6bbek k\u00f6z\u00f6tt arr\u00f2l is sz\u00f2 lesz hogy mit kell figyelembe venni a helyes sz\u00ecn\u00f6ssze\u00e0ll\u00ect\u00e0sn\u00e0l, milyen kever\u0151rendszerek l\u00e8teznek illetve hogy milyen l\u00e8lektani hat\u00e0ssal vannak r\u00e0nk az egyes sz\u00ecnek.<\/p>\n\t\t\t\t\t\t\t\t<\/div>\n\t\t\t\t<\/div>\n\t\t\t\t<div class=\"elementor-element elementor-element-f658620 elementor-cta--skin-classic elementor-animated-content elementor-bg-transform elementor-bg-transform-zoom-in elementor-widget elementor-widget-call-to-action\" data-id=\"f658620\" data-element_type=\"widget\" data-widget_type=\"call-to-action.default\">\n\t\t\t\t<div class=\"elementor-widget-container\">\n\t\t\t\t\t\t\t<div class=\"elementor-cta\">\n\t\t\t\t\t<div class=\"elementor-cta__bg-wrapper\">\n\t\t\t\t<div class=\"elementor-cta__bg elementor-bg\" style=\"background-image: url(https:\/\/evibossanyi.com\/wp-content\/uploads\/2021\/03\/colori-1024x1024.png);\" role=\"img\" aria-label=\"colori\"><\/div>\n\t\t\t\t<div class=\"elementor-cta__bg-overlay\"><\/div>\n\t\t\t<\/div>\n\t\t\t\t\t\t\t<div class=\"elementor-cta__content\">\n\t\t\t\t\n\t\t\t\t\t\t\t\t\t<h2 class=\"elementor-cta__title elementor-cta__content-item elementor-content-item\">\n\t\t\t\t\t\tNem szeretn\u00e8l lemaradni a k\u00f6vetkez\u0151 bejegyz\u00e8sr\u0151l sem?\t\t\t\t\t<\/h2>\n\t\t\t\t\n\t\t\t\t\t\t\t\t\t<div class=\"elementor-cta__description elementor-cta__content-item elementor-content-item\">\n\t\t\t\t\t\t<p>Iratkozz fel a h\u00ecrlev\u00e8lre \u00e8s mindig id\u0151ben fogsz \u00e8rtes\u00fclni az \u00f9jdons\u00e0gokr\u00f2l!<\/p>\n\t\t\t\t\t<\/div>\n\t\t\t\t\n\t\t\t\t\t\t\t<\/div>\n\t\t\t\t\t\t<\/div>\n\t\t\t\t\t\t<\/div>\n\t\t\t\t<\/div>\n\t\t\t\t<div class=\"elementor-element elementor-element-fb588e1 elementor-widget elementor-widget-text-editor\" data-id=\"fb588e1\" data-element_type=\"widget\" data-widget_type=\"text-editor.default\">\n\t\t\t\t<div class=\"elementor-widget-container\">\n\t\t\t\t\t\t\t\t\t<h3>Ha tetszett \u00e8s hasznosnak tal\u00e0ltad ezt a bejegyz\u00e8st k\u00e8rlek oszd meg az al\u00e0bbi gombok seg\u00ects\u00e8g\u00e8vel, hogy m\u00e0sok is k\u00f6nnyen megtal\u00e0lhass\u00e0k \u00e8s elolvashass\u00e0k a blog tartalm\u00e0t. K\u00f6sz\u00f6n\u00f6m sz\u00e8pen!<\/h3>\n\t\t\t\t\t\t\t\t<\/div>\n\t\t\t\t<\/div>\n\t\t\t\t\t<\/div>\n\t\t<\/div>\n\t\t\t\t\t<\/div>\n\t\t<\/section>\n\t\t\t\t<\/div>\n\t\t","protected":false},"excerpt":{"rendered":"<p>Gondolatok a sz\u00ecnekr\u0151l Milyen lenne a vil\u00e0g sz\u00ecnek n\u00e8lk\u00fcl? Ez egy el\u00e8g abszurd k\u00e8rd\u00e8s, ugye? De ha egy kicsit m\u00e8gis elgondolkodsz ezen r\u00e0 fogsz \u00e8bredni, hogy milyen gyakran al\u00e0becs\u00fclj\u00fck a sz\u00ecnek v\u00e8gtelen hatalm\u00e0t amellyel k\u00e8pesek valamilyen hat\u00e0st gyakorolni r\u00e0nk. \u00c8let\u00fcnk szerves r\u00e8sz\u00e8t k\u00e8pezik, k\u00e8pesek befoly\u00e0solni a d\u00f6nt\u00e8seinket, v\u00e0laszt\u00e0sainkat, a hangulatunkat \u00e8s ez\u00e0ltal nemcsak a viselked\u00e8s\u00fcnket [&hellip;]<\/p>\n","protected":false},"author":2,"featured_media":3773,"comment_status":"open","ping_status":"open","sticky":false,"template":"","format":"standard","meta":{"site-sidebar-layout":"default","site-content-layout":"default","ast-site-content-layout":"","site-content-style":"default","site-sidebar-style":"default","ast-global-header-display":"","ast-banner-title-visibility":"","ast-main-header-display":"","ast-hfb-above-header-display":"","ast-hfb-below-header-display":"","ast-hfb-mobile-header-display":"","site-post-title":"","ast-breadcrumbs-content":"","ast-featured-img":"","footer-sml-layout":"","theme-transparent-header-meta":"default","adv-header-id-meta":"","stick-header-meta":"default","header-above-stick-meta":"","header-main-stick-meta":"","header-below-stick-meta":"","astra-migrate-meta-layouts":"default","ast-page-background-enabled":"default","ast-page-background-meta":{"desktop":{"background-color":"","background-image":"","background-repeat":"repeat","background-position":"center center","background-size":"auto","background-attachment":"scroll","background-type":"","background-media":"","overlay-type":"","overlay-color":"","overlay-opacity":"","overlay-gradient":""},"tablet":{"background-color":"","background-image":"","background-repeat":"repeat","background-position":"center center","background-size":"auto","background-attachment":"scroll","background-type":"","background-media":"","overlay-type":"","overlay-color":"","overlay-opacity":"","overlay-gradient":""},"mobile":{"background-color":"","background-image":"","background-repeat":"repeat","background-position":"center center","background-size":"auto","background-attachment":"scroll","background-type":"","background-media":"","overlay-type":"","overlay-color":"","overlay-opacity":"","overlay-gradient":""}},"ast-content-background-meta":{"desktop":{"background-color":"var(--ast-global-color-5)","background-image":"","background-repeat":"repeat","background-position":"center center","background-size":"auto","background-attachment":"scroll","background-type":"","background-media":"","overlay-type":"","overlay-color":"","overlay-opacity":"","overlay-gradient":""},"tablet":{"background-color":"var(--ast-global-color-5)","background-image":"","background-repeat":"repeat","background-position":"center center","background-size":"auto","background-attachment":"scroll","background-type":"","background-media":"","overlay-type":"","overlay-color":"","overlay-opacity":"","overlay-gradient":""},"mobile":{"background-color":"var(--ast-global-color-5)","background-image":"","background-repeat":"repeat","background-position":"center center","background-size":"auto","background-attachment":"scroll","background-type":"","background-media":"","overlay-type":"","overlay-color":"","overlay-opacity":"","overlay-gradient":""}},"footnotes":""},"categories":[89],"tags":[],"class_list":["post-3840","post","type-post","status-publish","format-standard","has-post-thumbnail","hentry","category-a-szinek-vilaga"],"_links":{"self":[{"href":"https:\/\/evibossanyi.com\/hu\/wp-json\/wp\/v2\/posts\/3840","targetHints":{"allow":["GET"]}}],"collection":[{"href":"https:\/\/evibossanyi.com\/hu\/wp-json\/wp\/v2\/posts"}],"about":[{"href":"https:\/\/evibossanyi.com\/hu\/wp-json\/wp\/v2\/types\/post"}],"author":[{"embeddable":true,"href":"https:\/\/evibossanyi.com\/hu\/wp-json\/wp\/v2\/users\/2"}],"replies":[{"embeddable":true,"href":"https:\/\/evibossanyi.com\/hu\/wp-json\/wp\/v2\/comments?post=3840"}],"version-history":[{"count":0,"href":"https:\/\/evibossanyi.com\/hu\/wp-json\/wp\/v2\/posts\/3840\/revisions"}],"wp:featuredmedia":[{"embeddable":true,"href":"https:\/\/evibossanyi.com\/hu\/wp-json\/wp\/v2\/media\/3773"}],"wp:attachment":[{"href":"https:\/\/evibossanyi.com\/hu\/wp-json\/wp\/v2\/media?parent=3840"}],"wp:term":[{"taxonomy":"category","embeddable":true,"href":"https:\/\/evibossanyi.com\/hu\/wp-json\/wp\/v2\/categories?post=3840"},{"taxonomy":"post_tag","embeddable":true,"href":"https:\/\/evibossanyi.com\/hu\/wp-json\/wp\/v2\/tags?post=3840"}],"curies":[{"name":"wp","href":"https:\/\/api.w.org\/{rel}","templated":true}]}}