{"id":3315,"date":"2021-02-19T08:55:14","date_gmt":"2021-02-19T08:55:14","guid":{"rendered":"https:\/\/evibossanyi.com\/uncategorized-hu\/upcycling-tudod-hogy-mi-is-ez\/"},"modified":"2021-03-08T15:05:22","modified_gmt":"2021-03-08T15:05:22","slug":"upcycling-tudod-hogy-mi-is-ez","status":"publish","type":"post","link":"https:\/\/evibossanyi.com\/hu\/kreativ-ujrahasznositas\/upcycling-tudod-hogy-mi-is-ez\/","title":{"rendered":"Upcycling: tudod hogy mi is ez?"},"content":{"rendered":"\t\t<div data-elementor-type=\"wp-post\" data-elementor-id=\"3315\" class=\"elementor elementor-3315 elementor-3255\" data-elementor-post-type=\"post\">\n\t\t\t\t\t\t<section class=\"elementor-section elementor-top-section elementor-element elementor-element-2d0930c elementor-section-boxed elementor-section-height-default elementor-section-height-default\" data-id=\"2d0930c\" data-element_type=\"section\" data-settings=\"{&quot;jet_parallax_layout_list&quot;:[]}\">\n\t\t\t\t\t\t<div class=\"elementor-container elementor-column-gap-default\">\n\t\t\t\t\t<div class=\"elementor-column elementor-col-100 elementor-top-column elementor-element elementor-element-ec2c424\" data-id=\"ec2c424\" data-element_type=\"column\">\n\t\t\t<div class=\"elementor-widget-wrap elementor-element-populated\">\n\t\t\t\t\t\t<div class=\"elementor-element elementor-element-6cb2ab5 elementor-widget elementor-widget-text-editor\" data-id=\"6cb2ab5\" data-element_type=\"widget\" data-widget_type=\"text-editor.default\">\n\t\t\t\t<div class=\"elementor-widget-container\">\n\t\t\t\t\t\t\t\t\t<p>Maga a sz\u00f2 1994-ben sz\u00fcletett meg, amikor <em>Reiner Pilz<\/em> m\u00e8rn\u00f6k egy \u00e8p\u00ect\u00e8szettel foglalkoz\u00f2 magazinnak adott interj\u00f9ban a k\u00f6vetkez\u0151 maghat\u00e0roz\u00e0st haszn\u00e0lta:<\/p>\n\t\t\t\t\t\t\t\t<\/div>\n\t\t\t\t<\/div>\n\t\t\t\t<div class=\"elementor-element elementor-element-bc2c6a7 elementor-blockquote--skin-border elementor-blockquote--button-color-official elementor-widget elementor-widget-blockquote\" data-id=\"bc2c6a7\" data-element_type=\"widget\" data-widget_type=\"blockquote.default\">\n\t\t\t\t<div class=\"elementor-widget-container\">\n\t\t\t\t\t\t\t<blockquote class=\"elementor-blockquote\">\n\t\t\t<p class=\"elementor-blockquote__content\">\n\t\t\t\t\u201e Az \u00f9jrahasznos\u00ect\u00e0st \u00e8n down-cycling-nek nevezem. Amire sz\u00fcks\u00e8g\u00fcnk van az az up-cycling amelynek seg\u00ects\u00e8g\u00e8vel a elhaszn\u00e0lt term\u00e8keknek nagyobb \u00e8rt\u00e8ket tudunk adni nem pedig kisebbet.\u201d\t\t\t<\/p>\n\t\t\t\t\t<\/blockquote>\n\t\t\t\t\t\t<\/div>\n\t\t\t\t<\/div>\n\t\t\t\t<div class=\"elementor-element elementor-element-99e2163 elementor-widget elementor-widget-image\" data-id=\"99e2163\" data-element_type=\"widget\" data-widget_type=\"image.default\">\n\t\t\t\t<div class=\"elementor-widget-container\">\n\t\t\t\t\t\t\t\t\t\t\t\t\t\t\t<img fetchpriority=\"high\" decoding=\"async\" width=\"320\" height=\"158\" src=\"https:\/\/evibossanyi.com\/wp-content\/uploads\/2021\/02\/up-down-re-cycling.png\" class=\"attachment-large size-large wp-image-3261\" alt=\"\" srcset=\"https:\/\/evibossanyi.com\/wp-content\/uploads\/2021\/02\/up-down-re-cycling.png 320w, https:\/\/evibossanyi.com\/wp-content\/uploads\/2021\/02\/up-down-re-cycling-300x148.png 300w\" sizes=\"(max-width: 320px) 100vw, 320px\" \/>\t\t\t\t\t\t\t\t\t\t\t\t\t\t\t<\/div>\n\t\t\t\t<\/div>\n\t\t\t\t<div class=\"elementor-element elementor-element-737031b elementor-widget elementor-widget-text-editor\" data-id=\"737031b\" data-element_type=\"widget\" data-widget_type=\"text-editor.default\">\n\t\t\t\t<div class=\"elementor-widget-container\">\n\t\t\t\t\t\t\t\t\t<p>\u00c1ltal\u00e0ban nemes egyszer\u0171s\u00e8ggel <strong>kreat\u00ecv \u00f9jrahasznos\u00ect\u00e0s<\/strong>k\u00e8nt szoktuk emlegetni, azonban egyik kifejez\u00e8s sem emeli ki igaz\u00e0n, hogy az <em><strong>upcycling<\/strong><\/em> az adott t\u00e0rgyat az eredetihez k\u00e8pest nagyobb \u00e8rt\u00e8kkel ruh\u00e0zza fel. Pontosan ebb\u0151l az okb\u00f2l kifoly\u00f2lag ez a tecnika az egyszer\u0171 \u00f9jrahasznos\u00ect\u00e0shoz (<em><strong>recycling<\/strong><\/em>) \u00a0k\u00e8pest sz\u00e0mos az energiamegtakar\u00ect\u00e0shoz \u00e8s a k\u00f6rnyezetv\u00e8delemhez szorosan kapcsol\u00f2d\u00f2 el\u0151nnyel b\u00ecr.<\/p>\n<p>Persze semmit nem lehet a v\u00e8gtelens\u00e8gig \u00f9jrahasznos\u00ectani. Vegy\u00fck p\u00e8ld\u00e0nak a m\u0171anyagot, amelyb\u0151l szintetikus ruhadarabokat is el\u0151\u00e0ll\u00ectanak: amikor elhordjuk elker\u00fclhetetlen\u00fcl kidob\u00e0sra ker\u00fcl, ez\u00e8rt ezt a folyamatot a <em><strong>downcycling<\/strong><\/em> fogalommal tudjuk a legjobban azonos\u00ectani.<\/p>\n\t\t\t\t\t\t\t\t<\/div>\n\t\t\t\t<\/div>\n\t\t\t\t<div class=\"elementor-element elementor-element-351b449 elementor-widget elementor-widget-heading\" data-id=\"351b449\" data-element_type=\"widget\" data-widget_type=\"heading.default\">\n\t\t\t\t<div class=\"elementor-widget-container\">\n\t\t\t\t\t<h2 class=\"elementor-heading-title elementor-size-default\">Az upcycling el\u0151nyei<\/h2>\t\t\t\t<\/div>\n\t\t\t\t<\/div>\n\t\t\t\t<div class=\"elementor-element elementor-element-5763c02 elementor-widget elementor-widget-text-editor\" data-id=\"5763c02\" data-element_type=\"widget\" data-widget_type=\"text-editor.default\">\n\t\t\t\t<div class=\"elementor-widget-container\">\n\t\t\t\t\t\t\t\t\t<ul>\n<li><em>Energiamegtakar\u00ect\u00e0s<\/em>: ahhoz, hogy egy adott term\u00e8ket \u00f9jrahasznos\u00ectsunk gyakran nagy mennyis\u00e8g\u0171 energiaforr\u00e0sra van sz\u00fcks\u00e8g, n\u00e8ha m\u00e8g ann\u00e0l is t\u00f6bbre, mint amennyivel \u00f9jra el\u0151 lehetne \u00e0ll\u00ectani. Az upcycling eset\u00e8ben viszont el\u00e8g ha van n\u00e8h\u00e0ny j\u00f2 \u00f6tlet\u00fcnk, egy kis k\u00e8z\u00fcgyess\u00e8g\u00fcnk \u00e8s minim\u00e0lis, de ak\u00e0r semmilyen energiaforr\u00e0s felhaszn\u00e0l\u00e0sa n\u00e8lk\u00fcl is \u00f9j \u00e8letre kelthet\u00fcnk egy kidob\u00e0sra sz\u00e0nt term\u00e8ket.<\/li>\n<li>Az egyszer haszn\u00e0latos term\u00e8kekkel is felveszi az harcot mivel egy olcs\u00f2 t\u00e0rgynak jobb felhaszn\u00e0l\u00e0si ter\u00fcletet biztos\u00ect, ez\u00e0ltal emelkedik a becs\u00fclt vagy val\u00f2s \u00e8rt\u00e8ke \u00e8s minden esetben sokkal t\u00f6bb ideig fogjuk majd haszn\u00e0lni.<\/li>\n<li>Nem pocs\u00e8kolunk \u00e8s a kidoband\u00f2 szem\u00e8t mennyis\u00e8ge is cs\u00f6kken.<\/li>\n<li>Kiv\u00e0l\u00f2 szabadid\u0151s tev\u00e8kenys\u00e8g, amely nemcsak a kez\u00fcnket de a fant\u00e0zi\u00e0nkat is folyamatosan edzhetj\u00fck.<\/li>\n<\/ul>\n\t\t\t\t\t\t\t\t<\/div>\n\t\t\t\t<\/div>\n\t\t\t\t<div class=\"elementor-element elementor-element-0c4bde4 elementor-widget elementor-widget-heading\" data-id=\"0c4bde4\" data-element_type=\"widget\" data-widget_type=\"heading.default\">\n\t\t\t\t<div class=\"elementor-widget-container\">\n\t\t\t\t\t<h2 class=\"elementor-heading-title elementor-size-default\">N\u00e8h\u00e0ny p\u00e8lda<\/h2>\t\t\t\t<\/div>\n\t\t\t\t<\/div>\n\t\t\t\t<div class=\"elementor-element elementor-element-43e488c elementor-widget elementor-widget-text-editor\" data-id=\"43e488c\" data-element_type=\"widget\" data-widget_type=\"text-editor.default\">\n\t\t\t\t<div class=\"elementor-widget-container\">\n\t\t\t\t\t\t\t\t\t<p>Az els\u0151 igazi p\u00e8lda a Heineken \u00e0ltal 1963-ban gy\u00e0rtott Wobo s\u00f6r. A c\u00e8g legfontosabb t\u00f6rekv\u00e8se az volt, hogy az \u00fcres \u00fcvegeket t\u00e8glak\u00e8nt haszn\u00e0lj\u00e0k az \u00e8p\u00ectkez\u00e8sek sor\u00e0n ott, ahol ez az alapanyag hi\u00e0nycikk volt \u00e8s ez\u00e0ltal elker\u00fclhet\u0151v\u00e8 v\u00e0ljon, hogy az emberek kidobj\u00e0k ezeket az \u00fcvegeket.<\/p>\n\t\t\t\t\t\t\t\t<\/div>\n\t\t\t\t<\/div>\n\t\t\t\t<div class=\"elementor-element elementor-element-6ee2424 elementor-widget elementor-widget-image\" data-id=\"6ee2424\" data-element_type=\"widget\" data-widget_type=\"image.default\">\n\t\t\t\t<div class=\"elementor-widget-container\">\n\t\t\t\t\t\t\t\t\t\t\t\t<figure class=\"wp-caption\">\n\t\t\t\t\t\t\t\t\t\t\t<a href=\"https:\/\/www.google.it\/search?q=birra+wobo&#038;tbm=isch&#038;ved=2ahUKEwiy2Krt4e7uAhVTgKQKHclRCokQ2-cCegQIABAA&#038;oq=birra+wobo&#038;gs_lcp=CgNpbWcQAzoECCMQJzoHCCMQ6gIQJzoICAAQsQMQgwE6AggAOgQIABBDOgUIABCxAzoHCAAQsQMQQzoGCAAQCBAeOgQIABAYUP7ABFiU-QRgpoIFaAFwAHgEgAGhAogB2ROSAQYxLjExLjOYAQCgAQGqAQtnd3Mtd2l6LWltZ7ABCsABAQ&#038;sclient=img&#038;ei=reorYPLNMdOAkgXJo6nICA&#038;bih=880&#038;biw=1920&#038;hl=it\">\n\t\t\t\t\t\t\t<img decoding=\"async\" width=\"299\" height=\"169\" src=\"https:\/\/evibossanyi.com\/wp-content\/uploads\/2021\/02\/wobo-Heineken.jpg\" class=\"attachment-large size-large wp-image-3269\" alt=\"\" \/>\t\t\t\t\t\t\t\t<\/a>\n\t\t\t\t\t\t\t\t\t\t\t<figcaption class=\"widget-image-caption wp-caption-text\">Forr\u00e0s<\/figcaption>\n\t\t\t\t\t\t\t\t\t\t<\/figure>\n\t\t\t\t\t\t\t\t\t<\/div>\n\t\t\t\t<\/div>\n\t\t\t\t<div class=\"elementor-element elementor-element-4f1254f elementor-widget elementor-widget-text-editor\" data-id=\"4f1254f\" data-element_type=\"widget\" data-widget_type=\"text-editor.default\">\n\t\t\t\t<div class=\"elementor-widget-container\">\n\t\t\t\t\t\t\t\t\t<p>Egy m\u00e0sik, tal\u00e0n a legh\u00ecresebb p\u00e8lda a Ferrero \u00e8s az Alessi design \u00e0ltal piacra dobott Nutella-Clock. Az \u00f2ra gyakorlatilag a kupakba van be\u00e8p\u00ectve, amelyet csak az \u00fcres nutell\u00e0s \u00fcvegre kell csavarni \u00e8s m\u00e0ris \u00e8rt\u00e8kkel ruh\u00e0zhatunk fel egy biztos kidob\u00e0sra \u00ect\u00e8lt term\u00e8ket.<\/p>\n\t\t\t\t\t\t\t\t<\/div>\n\t\t\t\t<\/div>\n\t\t\t\t<div class=\"elementor-element elementor-element-4b3e568 elementor-widget elementor-widget-image\" data-id=\"4b3e568\" data-element_type=\"widget\" data-widget_type=\"image.default\">\n\t\t\t\t<div class=\"elementor-widget-container\">\n\t\t\t\t\t\t\t\t\t\t\t\t<figure class=\"wp-caption\">\n\t\t\t\t\t\t\t\t\t\t\t<a href=\"https:\/\/www.google.it\/search?q=nutella+clock&#038;tbm=isch&#038;ved=2ahUKEwjs24OM4e7uAhXSk6QKHXcjD2EQ2-cCegQIABAA&#038;oq=nutella+clock&#038;gs_lcp=CgNpbWcQA1AAWABgyagMaABwAHgAgAEAiAEAkgEAmAEAqgELZ3dzLXdpei1pbWc&#038;sclient=img&#038;ei=4ekrYKznLdKnkgX3xryIBg&#038;bih=880&#038;biw=1920&#038;hl=it\">\n\t\t\t\t\t\t\t<img decoding=\"async\" width=\"270\" height=\"400\" src=\"https:\/\/evibossanyi.com\/wp-content\/uploads\/2021\/02\/Orologio-Nutella-Clock-Alessi.jpg\" class=\"attachment-large size-large wp-image-3276\" alt=\"\" srcset=\"https:\/\/evibossanyi.com\/wp-content\/uploads\/2021\/02\/Orologio-Nutella-Clock-Alessi.jpg 270w, https:\/\/evibossanyi.com\/wp-content\/uploads\/2021\/02\/Orologio-Nutella-Clock-Alessi-203x300.jpg 203w\" sizes=\"(max-width: 270px) 100vw, 270px\" \/>\t\t\t\t\t\t\t\t<\/a>\n\t\t\t\t\t\t\t\t\t\t\t<figcaption class=\"widget-image-caption wp-caption-text\">Forr\u00e0s<\/figcaption>\n\t\t\t\t\t\t\t\t\t\t<\/figure>\n\t\t\t\t\t\t\t\t\t<\/div>\n\t\t\t\t<\/div>\n\t\t\t\t<div class=\"elementor-element elementor-element-911aff6 elementor-widget elementor-widget-text-editor\" data-id=\"911aff6\" data-element_type=\"widget\" data-widget_type=\"text-editor.default\">\n\t\t\t\t<div class=\"elementor-widget-container\">\n\t\t\t\t\t\t\t\t\t<p>&nbsp;<\/p>\n<p>A <strong>pap\u00ecrfon\u00e0s<\/strong> vagyis az \u00f9js\u00e0gpap\u00ecrb\u00f2l k\u00e8sz\u00ectett pap\u00ecrvessz\u0151kb\u0151l fonott t\u00e0rgyak elk\u00e8sz\u00ect\u00e8se is kiemelked\u0151 p\u00e8ld\u00e0ja a pozit\u00ecv \u00f9jrahasznos\u00ect\u00e0snak. Ahelyett hogy kidobn\u00e0nk \u00e8s energi\u00e0t fektetn\u00e8nk az \u00f9js\u00e0gpap\u00ecr feldolgoz\u00e0s\u00e0ba egy kis fant\u00e0zi\u00e0val \u00e8s k\u00e8z\u00fcgyess\u00e8ggel nagyon sok hasznos \u00e8s \u00e8rt\u00e8kes t\u00e0rgyat k\u00e8sz\u00ecthet\u00fcnk bel\u0151le, amelyet hossz\u00f9 \u00e8vekig haszn\u00e0lhatunk.<\/p>\n<div id='gallery-1' class='gallery galleryid-3315 gallery-columns-3 gallery-size-large'><figure class='gallery-item'>\n\t\t\t<div class='gallery-icon landscape'>\n\t\t\t\t<a href='https:\/\/evibossanyi.com\/hu\/foglalkozasok\/emelt-szintu-papirfono-tanfolyam\/attachment\/corso-avanzato-tazza-2\/'><img loading=\"lazy\" decoding=\"async\" width=\"1024\" height=\"1024\" src=\"https:\/\/evibossanyi.com\/wp-content\/uploads\/2020\/09\/corso-avanzato-tazza-1024x1024.png\" class=\"attachment-large size-large\" alt=\"\" srcset=\"https:\/\/evibossanyi.com\/wp-content\/uploads\/2020\/09\/corso-avanzato-tazza-1024x1024.png 1024w, https:\/\/evibossanyi.com\/wp-content\/uploads\/2020\/09\/corso-avanzato-tazza-300x300.png 300w, https:\/\/evibossanyi.com\/wp-content\/uploads\/2020\/09\/corso-avanzato-tazza-100x100.png 100w, https:\/\/evibossanyi.com\/wp-content\/uploads\/2020\/09\/corso-avanzato-tazza-600x600.png 600w, https:\/\/evibossanyi.com\/wp-content\/uploads\/2020\/09\/corso-avanzato-tazza-150x150.png 150w, https:\/\/evibossanyi.com\/wp-content\/uploads\/2020\/09\/corso-avanzato-tazza-768x768.png 768w, https:\/\/evibossanyi.com\/wp-content\/uploads\/2020\/09\/corso-avanzato-tazza.png 1080w\" sizes=\"(max-width: 1024px) 100vw, 1024px\" \/><\/a>\n\t\t\t<\/div><\/figure><figure class='gallery-item'>\n\t\t\t<div class='gallery-icon landscape'>\n\t\t\t\t<a href='https:\/\/evibossanyi.com\/hu\/sajto\/feltro-creativo-facile-11\/attachment\/add-79-contenitori-per-la-casa-2-2\/'><img loading=\"lazy\" decoding=\"async\" width=\"700\" height=\"700\" src=\"https:\/\/evibossanyi.com\/wp-content\/uploads\/2020\/03\/add-79-contenitori-per-la-casa-2.jpg\" class=\"attachment-large size-large\" alt=\"\" srcset=\"https:\/\/evibossanyi.com\/wp-content\/uploads\/2020\/03\/add-79-contenitori-per-la-casa-2.jpg 700w, https:\/\/evibossanyi.com\/wp-content\/uploads\/2020\/03\/add-79-contenitori-per-la-casa-2-300x300.jpg 300w, https:\/\/evibossanyi.com\/wp-content\/uploads\/2020\/03\/add-79-contenitori-per-la-casa-2-100x100.jpg 100w, https:\/\/evibossanyi.com\/wp-content\/uploads\/2020\/03\/add-79-contenitori-per-la-casa-2-600x600.jpg 600w, https:\/\/evibossanyi.com\/wp-content\/uploads\/2020\/03\/add-79-contenitori-per-la-casa-2-150x150.jpg 150w\" sizes=\"(max-width: 700px) 100vw, 700px\" \/><\/a>\n\t\t\t<\/div><\/figure><figure class='gallery-item'>\n\t\t\t<div class='gallery-icon landscape'>\n\t\t\t\t<a href='https:\/\/evibossanyi.com\/hu\/cestino-con-manico-di-media-dimensione-2\/'><img loading=\"lazy\" decoding=\"async\" width=\"700\" height=\"700\" src=\"https:\/\/evibossanyi.com\/wp-content\/uploads\/2020\/03\/cestino-con-manico-di-media-dimensione.jpg\" class=\"attachment-large size-large\" alt=\"\" srcset=\"https:\/\/evibossanyi.com\/wp-content\/uploads\/2020\/03\/cestino-con-manico-di-media-dimensione.jpg 700w, https:\/\/evibossanyi.com\/wp-content\/uploads\/2020\/03\/cestino-con-manico-di-media-dimensione-300x300.jpg 300w, https:\/\/evibossanyi.com\/wp-content\/uploads\/2020\/03\/cestino-con-manico-di-media-dimensione-100x100.jpg 100w, https:\/\/evibossanyi.com\/wp-content\/uploads\/2020\/03\/cestino-con-manico-di-media-dimensione-600x600.jpg 600w, https:\/\/evibossanyi.com\/wp-content\/uploads\/2020\/03\/cestino-con-manico-di-media-dimensione-150x150.jpg 150w\" sizes=\"(max-width: 700px) 100vw, 700px\" \/><\/a>\n\t\t\t<\/div><\/figure>\n\t\t<\/div>\n\n\t\t\t\t\t\t\t\t<\/div>\n\t\t\t\t<\/div>\n\t\t\t\t<div class=\"elementor-element elementor-element-b776229 elementor-widget elementor-widget-text-editor\" data-id=\"b776229\" data-element_type=\"widget\" data-widget_type=\"text-editor.default\">\n\t\t\t\t<div class=\"elementor-widget-container\">\n\t\t\t\t\t\t\t\t\t<p>A felsorol\u00e0st ak\u00e0r a v\u00e8gtelens\u00e8gig folytathatn\u00e0m&#8230;. ez\u00e8rt is gondoltam \u00f9gy elk\u00e8sz\u00ectem az al\u00e0bbi vide\u00f2t, amelyben tov\u00e0bbi 26 szuper \u00f6tletet gy\u0171jt\u00f6ttem \u00f6ssze:<\/p>\n\t\t\t\t\t\t\t\t<\/div>\n\t\t\t\t<\/div>\n\t\t\t\t<div class=\"elementor-element elementor-element-6531a0e elementor-widget elementor-widget-video\" data-id=\"6531a0e\" data-element_type=\"widget\" data-settings=\"{&quot;youtube_url&quot;:&quot;https:\\\/\\\/youtu.be\\\/FRtrg144y28&quot;,&quot;video_type&quot;:&quot;youtube&quot;,&quot;controls&quot;:&quot;yes&quot;}\" data-widget_type=\"video.default\">\n\t\t\t\t<div class=\"elementor-widget-container\">\n\t\t\t\t\t\t\t<div class=\"elementor-wrapper elementor-open-inline\">\n\t\t\t<div class=\"elementor-video\"><\/div>\t\t<\/div>\n\t\t\t\t\t\t<\/div>\n\t\t\t\t<\/div>\n\t\t\t\t<div class=\"elementor-element elementor-element-9a89578 elementor-widget elementor-widget-text-editor\" data-id=\"9a89578\" data-element_type=\"widget\" data-widget_type=\"text-editor.default\">\n\t\t\t\t<div class=\"elementor-widget-container\">\n\t\t\t\t\t\t\t\t\t<p>Ha a vide\u00f2t is megn\u00e8zted biztosan kedved kapt\u00e0l te is az upcycling-hoz, akkor munk\u00e0ra fel! Keress otthon egy kidob\u00e0sra sz\u00e0nt t\u00e0rgyat \u00e8s ahelyett, hogy kidobn\u00e0d gondold \u00e0t hogy hogyan tudn\u00e0d \u00f9j \u00e8rt\u00e8kkel felruh\u00e0zni. A v\u00e8geredm\u00e8ny biztosan meglep\u0151 lesz \u00e8s ez a technika nemcsak \u00f9j \u00e8s hasznos, de gazdas\u00e0gos \u00e8s k\u00f6rnyezetk\u00ecm\u00e8l\u0151 szabadid\u0151s tev\u00e8kenys\u00e8gedd\u00e8 fog v\u00e0lni!<\/p>\n<p>Az\u00e8rt azt tartsd mindig szem el\u0151tt, hogy egy \u00f9j t\u00e0rgy megv\u00e0s\u00e0rl\u00e0sa \u00e8s \u00e0talak\u00ect\u00e0sa nem upcycling, viszont a pinc\u00e8b\u0151l, padl\u00e0sr\u00f2l, sufnib\u00f2l el\u0151\u00e0sott r\u00e8gi t\u00e0rgyak\u00e8 igen!<\/p>\n\t\t\t\t\t\t\t\t<\/div>\n\t\t\t\t<\/div>\n\t\t\t\t<div class=\"elementor-element elementor-element-0dc3acc elementor-widget elementor-widget-text-editor\" data-id=\"0dc3acc\" data-element_type=\"widget\" data-widget_type=\"text-editor.default\">\n\t\t\t\t<div class=\"elementor-widget-container\">\n\t\t\t\t\t\t\t\t\t<h2><strong>#creaconevi<\/strong><\/h2>\n<p>Oszd meg velem az alkot\u00e0saidat a Facebook-on \u00e8s az Instagramon is \u00e8s haszn\u00e0ld a <strong>#creaconevi<\/strong> hashtag-ot hogy m\u00e8g t\u00f6bben l\u00e0thass\u00e0k majd a munk\u00e0idat!<\/p>\n<p>Szeretettel v\u00e0rlak a k\u00f6z\u00f6ss\u00e8gben \u00e8s j\u00f2 alkot\u00e0st k\u00ecv\u00e0nok!<\/p>\n\t\t\t\t\t\t\t\t<\/div>\n\t\t\t\t<\/div>\n\t\t\t\t<div class=\"elementor-element elementor-element-51e9590 elementor-widget elementor-widget-text-editor\" data-id=\"51e9590\" data-element_type=\"widget\" data-widget_type=\"text-editor.default\">\n\t\t\t\t<div class=\"elementor-widget-container\">\n\t\t\t\t\t\t\t\t\t<h3>Ha tetszett \u00e8s hasznosnak tal\u00e0ltad ezt a bejegyz\u00e8st k\u00e8rlek oszd meg az al\u00e0bbi gombok seg\u00ects\u00e8g\u00e8vel, hogy m\u00e0sok is k\u00f6nnyen megtal\u00e0lhass\u00e0k \u00e8s elolvashass\u00e0k a blog tartalm\u00e0t. K\u00f6sz\u00f6n\u00f6m sz\u00e8pen!<\/h3>\n\t\t\t\t\t\t\t\t<\/div>\n\t\t\t\t<\/div>\n\t\t\t\t\t<\/div>\n\t\t<\/div>\n\t\t\t\t\t<\/div>\n\t\t<\/section>\n\t\t\t\t<\/div>\n\t\t","protected":false},"excerpt":{"rendered":"<p>Maga a sz\u00f2 1994-ben sz\u00fcletett meg, amikor Reiner Pilz m\u00e8rn\u00f6k egy \u00e8p\u00ect\u00e8szettel foglalkoz\u00f2 magazinnak adott interj\u00f9ban a k\u00f6vetkez\u0151 maghat\u00e0roz\u00e0st haszn\u00e0lta: \u201e Az \u00f9jrahasznos\u00ect\u00e0st \u00e8n down-cycling-nek nevezem. Amire sz\u00fcks\u00e8g\u00fcnk van az az up-cycling amelynek seg\u00ects\u00e8g\u00e8vel a elhaszn\u00e0lt term\u00e8keknek nagyobb \u00e8rt\u00e8ket tudunk adni nem pedig kisebbet.\u201d \u00c1ltal\u00e0ban nemes egyszer\u0171s\u00e8ggel kreat\u00ecv \u00f9jrahasznos\u00ect\u00e0sk\u00e8nt szoktuk emlegetni, azonban egyik kifejez\u00e8s sem [&hellip;]<\/p>\n","protected":false},"author":2,"featured_media":3317,"comment_status":"open","ping_status":"open","sticky":false,"template":"","format":"standard","meta":{"site-sidebar-layout":"default","site-content-layout":"default","ast-site-content-layout":"","site-content-style":"default","site-sidebar-style":"default","ast-global-header-display":"","ast-banner-title-visibility":"","ast-main-header-display":"","ast-hfb-above-header-display":"","ast-hfb-below-header-display":"","ast-hfb-mobile-header-display":"","site-post-title":"","ast-breadcrumbs-content":"","ast-featured-img":"","footer-sml-layout":"","theme-transparent-header-meta":"default","adv-header-id-meta":"","stick-header-meta":"default","header-above-stick-meta":"","header-main-stick-meta":"","header-below-stick-meta":"","astra-migrate-meta-layouts":"default","ast-page-background-enabled":"default","ast-page-background-meta":{"desktop":{"background-color":"","background-image":"","background-repeat":"repeat","background-position":"center center","background-size":"auto","background-attachment":"scroll","background-type":"","background-media":"","overlay-type":"","overlay-color":"","overlay-opacity":"","overlay-gradient":""},"tablet":{"background-color":"","background-image":"","background-repeat":"repeat","background-position":"center center","background-size":"auto","background-attachment":"scroll","background-type":"","background-media":"","overlay-type":"","overlay-color":"","overlay-opacity":"","overlay-gradient":""},"mobile":{"background-color":"","background-image":"","background-repeat":"repeat","background-position":"center center","background-size":"auto","background-attachment":"scroll","background-type":"","background-media":"","overlay-type":"","overlay-color":"","overlay-opacity":"","overlay-gradient":""}},"ast-content-background-meta":{"desktop":{"background-color":"var(--ast-global-color-5)","background-image":"","background-repeat":"repeat","background-position":"center center","background-size":"auto","background-attachment":"scroll","background-type":"","background-media":"","overlay-type":"","overlay-color":"","overlay-opacity":"","overlay-gradient":""},"tablet":{"background-color":"var(--ast-global-color-5)","background-image":"","background-repeat":"repeat","background-position":"center center","background-size":"auto","background-attachment":"scroll","background-type":"","background-media":"","overlay-type":"","overlay-color":"","overlay-opacity":"","overlay-gradient":""},"mobile":{"background-color":"var(--ast-global-color-5)","background-image":"","background-repeat":"repeat","background-position":"center center","background-size":"auto","background-attachment":"scroll","background-type":"","background-media":"","overlay-type":"","overlay-color":"","overlay-opacity":"","overlay-gradient":""}},"footnotes":""},"categories":[43,65,37],"tags":[],"class_list":["post-3315","post","type-post","status-publish","format-standard","has-post-thumbnail","hentry","category-diy-hu","category-erdekessegek-hu","category-kreativ-ujrahasznositas"],"_links":{"self":[{"href":"https:\/\/evibossanyi.com\/hu\/wp-json\/wp\/v2\/posts\/3315","targetHints":{"allow":["GET"]}}],"collection":[{"href":"https:\/\/evibossanyi.com\/hu\/wp-json\/wp\/v2\/posts"}],"about":[{"href":"https:\/\/evibossanyi.com\/hu\/wp-json\/wp\/v2\/types\/post"}],"author":[{"embeddable":true,"href":"https:\/\/evibossanyi.com\/hu\/wp-json\/wp\/v2\/users\/2"}],"replies":[{"embeddable":true,"href":"https:\/\/evibossanyi.com\/hu\/wp-json\/wp\/v2\/comments?post=3315"}],"version-history":[{"count":0,"href":"https:\/\/evibossanyi.com\/hu\/wp-json\/wp\/v2\/posts\/3315\/revisions"}],"wp:featuredmedia":[{"embeddable":true,"href":"https:\/\/evibossanyi.com\/hu\/wp-json\/wp\/v2\/media\/3317"}],"wp:attachment":[{"href":"https:\/\/evibossanyi.com\/hu\/wp-json\/wp\/v2\/media?parent=3315"}],"wp:term":[{"taxonomy":"category","embeddable":true,"href":"https:\/\/evibossanyi.com\/hu\/wp-json\/wp\/v2\/categories?post=3315"},{"taxonomy":"post_tag","embeddable":true,"href":"https:\/\/evibossanyi.com\/hu\/wp-json\/wp\/v2\/tags?post=3315"}],"curies":[{"name":"wp","href":"https:\/\/api.w.org\/{rel}","templated":true}]}}