{"id":2748,"date":"2020-12-05T16:56:44","date_gmt":"2020-12-05T16:56:44","guid":{"rendered":"https:\/\/evibossanyi.com\/?p=2748"},"modified":"2021-02-02T17:53:31","modified_gmt":"2021-02-02T17:53:31","slug":"adventi-hagyomanyok-szokasok-es-szimbolumok","status":"publish","type":"post","link":"https:\/\/evibossanyi.com\/hu\/erdekessegek\/adventi-hagyomanyok-szokasok-es-szimbolumok\/","title":{"rendered":"Adventi hagyom\u00e0nyok, szok\u00e0sok \u00e8s szimb\u00f2lumok"},"content":{"rendered":"\t\t<div data-elementor-type=\"wp-post\" data-elementor-id=\"2748\" class=\"elementor elementor-2748 elementor-2678\" data-elementor-post-type=\"post\">\n\t\t\t\t\t\t<section class=\"elementor-section elementor-top-section elementor-element elementor-element-c11cffe elementor-section-boxed elementor-section-height-default elementor-section-height-default\" data-id=\"c11cffe\" data-element_type=\"section\" data-settings=\"{&quot;jet_parallax_layout_list&quot;:[]}\">\n\t\t\t\t\t\t<div class=\"elementor-container elementor-column-gap-default\">\n\t\t\t\t\t<div class=\"elementor-column elementor-col-100 elementor-top-column elementor-element elementor-element-80aacaf\" data-id=\"80aacaf\" data-element_type=\"column\">\n\t\t\t<div class=\"elementor-widget-wrap elementor-element-populated\">\n\t\t\t\t\t\t<section class=\"elementor-section elementor-inner-section elementor-element elementor-element-48719e1 elementor-section-boxed elementor-section-height-default elementor-section-height-default\" data-id=\"48719e1\" data-element_type=\"section\" data-settings=\"{&quot;jet_parallax_layout_list&quot;:[]}\">\n\t\t\t\t\t\t<div class=\"elementor-container elementor-column-gap-default\">\n\t\t\t\t\t<div class=\"elementor-column elementor-col-100 elementor-inner-column elementor-element elementor-element-0019739\" data-id=\"0019739\" data-element_type=\"column\">\n\t\t\t<div class=\"elementor-widget-wrap elementor-element-populated\">\n\t\t\t\t\t\t<div class=\"elementor-element elementor-element-785010c elementor-widget elementor-widget-text-editor\" data-id=\"785010c\" data-element_type=\"widget\" data-widget_type=\"text-editor.default\">\n\t\t\t\t<div class=\"elementor-widget-container\">\n\t\t\t\t\t\t\t\t\t<p>A kar\u00e0csony a vil\u00e0gban mindenhol az az \u00fcnnep, amikor az emberek egym\u00e0s fel\u00e8 fordulnak, megk\u00fcl\u00f6nb\u00f6ztetett figyelemmel b\u00e0nnak szeretteikkel \u00e8s lelkiekben felk\u00e8sz\u00fclnek az \u00f9j \u00e8vre, egy \u00f9j kezdetre. Ebben az id\u0151szakban k\u00f6vetj\u00fck a nemzed\u00e8kr\u0151l nemzed\u00e8kre sz\u00e0ll\u00f2 <strong>hagyom\u00e0nyok<\/strong>at, <strong> szok\u00e0sok<\/strong>at \u00e8s megsz\u00e0ml\u00e0lhatatlan, <strong>szimb\u00f2likus jelent\u00e8s<\/strong>t is mag\u00e0ban hordoz\u00f2 d\u00ecszekkel d\u00ecsz\u00ectj\u00fck fel otthonunkat, k\u00f6rnyezet\u00fcnket. Ez a h\u00e0rom t\u00e8nyez\u0151, amellyel tal\u00e0n a legink\u00e0bb meghat\u00e0rozhatjuk a kar\u00e0csonyi \u00fcnnepeket \u00e8s az arra val\u00f2 k\u00e8sz\u00fcl\u0151d\u00e8st.<\/p>\n<p>Ebben a bejegyz\u00e8sben szeretn\u00e8m min\u00e8l jobban megismertetni ezeknek a hagyom\u00e0nyoknak az eredet\u00e8t \u00e8s a hozz\u00e0juk szorosan kapcsol\u00f2d\u00f2 jelk\u00e8prendszer egyes elemeit.<\/p>\n\t\t\t\t\t\t\t\t<\/div>\n\t\t\t\t<\/div>\n\t\t\t\t\t<\/div>\n\t\t<\/div>\n\t\t\t\t\t<\/div>\n\t\t<\/section>\n\t\t\t\t<div class=\"elementor-element elementor-element-3c6ee82 elementor-widget elementor-widget-text-editor\" data-id=\"3c6ee82\" data-element_type=\"widget\" data-widget_type=\"text-editor.default\">\n\t\t\t\t<div class=\"elementor-widget-container\">\n\t\t\t\t\t\t\t\t\t<h2>Advent<\/h2>\n<p>Az advent var\u00e0zslatos hangulat\u00e0t nemcsak a kereszt\u00e8ny trad\u00ecci\u00f2k alak\u00ectott\u00e0k ki, hanem a t\u00e8li s\u00f6t\u00e8ts\u00e8gben melegs\u00e8gre, f\u00e8nyre \u00e8s meg\u00f9jul\u00f2 \u00e8letre val\u00f2 \u0151si v\u00e0gy\u00f2d\u00e0sunk is.<\/p>\n<p>Tal\u00e0n kev\u00e8sb\u00e8 ismeretes, hogy a k\u00f6ztereken fel\u00e0ll\u00ectott, feld\u00ecsz\u00ectett kar\u00e0csonyf\u00e0k \u00e8s a kar\u00e0csonyi f\u00e8nyben \u00f9sz\u00f2 utcar\u00e8szletek is szimb\u00f2likus jelent\u00e8ssel b\u00ecrnak. A f\u00e8ny a s\u00f6t\u00e8ts\u00e8gben a kereszt\u00e8nys\u00e8gnek a pog\u00e0ny vil\u00e0gban val\u00f2 megjelen\u00e8s\u00e8re utal. A sz\u00e8pen feld\u00ecsz\u00ectett k\u00f6zterek az otthon meghitt hangulat\u00e0t id\u00e8zik fel \u00e8s az embert\u00e0rsainkkal k\u00f6z\u00f6s, szeretetteljes \u00fcnnepl\u00e8sre b\u00ecztatnak.<\/p>\n<p>Mindannyiunk sz\u00e0m\u00e0ra ismeretes, hogy az advent a kar\u00e0csonyra val\u00f2 k\u00e8sz\u00fcl\u0151d\u00e8s id\u0151szaka. A latin \u201eadventus\u201d sz\u00f2b\u00f2l ered \u00e8s \u00e8rkez\u00e8st, elj\u00f6vetelt jelent, m\u00e8gis a <strong>v\u00e0rakoz\u00e0s<\/strong>sz\u00f2val azonos\u00ectjuk a legink\u00e0bb.<\/p>\n<p>Az <strong>advent eredete <\/strong> k\u00e8s\u0151bbre tehet\u0151 mint mag\u00e0\u00e8 a kar\u00e0csony\u00e8: m\u00e8g az els\u0151 kar\u00e0csonyt R\u00f2m\u00e0ban meg a IV. sz\u00e0zadban, a r\u00e0 val\u00f2 k\u00e8sz\u00fcl\u0151d\u00e8sre utal\u00f2 jelekkel csak az V. sz\u00e0zadban tal\u00e0lkozhatunk amikor is Szent Perpetuo h\u00e0rom napos b\u00f6jt\u00f6t rendelt el az \u00dar sz\u00fclet\u00e8se el\u0151tt. K\u00e8s\u0151bb hat teljes h\u00e8ten kereszt\u00fcl k\u00e8sz\u00fcltek az \u00fcnnepre \u00e8s ezt az id\u0151szakot Szent Martin Nagyb\u00f6jtnek nevezt\u00e8k. Az elk\u00f6vetkezend\u0151 \u00e8vsz\u00e0zadokban ez a hagyom\u00e0ny sok v\u00e0ltoz\u00e0sok esett \u00e0t m\u00ecg a mai, \u00e0ltalunk is j\u00f2l ismert adventi id\u0151szakk\u00e0 nem alakult, amely a szentest\u00e8t megel\u0151z\u0151 n\u00e8gy h\u00e8tre esik \u00e8s mindig az Andr\u00e0s naphoz (november 30) legk\u00f6zelebb es\u0151 vas\u00e0rnap kezd\u0151dik.<\/p>\n<p><img fetchpriority=\"high\" decoding=\"async\" class=\"aligncenter wp-image-2692 size-large\" src=\"https:\/\/evibossanyi.com\/wp-content\/uploads\/2020\/12\/avvento-1-1024x1024.png\" alt=\"\" width=\"1024\" height=\"1024\" srcset=\"https:\/\/evibossanyi.com\/wp-content\/uploads\/2020\/12\/avvento-1-1024x1024.png 1024w, https:\/\/evibossanyi.com\/wp-content\/uploads\/2020\/12\/avvento-1-300x300.png 300w, https:\/\/evibossanyi.com\/wp-content\/uploads\/2020\/12\/avvento-1-100x100.png 100w, https:\/\/evibossanyi.com\/wp-content\/uploads\/2020\/12\/avvento-1-600x600.png 600w, https:\/\/evibossanyi.com\/wp-content\/uploads\/2020\/12\/avvento-1-150x150.png 150w, https:\/\/evibossanyi.com\/wp-content\/uploads\/2020\/12\/avvento-1-768x768.png 768w, https:\/\/evibossanyi.com\/wp-content\/uploads\/2020\/12\/avvento-1.png 1080w\" sizes=\"(max-width: 1024px) 100vw, 1024px\" \/><\/p>\n\t\t\t\t\t\t\t\t<\/div>\n\t\t\t\t<\/div>\n\t\t\t\t<div class=\"elementor-element elementor-element-024279d elementor-widget elementor-widget-text-editor\" data-id=\"024279d\" data-element_type=\"widget\" data-widget_type=\"text-editor.default\">\n\t\t\t\t<div class=\"elementor-widget-container\">\n\t\t\t\t\t\t\t\t\t<h2>Az adventi koszor\u00f9<\/h2>\n<p>Az adventi koszor\u00f9 k\u00e8sz\u00ect\u00e8se nagyon r\u00e8gi, legink\u00e0bb az angolsz\u00e0sz \u00e8s germ\u00e0n kult\u00f9r\u00e0j\u00f9 orsz\u00e0gokra jellemz\u0151 hagyom\u00e0ny. Nagy val\u00f2sz\u00ecn\u0171s\u00e8g szerint abb\u00f2l az \u0151si pog\u00e0ny hiedelemb\u0151l alakult ki amely szerint a k\u00f6r (var\u00e0zsk\u00f6r) megv\u00e8d a gonoszt\u00f2l.<\/p>\n<p>Az els\u0151 koszor\u00f9t Johann Henrick Winchern protest\u00e0ns lelk\u00e8sz \u00e8s egyben egy hamburgi nevel\u0151int\u00e8zet igazgat\u00f2ja k\u00e8sz\u00ectette el 1833-ban. A lelk\u00e8sz 24 gyerty\u00e0t helyezett el a koszor\u00f9n: h\u00f9sz kicsit \u00e8s n\u00e8gy nagyot. Az \u00fcnnep elj\u00f6vetel\u00e8ig a kicsikb\u0151l minden h\u00e8tk\u00f6znap, m\u00ecg a nagyokb\u00f2l minden vas\u00e0rnap gy\u00f9jtottak meg egyet-egyet. Ez a szok\u00e0s legink\u00e0bb N\u00e8metorsz\u00e0g protest\u00e0ns v\u00e0rosaiban terjedt el, majd az 1900-as \u00e8vek elej\u00e8n egyre ismertebb\u00e8 v\u00e0lt \u00e8s a m\u00e0sodik vil\u00e0gh\u00e0bor\u00f9 ut\u00e0n sz\u00e8les k\u00f6rben is teret h\u00f2d\u00ectott.<\/p>\n<p>Manaps\u00e0g a hagyom\u00e0nyos adventi koszor\u00f9 k\u00f6r alak\u00f9, \u00f6r\u00f6kz\u00f6ld \u00e0gakkal d\u00ecsz\u00ectett, amelyre 4 gyerty\u00e0t szok\u00e0s elhelyezni. A kar\u00e0csonyig visszamarad\u00f2 heteket \u00fctemezi \u00e8s nemcsak egy egyszer\u0171 dekor\u00e0ci\u00f2s kieg\u00e8sz\u00ect\u0151 \u2013 alkot\u00f2elemei egyt\u0151l egyig meghat\u00e0rozott szimb\u00f2likus jelent\u00e8seket hordoznak magukban. <img decoding=\"async\" class=\"aligncenter wp-image-2700 size-large\" src=\"https:\/\/evibossanyi.com\/wp-content\/uploads\/2020\/12\/avvento-1024x1024.png\" alt=\"\" width=\"1024\" height=\"1024\" srcset=\"https:\/\/evibossanyi.com\/wp-content\/uploads\/2020\/12\/avvento-1024x1024.png 1024w, https:\/\/evibossanyi.com\/wp-content\/uploads\/2020\/12\/avvento-300x300.png 300w, https:\/\/evibossanyi.com\/wp-content\/uploads\/2020\/12\/avvento-100x100.png 100w, https:\/\/evibossanyi.com\/wp-content\/uploads\/2020\/12\/avvento-600x600.png 600w, https:\/\/evibossanyi.com\/wp-content\/uploads\/2020\/12\/avvento-150x150.png 150w, https:\/\/evibossanyi.com\/wp-content\/uploads\/2020\/12\/avvento-768x768.png 768w, https:\/\/evibossanyi.com\/wp-content\/uploads\/2020\/12\/avvento.png 1080w\" sizes=\"(max-width: 1024px) 100vw, 1024px\" \/><\/p>\n<h3>Az adventi koszor\u00f9 szimb\u00f2likus jelent\u00e8se<\/h3>\n<p>A k\u00f6rnek, avagy a <strong>koszor\u00f9<\/strong>nak sem kezdete, sem v\u00e8ge nincsen. Az egys\u00e8get, az \u00f6r\u00f6kk\u00e8val\u00f2s\u00e0got \u00e8s az \u00f6r\u00f6k \u00e8letet jelk\u00e8pezi, amely J\u00e8zus Krisztusba vetett hit\u00fcnkkel nek\u00fcnk is megadatik.<\/p>\n<p>Az <strong>\u00f6r\u00f6kz\u00f6ldek<\/strong> mint a feny\u0151, a magyal \u00e8s a vadborosty\u00e0n a rem\u00e8nyt szimboliz\u00e0lja.<\/p>\n<p>A <strong>gyerty\u00e0k<\/strong> A gyerty\u00e0k a f\u00e8nyt k\u00e8pviselik, amely kar\u00e0csonykor mindenkinek megadatik. Mindegyik egy \u00e8vezredet jelk\u00e8pez, \u00f6sszess\u00e8g\u00e8ben azt a n\u00e8gy \u00e8vezredet \u00f6leli fel ami\u00f2ta az emberis\u00e8g az \u00d3sz\u00f6vets\u00e8g szerint a Megv\u00e0lt\u00f2 sz\u00fclet\u00e8s\u00e8re v\u00e0r. Ezen k\u00ecv\u00fcl a n\u00e8gy adventi vas\u00e0rnapot is jelk\u00e8pezik, a gyerty\u00e0kb\u00f2l minden vas\u00e0rnap egyet, meghat\u00e0rozott sorrendben kell meggy\u00f9jtani:<\/p>\n<ul>\n<li>az els\u0151 a <em>Prof\u00e8ta gyerty\u00e0ja<\/em>, amely a Megv\u00e0lt\u00f2 elj\u00f6vetel\u00e8nek megj\u00f6vend\u00f6l\u00e8s\u00e8re eml\u00e8keztet<\/li>\n<li>a m\u00e0sodik <em>Betlehem gyerty\u00e0ja<\/em>, amely arra a v\u00e0rosra eml\u00e8keztet ahol \u0150 sz\u00fcletett<\/li>\n<li>a harmadik a <em>P\u00e0sztorok gyerty\u00e0ja<\/em>, amely az els\u0151 emberekre utal, akik \u0150t megl\u00e0tt\u00e0k<\/li>\n<li>a negyedik az <em>Angyalok gyerty\u00e0ja<\/em>, az els\u0151k akik elvitt\u00e8k az emberekhez az \u0150 sz\u00fclet\u00e8s\u00e8nek h\u00ecr\u00e8t<\/li>\n<\/ul>\n<p>Ha a koszor\u00f9 az \u00f6t\u00f6dik, mindig feh\u00e8r sz\u00ecn\u0171 gyerty\u00e0t is mag\u00e0ba foglalja, az csak szenteste gy\u00f9jthat\u00f2 meg.<\/p>\n<p>Egy m\u00e0sik hagyom\u00e0ny szerint a n\u00e8gy gyertya a Rem\u00e8ny, a B\u00e8ke, az \u04e6r\u00f6m \u00e8s a Szeretet jelk\u00e8pe \u00e8s meggy\u00f9jt\u00e0sik a F\u00e8ny fokozatos gy\u0151zelm\u00e8t szimboliz\u00e0lja a s\u00f6t\u00e8ts\u00e8g felett ahogy egyre k\u00f6zeledik a Megv\u00e0lt\u00f2 elj\u00f6vetele.<\/p>\n<p>A hagyom\u00e0ny szerint lila vagy piros <strong>sz\u00ecn<\/strong>\u0171ek a harmadik kiv\u00e8tel\u00e8vel, amely r\u00f2zsasz\u00ecn. Ezek azok a sz\u00ecnek amelyek legink\u00e0bb jellemz\u0151ek az adventi id\u0151szakra \u00e8s szint\u00e8n <strong>szimb\u00f2likus \u00e8rt\u00e8k<\/strong>kel rendelkeznek: a lila liturgikus sz\u00ecn, amely a b\u0171nb\u00e0natot, az im\u00e0ds\u00e0got, az \u00e0ldozatot jelenti; a piros t\u00f6bbek k\u00f6z\u00f6tt az \u00e8leter\u0151t, a r\u00f2zsasz\u00ecn az \u00f6r\u00f6m\u00f6t, a feh\u00e8r pedig a tisztas\u00e0got jelk\u00e8pezi.<\/p>\n<p><a href=\"http:\/\/https:\/\/www.weihnachtsmuseum.de\/die-ausstellung\/advent\/adventskalender\"><img decoding=\"async\" class=\"aligncenter wp-image-2720 size-large\" src=\"https:\/\/evibossanyi.com\/wp-content\/uploads\/2020\/12\/avvento-3-1024x1024.png\" alt=\"\" width=\"1024\" height=\"1024\" srcset=\"https:\/\/evibossanyi.com\/wp-content\/uploads\/2020\/12\/avvento-3-1024x1024.png 1024w, https:\/\/evibossanyi.com\/wp-content\/uploads\/2020\/12\/avvento-3-300x300.png 300w, https:\/\/evibossanyi.com\/wp-content\/uploads\/2020\/12\/avvento-3-100x100.png 100w, https:\/\/evibossanyi.com\/wp-content\/uploads\/2020\/12\/avvento-3-600x600.png 600w, https:\/\/evibossanyi.com\/wp-content\/uploads\/2020\/12\/avvento-3-150x150.png 150w, https:\/\/evibossanyi.com\/wp-content\/uploads\/2020\/12\/avvento-3-768x768.png 768w, https:\/\/evibossanyi.com\/wp-content\/uploads\/2020\/12\/avvento-3.png 1080w\" sizes=\"(max-width: 1024px) 100vw, 1024px\" \/><\/a><\/p>\n\t\t\t\t\t\t\t\t<\/div>\n\t\t\t\t<\/div>\n\t\t\t\t<div class=\"elementor-element elementor-element-61da92a elementor-widget elementor-widget-text-editor\" data-id=\"61da92a\" data-element_type=\"widget\" data-widget_type=\"text-editor.default\">\n\t\t\t\t<div class=\"elementor-widget-container\">\n\t\t\t\t\t\t\t\t\t<h2>Adventi napt\u00e0r<\/h2>\n<p>Egy m\u00e0sik igen ismert \u00e8s elterjedt hagyom\u00e0ny, nemcsk Nyugat-Eur\u00f2p\u00e0ban hanem n\u00e0lunk Magyarorsz\u00e0gon is, az adventi napt\u00e0r k\u00e8sz\u00ect\u00e8se.<\/p>\n<p>Eredete igencsak \u00e8rdekes \u00e8s eg\u00e8szen a XIX. sz\u00e0zadba ny\u00f9lik vissza. Az akkori N\u00e8metorsz\u00e0gban sok csal\u00e0dban az volt a szok\u00e0s, hogy a kar\u00e0csonyi figur\u00e0kkal d\u00ecsz\u00ectett\u00e8k fel a h\u00e0zfalakat vagy a bej\u00e0rati ajt\u00f2kra kr\u00e8t\u00e0val huszonn\u00e8gy apr\u00f2 vonalat rajzoltak, amelyekb\u0151l a gyermekek minden nap egyet let\u00f6r\u00f6lhettek.<\/p>\n<p>Az els\u0151 adventi napt\u00e0r k\u00e8sz\u00ect\u00e8se Gerhard Lang n\u00e8met nyomd\u00e0sz nev\u00e8hez f\u0171z\u0151dik, aki az 1900-as \u00e8vek elej\u00e8n tov\u00e0bbfejlesztett egy r\u00e8gi csal\u00e0di szok\u00e0st. Gerhard \u00e8desanyja huszonn\u00e8gy zs\u00e0kocsk\u00e0t k\u00e8sz\u00ectett \u00e8s mindegyikbe m\u00e8zeskal\u00e0cs s\u00fctem\u00e8nyt rejtett. December els\u0151 napj\u00e0t\u00f2l kezdve minden nap egyet aj\u00e0nd\u00e8kozott kisfi\u00e0nak azt mondogatva, hogy amikor az \u00f6sszes elfogy, akkor itt a kar\u00e0csony. \u00ccgy a kis Gerhard t\u00fcrelmesen \u00e8s egyre n\u00f6vekv\u0151 \u00f6r\u00f6mmel v\u00e0rta az \u00fcnnep elj\u00f6vetel\u00e8t.<\/p>\n<p>Feln\u0151tt kor\u00e0ban ennek a kedves eml\u00e8knek a hat\u00e0s\u00e0ra kinyomtatta az els\u0151 adventi kalend\u00e0riumot, amelyben minden napra egy rajzfigura jutott. A k\u00f6vetkez\u0151 \u00e8vben tov\u00e0bbi r\u00e8szletekkel b\u0151v\u00fclt ki, megjelentek a kinyithat\u00f2 ablakocsk\u00e0k is, amelyekb\u0151l k\u00fcl\u00f6nb\u00f6z\u0151 kiv\u00e0ghat\u00f2 \u00e8s \u00f6sszerakhat\u00f2 kar\u00e0csonyi figur\u00e0k b\u00f9jtak el\u0151. Az apr\u00f2 \u00e8dess\u00e8gek illetve csokol\u00e0d\u00e8figur\u00e0k csak j\u00f2val k\u00e8s\u0151bb ker\u00fcltek a napt\u00e0rak belsej\u00e8be.<\/p>\n<p><img loading=\"lazy\" decoding=\"async\" class=\"aligncenter wp-image-2726 size-large\" src=\"https:\/\/evibossanyi.com\/wp-content\/uploads\/2020\/12\/avvento-2-1024x1024.png\" alt=\"\" width=\"1024\" height=\"1024\" srcset=\"https:\/\/evibossanyi.com\/wp-content\/uploads\/2020\/12\/avvento-2-1024x1024.png 1024w, https:\/\/evibossanyi.com\/wp-content\/uploads\/2020\/12\/avvento-2-300x300.png 300w, https:\/\/evibossanyi.com\/wp-content\/uploads\/2020\/12\/avvento-2-100x100.png 100w, https:\/\/evibossanyi.com\/wp-content\/uploads\/2020\/12\/avvento-2-600x600.png 600w, https:\/\/evibossanyi.com\/wp-content\/uploads\/2020\/12\/avvento-2-150x150.png 150w, https:\/\/evibossanyi.com\/wp-content\/uploads\/2020\/12\/avvento-2-768x768.png 768w, https:\/\/evibossanyi.com\/wp-content\/uploads\/2020\/12\/avvento-2.png 1080w\" sizes=\"(max-width: 1024px) 100vw, 1024px\" \/><\/p>\n<p>Rem\u00e8lem, hogy tetszett ez a r\u00f6vid utaz\u00e0s a hagym\u00e0nyok vil\u00e0g\u00e0ban. Ha \u00ecgy van, ne maradj le a k\u00f6vetkez\u0151 bejegyz\u00e8sr\u0151l sem, amelyben tov\u00e0bbi kar\u00e0csonyi hagyom\u00e0nyokat, szok\u00e0sokat ismerhetsz meg \u00e8s sok egy\u00e8b \u00e8rdekess\u00e8get is olvashatsz.<\/p>\n\t\t\t\t\t\t\t\t<\/div>\n\t\t\t\t<\/div>\n\t\t\t\t<div class=\"elementor-element elementor-element-a5ad4e0 elementor-widget elementor-widget-text-editor\" data-id=\"a5ad4e0\" data-element_type=\"widget\" data-widget_type=\"text-editor.default\">\n\t\t\t\t<div class=\"elementor-widget-container\">\n\t\t\t\t\t\t\t\t\t<h3>Ha tetszett \u00e8s hasznosnak tal\u00e0ltad ezt a bejegyz\u00e8st k\u00e8rlek oszd meg az al\u00e0bbi gombok seg\u00ects\u00e8g\u00e8vel, hogy m\u00e0sok is k\u00f6nnyen megtal\u00e0lhass\u00e0k \u00e8s elolvashass\u00e0k a blog tartalm\u00e0t. K\u00f6sz\u00f6n\u00f6m sz\u00e8pen!<\/h3>\n\t\t\t\t\t\t\t\t<\/div>\n\t\t\t\t<\/div>\n\t\t\t\t\t<\/div>\n\t\t<\/div>\n\t\t\t\t\t<\/div>\n\t\t<\/section>\n\t\t\t\t<\/div>\n\t\t","protected":false},"excerpt":{"rendered":"<p>A kar\u00e0csony a vil\u00e0gban mindenhol az az \u00fcnnep, amikor az emberek egym\u00e0s fel\u00e8 fordulnak, megk\u00fcl\u00f6nb\u00f6ztetett figyelemmel b\u00e0nnak szeretteikkel \u00e8s lelkiekben felk\u00e8sz\u00fclnek az \u00f9j \u00e8vre, egy \u00f9j kezdetre. Ebben az id\u0151szakban k\u00f6vetj\u00fck a nemzed\u00e8kr\u0151l nemzed\u00e8kre sz\u00e0ll\u00f2 hagyom\u00e0nyokat, szok\u00e0sokat \u00e8s megsz\u00e0ml\u00e0lhatatlan, szimb\u00f2likus jelent\u00e8st is mag\u00e0ban hordoz\u00f2 d\u00ecszekkel d\u00ecsz\u00ectj\u00fck fel otthonunkat, k\u00f6rnyezet\u00fcnket. Ez a h\u00e0rom t\u00e8nyez\u0151, amellyel tal\u00e0n [&hellip;]<\/p>\n","protected":false},"author":2,"featured_media":2680,"comment_status":"open","ping_status":"open","sticky":false,"template":"","format":"standard","meta":{"site-sidebar-layout":"default","site-content-layout":"default","ast-site-content-layout":"","site-content-style":"default","site-sidebar-style":"default","ast-global-header-display":"","ast-banner-title-visibility":"","ast-main-header-display":"","ast-hfb-above-header-display":"","ast-hfb-below-header-display":"","ast-hfb-mobile-header-display":"","site-post-title":"","ast-breadcrumbs-content":"","ast-featured-img":"","footer-sml-layout":"","theme-transparent-header-meta":"default","adv-header-id-meta":"","stick-header-meta":"default","header-above-stick-meta":"","header-main-stick-meta":"","header-below-stick-meta":"","astra-migrate-meta-layouts":"default","ast-page-background-enabled":"default","ast-page-background-meta":{"desktop":{"background-color":"","background-image":"","background-repeat":"repeat","background-position":"center center","background-size":"auto","background-attachment":"scroll","background-type":"","background-media":"","overlay-type":"","overlay-color":"","overlay-opacity":"","overlay-gradient":""},"tablet":{"background-color":"","background-image":"","background-repeat":"repeat","background-position":"center center","background-size":"auto","background-attachment":"scroll","background-type":"","background-media":"","overlay-type":"","overlay-color":"","overlay-opacity":"","overlay-gradient":""},"mobile":{"background-color":"","background-image":"","background-repeat":"repeat","background-position":"center center","background-size":"auto","background-attachment":"scroll","background-type":"","background-media":"","overlay-type":"","overlay-color":"","overlay-opacity":"","overlay-gradient":""}},"ast-content-background-meta":{"desktop":{"background-color":"var(--ast-global-color-5)","background-image":"","background-repeat":"repeat","background-position":"center center","background-size":"auto","background-attachment":"scroll","background-type":"","background-media":"","overlay-type":"","overlay-color":"","overlay-opacity":"","overlay-gradient":""},"tablet":{"background-color":"var(--ast-global-color-5)","background-image":"","background-repeat":"repeat","background-position":"center center","background-size":"auto","background-attachment":"scroll","background-type":"","background-media":"","overlay-type":"","overlay-color":"","overlay-opacity":"","overlay-gradient":""},"mobile":{"background-color":"var(--ast-global-color-5)","background-image":"","background-repeat":"repeat","background-position":"center center","background-size":"auto","background-attachment":"scroll","background-type":"","background-media":"","overlay-type":"","overlay-color":"","overlay-opacity":"","overlay-gradient":""}},"footnotes":""},"categories":[63,65,64],"tags":[],"class_list":["post-2748","post","type-post","status-publish","format-standard","has-post-thumbnail","hentry","category-erdekessegek","category-erdekessegek-hu","category-unnepek"],"_links":{"self":[{"href":"https:\/\/evibossanyi.com\/hu\/wp-json\/wp\/v2\/posts\/2748","targetHints":{"allow":["GET"]}}],"collection":[{"href":"https:\/\/evibossanyi.com\/hu\/wp-json\/wp\/v2\/posts"}],"about":[{"href":"https:\/\/evibossanyi.com\/hu\/wp-json\/wp\/v2\/types\/post"}],"author":[{"embeddable":true,"href":"https:\/\/evibossanyi.com\/hu\/wp-json\/wp\/v2\/users\/2"}],"replies":[{"embeddable":true,"href":"https:\/\/evibossanyi.com\/hu\/wp-json\/wp\/v2\/comments?post=2748"}],"version-history":[{"count":0,"href":"https:\/\/evibossanyi.com\/hu\/wp-json\/wp\/v2\/posts\/2748\/revisions"}],"wp:featuredmedia":[{"embeddable":true,"href":"https:\/\/evibossanyi.com\/hu\/wp-json\/wp\/v2\/media\/2680"}],"wp:attachment":[{"href":"https:\/\/evibossanyi.com\/hu\/wp-json\/wp\/v2\/media?parent=2748"}],"wp:term":[{"taxonomy":"category","embeddable":true,"href":"https:\/\/evibossanyi.com\/hu\/wp-json\/wp\/v2\/categories?post=2748"},{"taxonomy":"post_tag","embeddable":true,"href":"https:\/\/evibossanyi.com\/hu\/wp-json\/wp\/v2\/tags?post=2748"}],"curies":[{"name":"wp","href":"https:\/\/api.w.org\/{rel}","templated":true}]}}