{"id":2466,"date":"2020-11-17T17:02:34","date_gmt":"2020-11-17T17:02:34","guid":{"rendered":"https:\/\/evibossanyi.com\/uncategorized-hu\/hogyan-varrj-gyorsan-es-egyszeruen-szajmaszkot\/"},"modified":"2021-02-02T17:54:53","modified_gmt":"2021-02-02T17:54:53","slug":"hogyan-varrj-gyorsan-es-egyszeruen-szajmaszkot","status":"publish","type":"post","link":"https:\/\/evibossanyi.com\/hu\/tutorial-hu\/hogyan-varrj-gyorsan-es-egyszeruen-szajmaszkot\/","title":{"rendered":"Hogyan varrj gyorsan \u00e8s egyszer\u0171en sz\u00e0jmaszkot?"},"content":{"rendered":"\t\t<div data-elementor-type=\"wp-post\" data-elementor-id=\"2466\" class=\"elementor elementor-2466 elementor-2401\" data-elementor-post-type=\"post\">\n\t\t\t\t\t\t<section class=\"elementor-section elementor-top-section elementor-element elementor-element-3f66a04 elementor-section-boxed elementor-section-height-default elementor-section-height-default\" data-id=\"3f66a04\" data-element_type=\"section\" data-settings=\"{&quot;jet_parallax_layout_list&quot;:[]}\">\n\t\t\t\t\t\t<div class=\"elementor-container elementor-column-gap-default\">\n\t\t\t\t\t<div class=\"elementor-column elementor-col-100 elementor-top-column elementor-element elementor-element-ca2e9fd\" data-id=\"ca2e9fd\" data-element_type=\"column\">\n\t\t\t<div class=\"elementor-widget-wrap elementor-element-populated\">\n\t\t\t\t\t\t<div class=\"elementor-element elementor-element-3d676bd elementor-widget elementor-widget-text-editor\" data-id=\"3d676bd\" data-element_type=\"widget\" data-widget_type=\"text-editor.default\">\n\t\t\t\t<div class=\"elementor-widget-container\">\n\t\t\t\t\t\t\t\t\t<p style=\"text-align: left;\">Sajnos m\u00e8g mindig tombol a koronav\u00ecrus-j\u00e0rv\u00e0ny, \u00e9s el\u0151rel\u00e0that\u00f2lag m\u00e8g egy ideig k\u00e8nytelenek lesz\u00fcnk maszkot viselni. A k\u00f6zelm\u00faltban sokan \u00e8s sokat vitatkoztak az k\u00fcl\u00f6nb\u00f6z\u0151 anyagokb\u00f2l k\u00e8sz\u00fclt maszkok hat\u00e8konys\u00e0g\u00e0val kapcsolatban. V\u00e8g\u00fcl meger\u0151s\u00edt\u00e9st nyert, hogy &#8211; ha rendszeresen cser\u00e9lj\u00fck \u00e8s mos\u00f3g\u00e9pben mossuk &#8211; a textilb\u0151l h\u00e0zilag varrt maszkok is ugyanolyan hat\u00e8konyak, mint a patik\u00e0ban kaphat\u00f2 t\u00e0rsaik. Mindannyian szabadon v\u00e1laszthatjuk meg, hogy milyen t\u00edpus\u00fa maszkot viselj\u00fcnk, a legfontosabb, hogy mindig \u00e9s legf\u0151k\u00e8ppen a megfelel\u0151 m\u00f3don viselj\u00fck \u0151ket!<\/p>\n<p>Ebben a bejegyz\u00e8sben, azon t\u00f9l, hogy hangs\u00falyozzam a maszkvisel\u00e8s fontoss\u00e1g\u00e1t (ami egy\u00e8bk\u00e8nt mindenhol k\u00f6telez\u0151v\u00e9 is v\u00e1lt, legal\u00e0bbis itt Olaszorsz\u00e0gban), szeretn\u00e8m Neked megmutatni, hogy milyen egyszer\u0171 elk\u00e8sz\u00ecteni m\u00e9g akkor is, ha a varr\u00e0s nem \u00e8ppen a sz\u00ecved cs\u00fccske \u00e8s a varr\u00f2g\u00e8ppel is egy kicsit hadil\u00e0bon \u00e0llsz&#8230;. .<\/p>\n\t\t\t\t\t\t\t\t<\/div>\n\t\t\t\t<\/div>\n\t\t\t\t<div class=\"elementor-element elementor-element-5c08bf6 elementor-widget elementor-widget-text-editor\" data-id=\"5c08bf6\" data-element_type=\"widget\" data-widget_type=\"text-editor.default\">\n\t\t\t\t<div class=\"elementor-widget-container\">\n\t\t\t\t\t\t\t\t\t<h2>Mire lesz sz\u00fcks\u00e8ged?<\/h2>\n<ul>\n<li>Neked tetsz\u0151 mint\u00e1s vagy egysz\u00edn\u0171 pamutsz\u00f6vet<\/li>\n<li>szab\u00f2oll\u00f2 \u00e8s varr\u00f2c\u00e8rna<\/li>\n<li>kalapgumi<\/li>\n<\/ul>\n\t\t\t\t\t\t\t\t<\/div>\n\t\t\t\t<\/div>\n\t\t\t\t<div class=\"elementor-element elementor-element-dad8fe1 elementor-cta--skin-classic elementor-animated-content elementor-bg-transform elementor-bg-transform-zoom-in elementor-widget elementor-widget-call-to-action\" data-id=\"dad8fe1\" data-element_type=\"widget\" data-widget_type=\"call-to-action.default\">\n\t\t\t\t<div class=\"elementor-widget-container\">\n\t\t\t\t\t\t\t<div class=\"elementor-cta\">\n\t\t\t\t\t<div class=\"elementor-cta__bg-wrapper\">\n\t\t\t\t<div class=\"elementor-cta__bg elementor-bg\" style=\"background-image: url(https:\/\/evibossanyi.com\/wp-content\/uploads\/2020\/11\/IMG_7315-1320x1760.jpg);\" role=\"img\" aria-label=\"IMG_7315\"><\/div>\n\t\t\t\t<div class=\"elementor-cta__bg-overlay\"><\/div>\n\t\t\t<\/div>\n\t\t\t\t\t\t\t<div class=\"elementor-cta__content\">\n\t\t\t\t\n\t\t\t\t\t\t\t\t\t<h2 class=\"elementor-cta__title elementor-cta__content-item elementor-content-item\">\n\t\t\t\t\t\tK\u00e8red az ingyenes szab\u00e0smint\u00e0t?\t\t\t\t\t<\/h2>\n\t\t\t\t\n\t\t\t\t\t\t\t\t\t<div class=\"elementor-cta__description elementor-cta__content-item elementor-content-item\">\n\t\t\t\t\t\t<p>E-mailben elk\u00fcld\u00f6m Neked!<\/p>\n\t\t\t\t\t<\/div>\n\t\t\t\t\n\t\t\t\t\t\t\t\t\t<div class=\"elementor-cta__button-wrapper elementor-cta__content-item elementor-content-item \">\n\t\t\t\t\t<a class=\"elementor-cta__button elementor-button elementor-size-\" href=\"https:\/\/evibossanyi.com\/hu\/kapcsolat\/\">\n\t\t\t\t\t\tKattints ide\t\t\t\t\t<\/a>\n\t\t\t\t\t<\/div>\n\t\t\t\t\t\t\t<\/div>\n\t\t\t\t\t\t<\/div>\n\t\t\t\t\t\t<\/div>\n\t\t\t\t<\/div>\n\t\t\t\t<div class=\"elementor-element elementor-element-283b67b elementor-widget elementor-widget-text-editor\" data-id=\"283b67b\" data-element_type=\"widget\" data-widget_type=\"text-editor.default\">\n\t\t\t\t<div class=\"elementor-widget-container\">\n\t\t\t\t\t\t\t\t\t<h2>Hogyan k\u00e8sz\u00fcl a sz\u00e0jmaszk?<\/h2>\n<p>El\u0151sz\u00f6r is helyezd az anyagra ugyanazt a mint\u00e1t k\u00e9tszer \u00f9gy, hogy egym\u00e0s t\u00fck\u00f6rk\u00e8pei legyenek. T\u0171zd meg gombost\u0171vel majd szabd ki \u0151ket. Ism\u00e9teld meg az el\u0151bbi m\u0171veletet, \u00edgy n\u00e9gy f\u00e9l maszkot kapsz.<\/p>\n<p><img fetchpriority=\"high\" decoding=\"async\" class=\"aligncenter wp-image-2418 size-large\" src=\"https:\/\/evibossanyi.com\/wp-content\/uploads\/2020\/11\/mascherina-di-stoffa-5-1-1024x1024.png\" alt=\"\" width=\"1024\" height=\"1024\" srcset=\"https:\/\/evibossanyi.com\/wp-content\/uploads\/2020\/11\/mascherina-di-stoffa-5-1-1024x1024.png 1024w, https:\/\/evibossanyi.com\/wp-content\/uploads\/2020\/11\/mascherina-di-stoffa-5-1-300x300.png 300w, https:\/\/evibossanyi.com\/wp-content\/uploads\/2020\/11\/mascherina-di-stoffa-5-1-100x100.png 100w, https:\/\/evibossanyi.com\/wp-content\/uploads\/2020\/11\/mascherina-di-stoffa-5-1-600x600.png 600w, https:\/\/evibossanyi.com\/wp-content\/uploads\/2020\/11\/mascherina-di-stoffa-5-1-150x150.png 150w, https:\/\/evibossanyi.com\/wp-content\/uploads\/2020\/11\/mascherina-di-stoffa-5-1-768x768.png 768w, https:\/\/evibossanyi.com\/wp-content\/uploads\/2020\/11\/mascherina-di-stoffa-5-1.png 1080w\" sizes=\"(max-width: 1024px) 100vw, 1024px\" \/><\/p>\n<p>Sz\u00ednt sz\u00ednnel \u00f6sszeford\u00edtva helyezd egym\u00e0sra a k\u00e8t-k\u00e8t f\u00e8l maszkot \u00e9s egyenk\u00e8nt varrd \u0151ket \u00f6ssze az \u00edvelt oldal ment\u00e9n.<\/p>\n<p><img decoding=\"async\" class=\"aligncenter wp-image-2420 size-large\" src=\"https:\/\/evibossanyi.com\/wp-content\/uploads\/2020\/11\/mascherina-di-stoffa-4-1024x1024.png\" alt=\"\" width=\"1024\" height=\"1024\" srcset=\"https:\/\/evibossanyi.com\/wp-content\/uploads\/2020\/11\/mascherina-di-stoffa-4-1024x1024.png 1024w, https:\/\/evibossanyi.com\/wp-content\/uploads\/2020\/11\/mascherina-di-stoffa-4-300x300.png 300w, https:\/\/evibossanyi.com\/wp-content\/uploads\/2020\/11\/mascherina-di-stoffa-4-100x100.png 100w, https:\/\/evibossanyi.com\/wp-content\/uploads\/2020\/11\/mascherina-di-stoffa-4-600x600.png 600w, https:\/\/evibossanyi.com\/wp-content\/uploads\/2020\/11\/mascherina-di-stoffa-4-150x150.png 150w, https:\/\/evibossanyi.com\/wp-content\/uploads\/2020\/11\/mascherina-di-stoffa-4-768x768.png 768w, https:\/\/evibossanyi.com\/wp-content\/uploads\/2020\/11\/mascherina-di-stoffa-4.png 1080w\" sizes=\"(max-width: 1024px) 100vw, 1024px\" \/><\/p>\n<p>Ha kicsit foszlik az anyag amit v\u00e0lasztott\u00e0l, akkor \u00e0ll\u00ectsd cikk-cakk \u00f6lt\u00e8sre a g\u00e8pet \u00e8s tiszt\u00e0zd mindj\u00e0rt le a sz\u00e9leket. Ha olyan sz\u00f6vettel dolgozol amely kev\u00e8sb\u00e8 foszlik akkor ezt a m\u0171veletet a k\u00f6vetkez\u0151 l\u00e8p\u00e8s ut\u00e0n is elv\u00e8gezheted.<\/p>\n<p><img decoding=\"async\" class=\"aligncenter wp-image-2414 size-large\" src=\"https:\/\/evibossanyi.com\/wp-content\/uploads\/2020\/11\/mascherina-di-stoffa-3-3-1024x1024.png\" alt=\"\" width=\"1024\" height=\"1024\" srcset=\"https:\/\/evibossanyi.com\/wp-content\/uploads\/2020\/11\/mascherina-di-stoffa-3-3-1024x1024.png 1024w, https:\/\/evibossanyi.com\/wp-content\/uploads\/2020\/11\/mascherina-di-stoffa-3-3-300x300.png 300w, https:\/\/evibossanyi.com\/wp-content\/uploads\/2020\/11\/mascherina-di-stoffa-3-3-100x100.png 100w, https:\/\/evibossanyi.com\/wp-content\/uploads\/2020\/11\/mascherina-di-stoffa-3-3-600x600.png 600w, https:\/\/evibossanyi.com\/wp-content\/uploads\/2020\/11\/mascherina-di-stoffa-3-3-150x150.png 150w, https:\/\/evibossanyi.com\/wp-content\/uploads\/2020\/11\/mascherina-di-stoffa-3-3-768x768.png 768w, https:\/\/evibossanyi.com\/wp-content\/uploads\/2020\/11\/mascherina-di-stoffa-3-3.png 1080w\" sizes=\"(max-width: 1024px) 100vw, 1024px\" \/><\/p>\n<p>Nyisd ki \u00e8s ford\u00ectsd egym\u00e1snak, majd az als\u00f2 \u00e8s a fels\u0151 oldalukn\u00e1l varrd \u00f6ssze \u0151ket. A r\u00f6videbb oldalakat ne varrd \u00f6ssze mert ezen kereszt\u00fcl tudod majd a sz\u00e0jmaszkot kiford\u00edtani. Ha m\u00e8g nem tiszt\u00e0ztad el a varr\u00e0st most m\u00e8g a kiford\u00ect\u00e0s el\u0151tt v\u00e8gezd el ezt a m\u0171veletet is.<\/p>\n<p><img loading=\"lazy\" decoding=\"async\" class=\"aligncenter wp-image-2422 size-large\" src=\"https:\/\/evibossanyi.com\/wp-content\/uploads\/2020\/11\/mascherina-di-stoffa-6-1024x1024.png\" alt=\"\" width=\"1024\" height=\"1024\" srcset=\"https:\/\/evibossanyi.com\/wp-content\/uploads\/2020\/11\/mascherina-di-stoffa-6-1024x1024.png 1024w, https:\/\/evibossanyi.com\/wp-content\/uploads\/2020\/11\/mascherina-di-stoffa-6-300x300.png 300w, https:\/\/evibossanyi.com\/wp-content\/uploads\/2020\/11\/mascherina-di-stoffa-6-100x100.png 100w, https:\/\/evibossanyi.com\/wp-content\/uploads\/2020\/11\/mascherina-di-stoffa-6-600x600.png 600w, https:\/\/evibossanyi.com\/wp-content\/uploads\/2020\/11\/mascherina-di-stoffa-6-150x150.png 150w, https:\/\/evibossanyi.com\/wp-content\/uploads\/2020\/11\/mascherina-di-stoffa-6-768x768.png 768w, https:\/\/evibossanyi.com\/wp-content\/uploads\/2020\/11\/mascherina-di-stoffa-6.png 1080w\" sizes=\"(max-width: 1024px) 100vw, 1024px\" \/><\/p>\n<p>Hogy a maszkodnak sz\u00e8p tart\u00e0sa legyen \u00e8s ez\u00e0ltal m\u00e8g jobban az arcodra tudjon simulni k\u00edv\u00fclr\u0151l is varrd k\u00f6rbe a sz\u00e8leket.<\/p>\n<p><img loading=\"lazy\" decoding=\"async\" class=\"aligncenter wp-image-2424 size-large\" src=\"https:\/\/evibossanyi.com\/wp-content\/uploads\/2020\/11\/mascherina-di-stoffa-7-1024x1024.png\" alt=\"\" width=\"1024\" height=\"1024\" srcset=\"https:\/\/evibossanyi.com\/wp-content\/uploads\/2020\/11\/mascherina-di-stoffa-7-1024x1024.png 1024w, https:\/\/evibossanyi.com\/wp-content\/uploads\/2020\/11\/mascherina-di-stoffa-7-300x300.png 300w, https:\/\/evibossanyi.com\/wp-content\/uploads\/2020\/11\/mascherina-di-stoffa-7-100x100.png 100w, https:\/\/evibossanyi.com\/wp-content\/uploads\/2020\/11\/mascherina-di-stoffa-7-600x600.png 600w, https:\/\/evibossanyi.com\/wp-content\/uploads\/2020\/11\/mascherina-di-stoffa-7-150x150.png 150w, https:\/\/evibossanyi.com\/wp-content\/uploads\/2020\/11\/mascherina-di-stoffa-7-768x768.png 768w, https:\/\/evibossanyi.com\/wp-content\/uploads\/2020\/11\/mascherina-di-stoffa-7.png 1080w\" sizes=\"(max-width: 1024px) 100vw, 1024px\" \/><\/p>\n<p>Most hajtsd vissza 2-3 centim\u00e8terre a r\u00f6vid oldalakat \u00e9s varrd le \u0151ket. A varr\u00e1s elej\u00e9n \u00e9s v\u00e9g\u00e9n n\u00e8h\u00e0ny centi erej\u00e8ig \u00e0ll\u00ectsd visszamenetbe a g\u00e8pet \u00ecgy a sz\u00e8lek m\u00e8g strapab\u00ecr\u00f2bbak lesznek.<\/p>\n<p><img loading=\"lazy\" decoding=\"async\" class=\"aligncenter wp-image-2426 size-large\" src=\"https:\/\/evibossanyi.com\/wp-content\/uploads\/2020\/11\/mascherina-di-stoffa-2-1024x1024.png\" alt=\"\" width=\"1024\" height=\"1024\" srcset=\"https:\/\/evibossanyi.com\/wp-content\/uploads\/2020\/11\/mascherina-di-stoffa-2-1024x1024.png 1024w, https:\/\/evibossanyi.com\/wp-content\/uploads\/2020\/11\/mascherina-di-stoffa-2-300x300.png 300w, https:\/\/evibossanyi.com\/wp-content\/uploads\/2020\/11\/mascherina-di-stoffa-2-100x100.png 100w, https:\/\/evibossanyi.com\/wp-content\/uploads\/2020\/11\/mascherina-di-stoffa-2-600x600.png 600w, https:\/\/evibossanyi.com\/wp-content\/uploads\/2020\/11\/mascherina-di-stoffa-2-150x150.png 150w, https:\/\/evibossanyi.com\/wp-content\/uploads\/2020\/11\/mascherina-di-stoffa-2-768x768.png 768w, https:\/\/evibossanyi.com\/wp-content\/uploads\/2020\/11\/mascherina-di-stoffa-2.png 1080w\" sizes=\"(max-width: 1024px) 100vw, 1024px\" \/><\/p>\n<p>M\u00e0r k\u00e8szen is vagy, nem kell m\u00e0st tenned mint bef\u0171zni a kalapgumit \u00e8s j\u00f2l \u00f6sszecsom\u00f2zni. A gumi hossza el\u00e8g egy\u00e8ni, a megv\u00e0s\u00e0rolt gumi fajt\u00e0j\u00e0t\u00f2l is f\u00fcgg. \u00c1ltal\u00e0ban 20-25 centi elegend\u0151, de az\u00e8rt \u00e8rdemes m\u00e8g a csom\u00f2z\u00e0s el\u0151tt ellen\u0151rizni a megfelel\u0151 m\u00e8retet: ha t\u00f9l hossz\u00f9 akkor a sz\u00e0jmaszk laz\u00e0n fog \u00e0llni, ha t\u00f9l r\u00f6vid akkor pedig szoros \u00e8s k\u00e8nyelmetlen lesz.<\/p>\n<p>Ne felejtsd el m\u00e8g visel\u00e8s el\u0151tt is kimosni \u00e9s kivasalni &#8211; m\u00e9g akkor is, ha m\u00e1r varr\u00e0s el\u0151tt kimostad az anyagot.<\/p>\n<h3><span style=\"color: #81b1d9;\">Ha tetszett \u00e8s hasznosnak tal\u00e0ltad ezt a bejegyz\u00e8st k\u00e8rlek oszd meg az al\u00e0bbi gombok seg\u00ects\u00e8g\u00e8vel, hogy m\u00e0sok is k\u00f6nnyen megtal\u00e0lhass\u00e0k \u00e8s elolvashass\u00e0k a blog tartalm\u00e0t. K\u00f6sz\u00f6n\u00f6m sz\u00e8pen!<\/span><\/h3>\n\t\t\t\t\t\t\t\t<\/div>\n\t\t\t\t<\/div>\n\t\t\t\t\t<\/div>\n\t\t<\/div>\n\t\t\t\t\t<\/div>\n\t\t<\/section>\n\t\t\t\t<\/div>\n\t\t","protected":false},"excerpt":{"rendered":"<p>Sajnos m\u00e8g mindig tombol a koronav\u00ecrus-j\u00e0rv\u00e0ny, \u00e9s el\u0151rel\u00e0that\u00f2lag m\u00e8g egy ideig k\u00e8nytelenek lesz\u00fcnk maszkot viselni. A k\u00f6zelm\u00faltban sokan \u00e8s sokat vitatkoztak az k\u00fcl\u00f6nb\u00f6z\u0151 anyagokb\u00f2l k\u00e8sz\u00fclt maszkok hat\u00e8konys\u00e0g\u00e0val kapcsolatban. V\u00e8g\u00fcl meger\u0151s\u00edt\u00e9st nyert, hogy &#8211; ha rendszeresen cser\u00e9lj\u00fck \u00e8s mos\u00f3g\u00e9pben mossuk &#8211; a textilb\u0151l h\u00e0zilag varrt maszkok is ugyanolyan hat\u00e8konyak, mint a patik\u00e0ban kaphat\u00f2 t\u00e0rsaik. Mindannyian szabadon [&hellip;]<\/p>\n","protected":false},"author":2,"featured_media":2403,"comment_status":"open","ping_status":"open","sticky":false,"template":"","format":"standard","meta":{"site-sidebar-layout":"default","site-content-layout":"default","ast-site-content-layout":"","site-content-style":"default","site-sidebar-style":"default","ast-global-header-display":"","ast-banner-title-visibility":"","ast-main-header-display":"","ast-hfb-above-header-display":"","ast-hfb-below-header-display":"","ast-hfb-mobile-header-display":"","site-post-title":"","ast-breadcrumbs-content":"","ast-featured-img":"","footer-sml-layout":"","theme-transparent-header-meta":"default","adv-header-id-meta":"","stick-header-meta":"default","header-above-stick-meta":"","header-main-stick-meta":"","header-below-stick-meta":"","astra-migrate-meta-layouts":"default","ast-page-background-enabled":"default","ast-page-background-meta":{"desktop":{"background-color":"","background-image":"","background-repeat":"repeat","background-position":"center center","background-size":"auto","background-attachment":"scroll","background-type":"","background-media":"","overlay-type":"","overlay-color":"","overlay-opacity":"","overlay-gradient":""},"tablet":{"background-color":"","background-image":"","background-repeat":"repeat","background-position":"center center","background-size":"auto","background-attachment":"scroll","background-type":"","background-media":"","overlay-type":"","overlay-color":"","overlay-opacity":"","overlay-gradient":""},"mobile":{"background-color":"","background-image":"","background-repeat":"repeat","background-position":"center center","background-size":"auto","background-attachment":"scroll","background-type":"","background-media":"","overlay-type":"","overlay-color":"","overlay-opacity":"","overlay-gradient":""}},"ast-content-background-meta":{"desktop":{"background-color":"var(--ast-global-color-5)","background-image":"","background-repeat":"repeat","background-position":"center center","background-size":"auto","background-attachment":"scroll","background-type":"","background-media":"","overlay-type":"","overlay-color":"","overlay-opacity":"","overlay-gradient":""},"tablet":{"background-color":"var(--ast-global-color-5)","background-image":"","background-repeat":"repeat","background-position":"center center","background-size":"auto","background-attachment":"scroll","background-type":"","background-media":"","overlay-type":"","overlay-color":"","overlay-opacity":"","overlay-gradient":""},"mobile":{"background-color":"var(--ast-global-color-5)","background-image":"","background-repeat":"repeat","background-position":"center center","background-size":"auto","background-attachment":"scroll","background-type":"","background-media":"","overlay-type":"","overlay-color":"","overlay-opacity":"","overlay-gradient":""}},"footnotes":""},"categories":[43,49,35],"tags":[],"class_list":["post-2466","post","type-post","status-publish","format-standard","has-post-thumbnail","hentry","category-diy-hu","category-kreativ-varras","category-tutorial-hu"],"_links":{"self":[{"href":"https:\/\/evibossanyi.com\/hu\/wp-json\/wp\/v2\/posts\/2466","targetHints":{"allow":["GET"]}}],"collection":[{"href":"https:\/\/evibossanyi.com\/hu\/wp-json\/wp\/v2\/posts"}],"about":[{"href":"https:\/\/evibossanyi.com\/hu\/wp-json\/wp\/v2\/types\/post"}],"author":[{"embeddable":true,"href":"https:\/\/evibossanyi.com\/hu\/wp-json\/wp\/v2\/users\/2"}],"replies":[{"embeddable":true,"href":"https:\/\/evibossanyi.com\/hu\/wp-json\/wp\/v2\/comments?post=2466"}],"version-history":[{"count":0,"href":"https:\/\/evibossanyi.com\/hu\/wp-json\/wp\/v2\/posts\/2466\/revisions"}],"wp:featuredmedia":[{"embeddable":true,"href":"https:\/\/evibossanyi.com\/hu\/wp-json\/wp\/v2\/media\/2403"}],"wp:attachment":[{"href":"https:\/\/evibossanyi.com\/hu\/wp-json\/wp\/v2\/media?parent=2466"}],"wp:term":[{"taxonomy":"category","embeddable":true,"href":"https:\/\/evibossanyi.com\/hu\/wp-json\/wp\/v2\/categories?post=2466"},{"taxonomy":"post_tag","embeddable":true,"href":"https:\/\/evibossanyi.com\/hu\/wp-json\/wp\/v2\/tags?post=2466"}],"curies":[{"name":"wp","href":"https:\/\/api.w.org\/{rel}","templated":true}]}}