{"id":2143,"date":"2020-07-29T15:09:57","date_gmt":"2020-07-29T15:09:57","guid":{"rendered":"https:\/\/evibossanyi.com\/?p=2143"},"modified":"2021-03-02T07:40:47","modified_gmt":"2021-03-02T07:40:47","slug":"a-papirfonasnal-alkalmazott-legfontosabb-fonastipusok","status":"publish","type":"post","link":"https:\/\/evibossanyi.com\/hu\/papirfonas\/a-papirfonasnal-alkalmazott-legfontosabb-fonastipusok\/","title":{"rendered":"A pap\u00ecrfon\u00e0sn\u00e0l alkalmazott legfontosabb fon\u00e0st\u00ecpusok"},"content":{"rendered":"\t\t<div data-elementor-type=\"wp-post\" data-elementor-id=\"2143\" class=\"elementor elementor-2143 elementor-2128\" data-elementor-post-type=\"post\">\n\t\t\t\t\t\t<section class=\"elementor-section elementor-top-section elementor-element elementor-element-79ab85f elementor-section-boxed elementor-section-height-default elementor-section-height-default\" data-id=\"79ab85f\" data-element_type=\"section\" data-settings=\"{&quot;jet_parallax_layout_list&quot;:[]}\">\n\t\t\t\t\t\t<div class=\"elementor-container elementor-column-gap-default\">\n\t\t\t\t\t<div class=\"elementor-column elementor-col-100 elementor-top-column elementor-element elementor-element-5ffee58\" data-id=\"5ffee58\" data-element_type=\"column\">\n\t\t\t<div class=\"elementor-widget-wrap elementor-element-populated\">\n\t\t\t\t\t\t<div class=\"elementor-element elementor-element-cc8ff1d elementor-widget elementor-widget-text-editor\" data-id=\"cc8ff1d\" data-element_type=\"widget\" data-widget_type=\"text-editor.default\">\n\t\t\t\t<div class=\"elementor-widget-container\">\n\t\t\t\t\t\t\t\t\t<p>Miut\u00e0n elolvastad \u00e8s a gyakorlatban is kipr\u00f2b\u00e0ltad azokat a <a href=\"https:\/\/evibossanyi.com\/hu\/papirfonas\/a-papirfonashoz-hasznalando-papirvesszo-keszitese-es-megszinezese\/\">hasznos tan\u00e0csokat<\/a>, amelyeket a pap\u00ecrvessz\u0151k k\u00e8sz\u00ect\u00e8s\u00e8vel \u00e8s sz\u00ecnez\u00e8s\u00e8vel kapcsolatban adtam, rem\u00e8lem, hogy mostanra jelent\u0151s mennyis\u00e8g\u0171 pap\u00ecrvessz\u0151vel rendelkezel. Igen, \u00e8s <strong>alig v\u00e0rod, hogy v\u00e8gre fonhass&#8230;de mit is \u00e8s legf\u0151k\u00e8ppen hogyan?<\/strong> M\u00e8g miel\u0151tt a t\u00e8nyleges munk\u00e0nak nekil\u00e0tn\u00e0l l\u00e0ssuk di\u00f2h\u00e8jban a legfontosabb fon\u00e0st\u00ecpusokat, \u00ecgy pontosan megv\u00e0laszthatod, hogy melyik lesz az a m\u00f2dszer, amelynek a seg\u00ects\u00e8g\u00e8vel a lehet\u0151 legt\u00f6k\u00e8letesebben elk\u00e8sz\u00ectheted els\u0151 fonott alkot\u00e0sodat!<\/p>\n\t\t\t\t\t\t\t\t<\/div>\n\t\t\t\t<\/div>\n\t\t\t\t<div class=\"elementor-element elementor-element-8b09d88 elementor-widget elementor-widget-text-editor\" data-id=\"8b09d88\" data-element_type=\"widget\" data-widget_type=\"text-editor.default\">\n\t\t\t\t<div class=\"elementor-widget-container\">\n\t\t\t\t\t\t\t\t\t<h2>M\u00e8g miel\u0151tt nekil\u00e0tn\u00e0l, \u00e8rdemes tudnod, hogy&#8230;<\/h2>\n<p>\u00c1ltal\u00e0noss\u00e0gban elmondhat\u00f2, hogy a pap\u00ecrfon\u00e0skor a f\u00fcgg\u0151legesen \u00e8s a v\u00eczszintesen elhelyezked\u0151 pap\u00ecrvessz\u0151ket keresztezve k\u00fcl\u00f6nb\u00f6z\u0151 form\u00e0j\u00f9 haszn\u00e0lati \u00e8s d\u00ecszt\u00e0rgyakat hozunk l\u00e8tre. A f\u00fcgg\u0151leges pap\u00ecrvessz\u0151ket az egyszer\u0171s\u00e8g kedv\u00e8\u00e8rt <strong>kar\u00f2k<\/strong>nak, a v\u00eczszinteseket pedig<strong> fon\u00f2sz\u00e0lak<\/strong>nak nevezz\u00fck ak\u00e0rcsak a klasszikus kos\u00e0rfon\u00e0s szakmai nyelvezet\u00e8ben.<\/p>\n<p>Jellemz\u0151en a k\u00e8sz\u00ectend\u0151 fonott t\u00e0rgy funkci\u00f2ja hat\u00e0rozza meg az alkalmazott technik\u00e0kat, most l\u00e0ssuk melyek is a leggyakrabban haszn\u00e0lt fajt\u00e0i.<\/p>\n\t\t\t\t\t\t\t\t<\/div>\n\t\t\t\t<\/div>\n\t\t\t\t<div class=\"elementor-element elementor-element-bb7ffd1 elementor-widget elementor-widget-text-editor\" data-id=\"bb7ffd1\" data-element_type=\"widget\" data-widget_type=\"text-editor.default\">\n\t\t\t\t<div class=\"elementor-widget-container\">\n\t\t\t\t\t\t\t\t\t<h2>Egyszer\u0171 fon\u00e0s<\/h2>\n<p>A legegyszer\u0171bb t\u00ecpus\u00f9ak egyike, a biztos siker \u00e8rdek\u00e8ben \u00e8rdemes ezzel kezdeni. Egy fon\u00f2sz\u00e0llal dolgozunk, menete a k\u00f6vetkez\u0151: a v\u00eczszintes fon\u00f2sz\u00e0l a f\u00fcgg\u0151leges kar\u00f2k k\u00f6z\u00f6tt egy el\u0151tt \u2013 egy m\u00f6g\u00f6tt halad. Sz\u00f6gletes aljak, tet\u0151k kifon\u00e0sakor is el\u0151szeretettel alkalmazzuk. A gy\u0171r\u0171fon\u00e0ssal kombin\u00e0lva nagyon mutat\u00f2s fon\u00e0sokat k\u00e8sz\u00ecthet\u00fck, mint p\u00e8ld\u00e0ul a k\u00e8pen l\u00e0that\u00f2 t\u00e0rol\u00f2kos\u00e0r eset\u00e8ben is l\u00e0that\u00f2.<\/p>\n<p><img fetchpriority=\"high\" decoding=\"async\" class=\"aligncenter wp-image-2146 size-full\" src=\"https:\/\/evibossanyi.com\/wp-content\/uploads\/2020\/03\/cestino-contenitore-dettaglio.jpg\" alt=\"\" width=\"700\" height=\"700\" srcset=\"https:\/\/evibossanyi.com\/wp-content\/uploads\/2020\/03\/cestino-contenitore-dettaglio.jpg 700w, https:\/\/evibossanyi.com\/wp-content\/uploads\/2020\/03\/cestino-contenitore-dettaglio-300x300.jpg 300w, https:\/\/evibossanyi.com\/wp-content\/uploads\/2020\/03\/cestino-contenitore-dettaglio-100x100.jpg 100w, https:\/\/evibossanyi.com\/wp-content\/uploads\/2020\/03\/cestino-contenitore-dettaglio-600x600.jpg 600w, https:\/\/evibossanyi.com\/wp-content\/uploads\/2020\/03\/cestino-contenitore-dettaglio-150x150.jpg 150w\" sizes=\"(max-width: 700px) 100vw, 700px\" \/><\/p>\n\t\t\t\t\t\t\t\t<\/div>\n\t\t\t\t<\/div>\n\t\t\t\t<div class=\"elementor-element elementor-element-45f84d0 elementor-widget elementor-widget-text-editor\" data-id=\"45f84d0\" data-element_type=\"widget\" data-widget_type=\"text-editor.default\">\n\t\t\t\t<div class=\"elementor-widget-container\">\n\t\t\t\t\t\t\t\t\t<h2>Gy\u0171r\u0171fon\u00e0s<\/h2>\n<p>Az egyik legfontosabb fon\u00e0st\u00ecpus, szinte minden fonott munk\u00e0n\u00e0l alkalmazhat\u00f2. A gy\u0171r\u0171z\u0151sz\u00e0lakat balr\u00f2l jobbra vezetj\u00fck \u00e8s a sz\u00e0lak sz\u00e0ma szerint a k\u00f6vetkez\u0151k\u00e8ppen haladunk a fon\u00e0ssal:<\/p>\n<ul>\n<li><strong>k\u00e8tsz\u00e0las gy<\/strong><strong>\u0171<\/strong><strong>r<\/strong><strong>\u0171<\/strong> eset\u00e8ben egy kar\u00f2 el\u0151tt be \u2013 egy kar\u00f2 m\u00f6g\u00f6tt ki<\/li>\n<li><strong>h\u00e0romsz\u00e0las gy\u0171r\u0171<\/strong> eset\u00e8ben k\u00e8t kar\u00f2 el\u0151tt be \u2013 egy kar\u00f2 m\u00f6g\u00f6tt ki<\/li>\n<li><strong>n\u00e8gysz\u00e0las gy\u0171r\u0171<\/strong> eset\u00e8ben t\u00f6bbf\u00e8le l\u00e8p\u00e8smenet is ismeretes, lehet k\u00e8t kar\u00f2 el\u0151tt be \u2013 k\u00e8t kar\u00f2 m\u00f6g\u00f6tt ki illetve h\u00e0ron kar\u00f2 el\u0151tt be \u2013 egy kar\u00f2 m\u00f6g\u00f6tt ki<img decoding=\"async\" class=\"aligncenter wp-image-2148 size-full\" src=\"https:\/\/evibossanyi.com\/wp-content\/uploads\/2020\/03\/cestino-con-manico-di-media-dimensione.jpg\" alt=\"Ez a kos\u00e0r k\u00e8tsz\u00e0las gy\u0171r\u0171fon\u00e0ssal k\u00e8sz\u00fclt\" width=\"700\" height=\"700\" srcset=\"https:\/\/evibossanyi.com\/wp-content\/uploads\/2020\/03\/cestino-con-manico-di-media-dimensione.jpg 700w, https:\/\/evibossanyi.com\/wp-content\/uploads\/2020\/03\/cestino-con-manico-di-media-dimensione-300x300.jpg 300w, https:\/\/evibossanyi.com\/wp-content\/uploads\/2020\/03\/cestino-con-manico-di-media-dimensione-100x100.jpg 100w, https:\/\/evibossanyi.com\/wp-content\/uploads\/2020\/03\/cestino-con-manico-di-media-dimensione-600x600.jpg 600w, https:\/\/evibossanyi.com\/wp-content\/uploads\/2020\/03\/cestino-con-manico-di-media-dimensione-150x150.jpg 150w\" sizes=\"(max-width: 700px) 100vw, 700px\" \/><\/li>\n<\/ul>\n\t\t\t\t\t\t\t\t<\/div>\n\t\t\t\t<\/div>\n\t\t\t\t<div class=\"elementor-element elementor-element-058a50e elementor-widget elementor-widget-text-editor\" data-id=\"058a50e\" data-element_type=\"widget\" data-widget_type=\"text-editor.default\">\n\t\t\t\t<div class=\"elementor-widget-container\">\n\t\t\t\t\t\t\t\t\t<h2>Spir\u00e0l fon\u00e0s<\/h2>\n<p>Egy rendk\u00ecv\u00fcl k\u00f6nnyen \u00e8s gyorsan v\u00e8gezhet\u0151 technik\u00e0r\u00f2l van sz\u00f2, \u00e0ltal\u00e0ban egyszer\u0171 t\u00e0rgyakat, mint p\u00e8ld\u00e0ul koszor\u00f9kat vagy kis kieg\u00e8sz\u00ect\u0151ket fonunk vele.<\/p>\n<p>\u00c1ltal\u00e0ban \u00f6t vagy h\u00e8t fon\u00f2sz\u00e0llal v\u00e8gezz\u00fck, amelyeket m\u00e0r a fon\u00e0s megkezd\u00e8se el\u0151tt egy k\u00f6z\u00f6s pontban illeszt\u00fcnk \u00f6ssze. Erre a k\u00f6z\u00e8ppontra helyez\u00fcnk egy olyan megegyez\u0151 form\u00e0j\u00f9 t\u00e0rgyat, amely seg\u00ects\u00e8g\u00fcnkre lesz a k\u00ecv\u00e0nt forma megfon\u00e0s\u00e0ban \u2013 ez lehet p\u00e8ld\u00e0ul egy egyszer\u0171 pap\u00ecrhenger vagy k\u00f9p. Term\u00e8szetesen sed\u00e8gforma n\u00e8lk\u00fcl is lehet fonni, de ha t\u00f6k\u00e8letes eredm\u00e8nyt szeretn\u00e8l \u00e8l\u00e8rni, mindenk\u00e8ppen aj\u00e0nlott a haszn\u00e0lata. A fon\u00f2sz\u00e0lak sz\u00e0m\u00e0t minden esetben a megfonand\u00f2 t\u00e0rgy m\u00e8rete \u00e8s a fonat k\u00ecv\u00e0nt t\u00f6m\u00f6rs\u00e8ge hat\u00e0rozza meg. Min\u00e8l nagyobb a t\u00e0vols\u00e0g az egyes fon\u00f2sz\u00e0lak k\u00f6z\u00f6tt ann\u00e0l laz\u00e0bb lesz a fonat, ellenkez\u0151 esetben pedig, min\u00e8l kisebb a t\u00e0vols\u00e0g ann\u00e0l t\u00f6m\u00f6ttebb \u00e8s ez\u00e0ltal sokkal er\u0151sebb is lesz.<\/p>\n<p>L\u00e0ssuk hogyan is kell elv\u00e8gezni ezt a fon\u00e0st\u00ecpust:<\/p>\n<ul>\n<li>ahogy az el\u0151bb is eml\u00ectettem, legel\u0151sz\u00f6r is csepp ragaszt\u00f2val illeszd \u00f6ssze egy k\u00f6z\u00f6s pontban a k\u00ecv\u00e0nt mennyis\u00e8g\u0171 fon\u00f2sz\u00e0lakat \u00e8s helyezd a k\u00f6z\u00e8ppontra a kiv\u00e0lasztott, fon\u00e0st seg\u00ect\u0151 t\u00e0rgyat<\/li>\n<li>vedd k\u00e8zbe az els\u0151, \u00e0ltalad megv\u00e0lasztott fon\u00f2sz\u00e0lat \u00e8s helyezd a k\u00f6vetkez\u0151 k\u00e8t fonosz\u00e0lra<\/li>\n<li>most azzal a sz\u00e0llal folytatod, amelyikre az els\u0151t helyezted, vagyis a harmadikkal, ugyan\u00f9gy k\u00e8t sz\u00e0l felett elhaladva<\/li>\n<li>ezt a logik\u00e0t k\u00f6vetve, mindig az \u00f2ramutat\u00f2 j\u00e0r\u00e0s\u00e0val megegyez\u0151 ir\u00e0nyban haladj tov\u00e0bb eg\u00e8szen a fon\u00e0s befejez\u00e8s\u00e8ig, majd h\u00f9zd ki a seg\u00e8dt\u00e0rgyat<\/li>\n<li>v\u00e0gd le a felesleges fon\u00f2sz\u00e0lakat \u00e8s ragaszd \u0151ket a fonathoz, ez\u00e0ltal biztosan nem fog felbomlani.<\/li>\n<\/ul>\n<p><img decoding=\"async\" class=\"aligncenter size-large wp-image-3636\" style=\"font-style: inherit; font-weight: inherit;\" src=\"https:\/\/evibossanyi.com\/wp-content\/uploads\/2021\/03\/intreccio-spirale-1024x1024.png\" alt=\"\" width=\"1024\" height=\"1024\" srcset=\"https:\/\/evibossanyi.com\/wp-content\/uploads\/2021\/03\/intreccio-spirale-1024x1024.png 1024w, https:\/\/evibossanyi.com\/wp-content\/uploads\/2021\/03\/intreccio-spirale-300x300.png 300w, https:\/\/evibossanyi.com\/wp-content\/uploads\/2021\/03\/intreccio-spirale-100x100.png 100w, https:\/\/evibossanyi.com\/wp-content\/uploads\/2021\/03\/intreccio-spirale-600x600.png 600w, https:\/\/evibossanyi.com\/wp-content\/uploads\/2021\/03\/intreccio-spirale-150x150.png 150w, https:\/\/evibossanyi.com\/wp-content\/uploads\/2021\/03\/intreccio-spirale-768x768.png 768w, https:\/\/evibossanyi.com\/wp-content\/uploads\/2021\/03\/intreccio-spirale.png 1080w\" sizes=\"(max-width: 1024px) 100vw, 1024px\" \/><\/p>\n<p><img loading=\"lazy\" decoding=\"async\" class=\"aligncenter size-large wp-image-3638\" src=\"https:\/\/evibossanyi.com\/wp-content\/uploads\/2021\/03\/intreccio-spirale-1-1024x1024.png\" alt=\"\" width=\"1024\" height=\"1024\" srcset=\"https:\/\/evibossanyi.com\/wp-content\/uploads\/2021\/03\/intreccio-spirale-1-1024x1024.png 1024w, https:\/\/evibossanyi.com\/wp-content\/uploads\/2021\/03\/intreccio-spirale-1-300x300.png 300w, https:\/\/evibossanyi.com\/wp-content\/uploads\/2021\/03\/intreccio-spirale-1-100x100.png 100w, https:\/\/evibossanyi.com\/wp-content\/uploads\/2021\/03\/intreccio-spirale-1-600x600.png 600w, https:\/\/evibossanyi.com\/wp-content\/uploads\/2021\/03\/intreccio-spirale-1-150x150.png 150w, https:\/\/evibossanyi.com\/wp-content\/uploads\/2021\/03\/intreccio-spirale-1-768x768.png 768w, https:\/\/evibossanyi.com\/wp-content\/uploads\/2021\/03\/intreccio-spirale-1.png 1080w\" sizes=\"(max-width: 1024px) 100vw, 1024px\" \/><\/p>\n<p>Most hogy megismerted a legfontosabb fon\u00e0st\u00ecpusokat gondolom hogy most m\u00e0r t\u00e8nyleg alig v\u00e0rod, hogy nekikezdhess az els\u0151 fonott kosaradnak&#8230;.Olvasd el a k\u00f6vetkez\u0151 bejegyz\u00e8st is \u00e8s fedezd fel hogy <a href=\"https:\/\/evibossanyi.com\/hu\/papirfonas\/papirfonas-alapok-hogyan-keszul-a-kerek-kosaralj\/\"><strong>hogyan k\u00e8sz\u00fcl a kerek kos\u00e0ralj<\/strong><\/a>!<\/p>\n\t\t\t\t\t\t\t\t<\/div>\n\t\t\t\t<\/div>\n\t\t\t\t<div class=\"elementor-element elementor-element-b522d25 elementor-widget elementor-widget-text-editor\" data-id=\"b522d25\" data-element_type=\"widget\" data-widget_type=\"text-editor.default\">\n\t\t\t\t<div class=\"elementor-widget-container\">\n\t\t\t\t\t\t\t\t\t<h3>Ha tetszett \u00e8s hasznosnak tal\u00e0ltad ezt a bejegyz\u00e8st k\u00e8rlek oszd meg az al\u00e0bbi gombok seg\u00ects\u00e8g\u00e8vel, hogy m\u00e0sok is k\u00f6nnyen megtal\u00e0lhass\u00e0k \u00e8s elolvashass\u00e0k a blog tartalm\u00e0t. K\u00f6sz\u00f6n\u00f6m sz\u00e8pen!<\/h3>\n\t\t\t\t\t\t\t\t<\/div>\n\t\t\t\t<\/div>\n\t\t\t\t\t<\/div>\n\t\t<\/div>\n\t\t\t\t\t<\/div>\n\t\t<\/section>\n\t\t\t\t<\/div>\n\t\t","protected":false},"excerpt":{"rendered":"<p>Miut\u00e0n elolvastad \u00e8s a gyakorlatban is kipr\u00f2b\u00e0ltad azokat a hasznos tan\u00e0csokat, amelyeket a pap\u00ecrvessz\u0151k k\u00e8sz\u00ect\u00e8s\u00e8vel \u00e8s sz\u00ecnez\u00e8s\u00e8vel kapcsolatban adtam, rem\u00e8lem, hogy mostanra jelent\u0151s mennyis\u00e8g\u0171 pap\u00ecrvessz\u0151vel rendelkezel. Igen, \u00e8s alig v\u00e0rod, hogy v\u00e8gre fonhass&#8230;de mit is \u00e8s legf\u0151k\u00e8ppen hogyan? M\u00e8g miel\u0151tt a t\u00e8nyleges munk\u00e0nak nekil\u00e0tn\u00e0l l\u00e0ssuk di\u00f2h\u00e8jban a legfontosabb fon\u00e0st\u00ecpusokat, \u00ecgy pontosan megv\u00e0laszthatod, hogy melyik lesz [&hellip;]<\/p>\n","protected":false},"author":2,"featured_media":2144,"comment_status":"open","ping_status":"open","sticky":false,"template":"","format":"standard","meta":{"site-sidebar-layout":"default","site-content-layout":"default","ast-site-content-layout":"","site-content-style":"default","site-sidebar-style":"default","ast-global-header-display":"","ast-banner-title-visibility":"","ast-main-header-display":"","ast-hfb-above-header-display":"","ast-hfb-below-header-display":"","ast-hfb-mobile-header-display":"","site-post-title":"","ast-breadcrumbs-content":"","ast-featured-img":"","footer-sml-layout":"","theme-transparent-header-meta":"default","adv-header-id-meta":"","stick-header-meta":"default","header-above-stick-meta":"","header-main-stick-meta":"","header-below-stick-meta":"","astra-migrate-meta-layouts":"default","ast-page-background-enabled":"default","ast-page-background-meta":{"desktop":{"background-color":"","background-image":"","background-repeat":"repeat","background-position":"center center","background-size":"auto","background-attachment":"scroll","background-type":"","background-media":"","overlay-type":"","overlay-color":"","overlay-opacity":"","overlay-gradient":""},"tablet":{"background-color":"","background-image":"","background-repeat":"repeat","background-position":"center center","background-size":"auto","background-attachment":"scroll","background-type":"","background-media":"","overlay-type":"","overlay-color":"","overlay-opacity":"","overlay-gradient":""},"mobile":{"background-color":"","background-image":"","background-repeat":"repeat","background-position":"center center","background-size":"auto","background-attachment":"scroll","background-type":"","background-media":"","overlay-type":"","overlay-color":"","overlay-opacity":"","overlay-gradient":""}},"ast-content-background-meta":{"desktop":{"background-color":"var(--ast-global-color-5)","background-image":"","background-repeat":"repeat","background-position":"center center","background-size":"auto","background-attachment":"scroll","background-type":"","background-media":"","overlay-type":"","overlay-color":"","overlay-opacity":"","overlay-gradient":""},"tablet":{"background-color":"var(--ast-global-color-5)","background-image":"","background-repeat":"repeat","background-position":"center center","background-size":"auto","background-attachment":"scroll","background-type":"","background-media":"","overlay-type":"","overlay-color":"","overlay-opacity":"","overlay-gradient":""},"mobile":{"background-color":"var(--ast-global-color-5)","background-image":"","background-repeat":"repeat","background-position":"center center","background-size":"auto","background-attachment":"scroll","background-type":"","background-media":"","overlay-type":"","overlay-color":"","overlay-opacity":"","overlay-gradient":""}},"footnotes":""},"categories":[34,35],"tags":[],"class_list":["post-2143","post","type-post","status-publish","format-standard","has-post-thumbnail","hentry","category-papirfonas","category-tutorial-hu"],"_links":{"self":[{"href":"https:\/\/evibossanyi.com\/hu\/wp-json\/wp\/v2\/posts\/2143","targetHints":{"allow":["GET"]}}],"collection":[{"href":"https:\/\/evibossanyi.com\/hu\/wp-json\/wp\/v2\/posts"}],"about":[{"href":"https:\/\/evibossanyi.com\/hu\/wp-json\/wp\/v2\/types\/post"}],"author":[{"embeddable":true,"href":"https:\/\/evibossanyi.com\/hu\/wp-json\/wp\/v2\/users\/2"}],"replies":[{"embeddable":true,"href":"https:\/\/evibossanyi.com\/hu\/wp-json\/wp\/v2\/comments?post=2143"}],"version-history":[{"count":0,"href":"https:\/\/evibossanyi.com\/hu\/wp-json\/wp\/v2\/posts\/2143\/revisions"}],"wp:featuredmedia":[{"embeddable":true,"href":"https:\/\/evibossanyi.com\/hu\/wp-json\/wp\/v2\/media\/2144"}],"wp:attachment":[{"href":"https:\/\/evibossanyi.com\/hu\/wp-json\/wp\/v2\/media?parent=2143"}],"wp:term":[{"taxonomy":"category","embeddable":true,"href":"https:\/\/evibossanyi.com\/hu\/wp-json\/wp\/v2\/categories?post=2143"},{"taxonomy":"post_tag","embeddable":true,"href":"https:\/\/evibossanyi.com\/hu\/wp-json\/wp\/v2\/tags?post=2143"}],"curies":[{"name":"wp","href":"https:\/\/api.w.org\/{rel}","templated":true}]}}