{"id":1459,"date":"2020-05-28T14:50:52","date_gmt":"2020-05-28T14:50:52","guid":{"rendered":"http:\/\/35.214.197.192\/~evibossanyi\/uncategorized-hu\/a-filcvarras-legfontosabb-eszkozei-es-kellekei\/"},"modified":"2020-08-20T14:49:18","modified_gmt":"2020-08-20T14:49:18","slug":"a-filcvarras-legfontosabb-eszkozei-es-kellekei","status":"publish","type":"post","link":"https:\/\/evibossanyi.com\/hu\/filcbol-oteletesen\/a-filcvarras-legfontosabb-eszkozei-es-kellekei\/","title":{"rendered":"A filcvarr\u00e0s legfontosabb eszk\u00f6zei \u00e8s kell\u00e8kei"},"content":{"rendered":"\t\t<div data-elementor-type=\"wp-post\" data-elementor-id=\"1459\" class=\"elementor elementor-1459\" data-elementor-post-type=\"post\">\n\t\t\t\t\t\t<section class=\"elementor-section elementor-top-section elementor-element elementor-element-3829b09 elementor-section-boxed elementor-section-height-default elementor-section-height-default\" data-id=\"3829b09\" data-element_type=\"section\" data-settings=\"{&quot;jet_parallax_layout_list&quot;:[]}\">\n\t\t\t\t\t\t<div class=\"elementor-container elementor-column-gap-default\">\n\t\t\t\t\t<div class=\"elementor-column elementor-col-100 elementor-top-column elementor-element elementor-element-92552cc\" data-id=\"92552cc\" data-element_type=\"column\">\n\t\t\t<div class=\"elementor-widget-wrap elementor-element-populated\">\n\t\t\t\t\t\t<div class=\"elementor-element elementor-element-fdcffaa elementor-widget elementor-widget-text-editor\" data-id=\"fdcffaa\" data-element_type=\"widget\" data-widget_type=\"text-editor.default\">\n\t\t\t\t<div class=\"elementor-widget-container\">\n\t\t\t\t\t\t\t\t\t<p>Az <a href=\"https:\/\/evibossanyi.com\/hu\/filcbol-oteletesen\/nemez-vagy-filc-eredete-kulonbsegek-erdekessegek\/\">el\u0151z\u0151 bejegyz\u00e8sben<\/a> a filcr\u0151l olvashatt\u00e0l \u00e8rdekess\u00e8geket, megismerhetted annak szerkezet\u00e8t, tulajdons\u00e0gait, ez\u00e0ltal meggy\u0151z\u0151dhett\u00e8l arr\u00f2l is, hogy filccel dolgozni t\u00f6bb okb\u00f2l kifoly\u00f2lag is sokkal k\u00f6nnyebb dolgozni, mint a hagyom\u00e0nyos sz\u00f6vetek t\u00f6bbs\u00e8g\u00e8vel. Igaz, a legt\u00f6bb esetben eg\u00e8szen m\u00e0s c\u00e8lra is alkalmazzuk, m\u00e8gis pont ugyanazokra az eszk\u00f6z\u00f6kre lesz sz\u00fcks\u00e8g\u00fcnk mintha sz\u00f6vettel dolgozn\u00e0nk. Ebben a bejegyz\u00e8sben nemcsak azoknak a n\u00e8lk\u00fcl\u00f6zhetelen kell\u00e8keknek a felsorol\u00e0s\u00e0t tal\u00e0lhatod meg, amelyekre b\u00e0rmilyen varr\u00e0ssal kapcsolatos m\u0171velet elv\u00e8gz\u00e8sekor mindenk\u00e8ppen sz\u00fcks\u00e8ged lesz, de sok \u00e8rdekess\u00e8get is olvashatsz.<\/p>\n\t\t\t\t\t\t\t\t<\/div>\n\t\t\t\t<\/div>\n\t\t\t\t\t<\/div>\n\t\t<\/div>\n\t\t\t\t\t<\/div>\n\t\t<\/section>\n\t\t\t\t<section class=\"elementor-section elementor-top-section elementor-element elementor-element-c79808b elementor-section-boxed elementor-section-height-default elementor-section-height-default\" data-id=\"c79808b\" data-element_type=\"section\" data-settings=\"{&quot;jet_parallax_layout_list&quot;:[]}\">\n\t\t\t\t\t\t<div class=\"elementor-container elementor-column-gap-default\">\n\t\t\t\t\t<div class=\"elementor-column elementor-col-100 elementor-top-column elementor-element elementor-element-bcc15da\" data-id=\"bcc15da\" data-element_type=\"column\">\n\t\t\t<div class=\"elementor-widget-wrap elementor-element-populated\">\n\t\t\t\t\t\t<div class=\"elementor-element elementor-element-41cb5a7 elementor-widget elementor-widget-text-editor\" data-id=\"41cb5a7\" data-element_type=\"widget\" data-widget_type=\"text-editor.default\">\n\t\t\t\t<div class=\"elementor-widget-container\">\n\t\t\t\t\t\t\t\t\t<h2>M\u00e8r\u0151szalag<\/h2>\n<p>Nem ny\u00f9l\u00f2 anyagb\u00f2l k\u00e8sz\u00ectett, f\u00e8mv\u00e8g\u0171, 150 cm hossz\u00f9 szalag. M\u00e8rt\u00e8kv\u00e8telre haszn\u00e0ljuk, a hajl\u00e8konys\u00e0g\u00e0b\u00f2l ad\u00f2d\u00f2an az \u00ecves r\u00e8szek lem\u00e8r\u00e8s\u00e8re is alkalmas.<br \/>\n<img fetchpriority=\"high\" decoding=\"async\" class=\"aligncenter wp-image-1316 size-medium\" src=\"https:\/\/evibossanyi.com\/wp-content\/uploads\/2020\/05\/Progetto-senza-titolo-300x300.png\" alt=\"\" width=\"300\" height=\"300\" srcset=\"https:\/\/evibossanyi.com\/wp-content\/uploads\/2020\/05\/Progetto-senza-titolo-300x300.png 300w, https:\/\/evibossanyi.com\/wp-content\/uploads\/2020\/05\/Progetto-senza-titolo-100x100.png 100w, https:\/\/evibossanyi.com\/wp-content\/uploads\/2020\/05\/Progetto-senza-titolo-600x600.png 600w, https:\/\/evibossanyi.com\/wp-content\/uploads\/2020\/05\/Progetto-senza-titolo-1024x1024.png 1024w, https:\/\/evibossanyi.com\/wp-content\/uploads\/2020\/05\/Progetto-senza-titolo-150x150.png 150w, https:\/\/evibossanyi.com\/wp-content\/uploads\/2020\/05\/Progetto-senza-titolo-768x768.png 768w, https:\/\/evibossanyi.com\/wp-content\/uploads\/2020\/05\/Progetto-senza-titolo.png 1080w\" sizes=\"(max-width: 300px) 100vw, 300px\" \/><\/p>\n<h2>Hossz\u00f9 \u00e8s h\u00e0romsz\u00f6g vonalz\u00f2<\/h2>\n<p>50-60 cm hossz\u00f9 vonalz\u00f2 a legide\u00e0lisabb, a h\u00e0romsz\u00f6g vonalz\u00f2 pedig a der\u00e8ksz\u00f6gek helyes megrajzol\u00e0s\u00e0hoz n\u00e8lk\u00fcl\u00f6zhetetlen.<br \/>\n<img decoding=\"async\" class=\"aligncenter wp-image-1319 size-medium\" src=\"https:\/\/evibossanyi.com\/wp-content\/uploads\/2020\/05\/Progetto-senza-titolo2-300x300.png\" alt=\"\" width=\"300\" height=\"300\" srcset=\"https:\/\/evibossanyi.com\/wp-content\/uploads\/2020\/05\/Progetto-senza-titolo2-300x300.png 300w, https:\/\/evibossanyi.com\/wp-content\/uploads\/2020\/05\/Progetto-senza-titolo2-100x100.png 100w, https:\/\/evibossanyi.com\/wp-content\/uploads\/2020\/05\/Progetto-senza-titolo2-600x600.png 600w, https:\/\/evibossanyi.com\/wp-content\/uploads\/2020\/05\/Progetto-senza-titolo2-1024x1024.png 1024w, https:\/\/evibossanyi.com\/wp-content\/uploads\/2020\/05\/Progetto-senza-titolo2-150x150.png 150w, https:\/\/evibossanyi.com\/wp-content\/uploads\/2020\/05\/Progetto-senza-titolo2-768x768.png 768w, https:\/\/evibossanyi.com\/wp-content\/uploads\/2020\/05\/Progetto-senza-titolo2.png 1080w\" sizes=\"(max-width: 300px) 100vw, 300px\" \/><\/p>\n<h2>K\u00f6rz\u0151, ceruza, hegyz\u0151, rad\u00ecr<\/h2>\n<p>Mind olyan seg\u00e8deszk\u00f6z\u00f6k, amelyekre akkor lesz sz\u00fcks\u00e8ged, ha saj\u00e0t magad k\u00e8sz\u00ected a szab\u00e0smint\u00e0kat.<br \/>\n<img decoding=\"async\" class=\"size-medium wp-image-1321 aligncenter\" src=\"https:\/\/evibossanyi.com\/wp-content\/uploads\/2020\/05\/Progetto-senza-titolo1-300x300.png\" alt=\"\" width=\"300\" height=\"300\" srcset=\"https:\/\/evibossanyi.com\/wp-content\/uploads\/2020\/05\/Progetto-senza-titolo1-300x300.png 300w, https:\/\/evibossanyi.com\/wp-content\/uploads\/2020\/05\/Progetto-senza-titolo1-100x100.png 100w, https:\/\/evibossanyi.com\/wp-content\/uploads\/2020\/05\/Progetto-senza-titolo1-600x600.png 600w, https:\/\/evibossanyi.com\/wp-content\/uploads\/2020\/05\/Progetto-senza-titolo1-1024x1024.png 1024w, https:\/\/evibossanyi.com\/wp-content\/uploads\/2020\/05\/Progetto-senza-titolo1-150x150.png 150w, https:\/\/evibossanyi.com\/wp-content\/uploads\/2020\/05\/Progetto-senza-titolo1-768x768.png 768w, https:\/\/evibossanyi.com\/wp-content\/uploads\/2020\/05\/Progetto-senza-titolo1.png 1080w\" sizes=\"(max-width: 300px) 100vw, 300px\" \/><\/p>\n<h2>Pap\u00ecr<\/h2>\n<p>K\u00fcl\u00f6nb\u00f6z\u0151 fajs\u00f9ly\u00f9 papirokra lesz sz\u00fcks\u00e8ged; vastagabbra a mint\u00e0k megrajzol\u00e0s\u00e0hoz \u00e8s v\u00e8konyabbra (pauszpap\u00ecr) azok \u00e0tm\u00e0sol\u00e0s\u00e0hoz. Ha nincs \u00e8ppen a kezed \u00fcgy\u00e8ben pauszpap\u00ecr, nyugodtan haszn\u00e0lhatsz s\u00fct\u0151pap\u00ecrt is, a c\u00e8lnak es is t\u00f6k\u00e8letesen megfelel, r\u00e0ad\u00e0sul sokkal olcs\u00f2bb is.<br \/>\n<img loading=\"lazy\" decoding=\"async\" class=\"alignnone size-medium wp-image-1323 aligncenter\" src=\"https:\/\/evibossanyi.com\/wp-content\/uploads\/2020\/05\/Progetto-senza-titolo4-300x300.png\" alt=\"\" width=\"300\" height=\"300\" srcset=\"https:\/\/evibossanyi.com\/wp-content\/uploads\/2020\/05\/Progetto-senza-titolo4-300x300.png 300w, https:\/\/evibossanyi.com\/wp-content\/uploads\/2020\/05\/Progetto-senza-titolo4-100x100.png 100w, https:\/\/evibossanyi.com\/wp-content\/uploads\/2020\/05\/Progetto-senza-titolo4-600x600.png 600w, https:\/\/evibossanyi.com\/wp-content\/uploads\/2020\/05\/Progetto-senza-titolo4-1024x1024.png 1024w, https:\/\/evibossanyi.com\/wp-content\/uploads\/2020\/05\/Progetto-senza-titolo4-150x150.png 150w, https:\/\/evibossanyi.com\/wp-content\/uploads\/2020\/05\/Progetto-senza-titolo4-768x768.png 768w, https:\/\/evibossanyi.com\/wp-content\/uploads\/2020\/05\/Progetto-senza-titolo4.png 1080w\" sizes=\"(max-width: 300px) 100vw, 300px\" \/><\/p>\n<p>A k\u00f6zelj\u00f6v\u0151ben r\u00e8szletesen fogok \u00ecrni a pap\u00ecr t\u00f6rt\u00e8net\u00e8r\u0151l, k\u00fcl\u00f6nf\u00e8le t\u00ecpusair\u00f2l \u00e8s azok alkalmaz\u00e0si ter\u00fcleteir\u0151l.<\/p>\n<h2>Oll\u00f2<\/h2>\n<p>Gondoltad volna, hogy a legels\u0151, bronzb\u00f2l k\u00e8sz\u00ectett ny\u00ecr\u00f2szersz\u00e0m Egyiptomb\u00f2l sz\u00e0rmazik (Kr.e. 300), m\u00ecg az els\u0151 tengelyen forgathat\u00f2 p\u00e8ld\u00e0ny eg\u00e8szen a r\u00f2mai korig (Kr.e.100) ny\u00f9lik vissza. A t\u00f6rt\u00e8nelemben el\u0151sz\u00f6r Sevilla-i Izidor k\u00e8sz\u00ectett r\u00e8szletes le\u00ecr\u00e0st a szab\u00f2k \u00e0ltal haszn\u00e0lt oll\u00f2kr\u00f2l. Kivitelez\u00e8s\u00fck ter\u00e8n nem t\u00f6rt\u00e8nt jelent\u0151s \u00f9j\u00ect\u00e0s egy\u00e8szen 1761-ig amikor Robert Hinchliffe, az els\u0151 oll\u00f2gy\u00e0r megalap\u00ect\u00f2ja, el nem kezdte olvasztott, edzett ac\u00e8lb\u00f2l gy\u00e0rtani. Manaps\u00e0g az oll\u00f2k sz\u00e8les v\u00e0laszt\u00e8k\u00e0t tal\u00e0lhatjuk a kereskedelemben, b\u00e0rmilyen c\u00e8lra megtal\u00e0lhatjuk a legmegfelel\u0151bbet. A filc szab\u00e0s\u00e0hoz aj\u00e0nlatos k\u00fcl\u00f6nb\u00f6z\u0151 m\u00e8ret\u0171 szab\u00f2oll\u00f2kat beszerezned: vastag filchez legjobb a 15 cm vagy m\u00e8g ann\u00e0l is hosszabb, v\u00e8kony filcet pedig egy 5-10 cm hossz\u00f9 oll\u00f2val c\u00e8lszer\u0171 v\u00e0gni, a c\u00e8rn\u00e0k lev\u00e0g\u00e0s\u00e0hoz pedig b\u00e0rmekkor\u00e0t haszn\u00e0lhatsz. Nagyon fontos, hogy a szab\u00e0shoz haszn\u00e0lt oll\u00f2kkal m\u00e8g v\u00e8letlen\u00fcl se v\u00e0gj pap\u00ecrt, mert elvesztik az \u00e8l\u00fcket!<br \/>\n<img loading=\"lazy\" decoding=\"async\" class=\"alignnone size-medium wp-image-1327 aligncenter\" src=\"https:\/\/evibossanyi.com\/wp-content\/uploads\/2020\/05\/Progetto-senza-titolo5-300x300.png\" alt=\"\" width=\"300\" height=\"300\" srcset=\"https:\/\/evibossanyi.com\/wp-content\/uploads\/2020\/05\/Progetto-senza-titolo5-300x300.png 300w, https:\/\/evibossanyi.com\/wp-content\/uploads\/2020\/05\/Progetto-senza-titolo5-100x100.png 100w, https:\/\/evibossanyi.com\/wp-content\/uploads\/2020\/05\/Progetto-senza-titolo5-600x600.png 600w, https:\/\/evibossanyi.com\/wp-content\/uploads\/2020\/05\/Progetto-senza-titolo5-1024x1024.png 1024w, https:\/\/evibossanyi.com\/wp-content\/uploads\/2020\/05\/Progetto-senza-titolo5-150x150.png 150w, https:\/\/evibossanyi.com\/wp-content\/uploads\/2020\/05\/Progetto-senza-titolo5-768x768.png 768w, https:\/\/evibossanyi.com\/wp-content\/uploads\/2020\/05\/Progetto-senza-titolo5.png 1080w\" sizes=\"(max-width: 300px) 100vw, 300px\" \/><\/p>\n<h2>Gy\u0171sz\u0171<\/h2>\n<p>K\u00e8zivarr\u00e0s k\u00f6zben a t\u0171t tol\u00f2 ujjat v\u00e8di. \u00c8vezredek \u00f2ta haszn\u00e0latos, k\u00fcl\u00f6nb\u00f6z\u0151 form\u00e0kban \u00e8s anyagokb\u00f2l k\u00e8sz\u00fclt a t\u0171 fejl\u0151d\u00e8s\u00e8vel egy \u00fctemben. Az els\u0151 gy\u0171r\u0171 form\u00e0j\u00f9, vasb\u00f2l k\u00e8sz\u00ectett gy\u0171sz\u0171 K\u00ecn\u00e0b\u00f2l sz\u00e0rmazik. A z\u00e0rt tetej\u0171, f\u00e8m gy\u0171sz\u0171k csak a k\u00f6z\u00e8pkorban terjedtek el \u00e8s annak ellen\u00e8re, hogy nem nemesf\u00e8mb\u0151l k\u00e8sz\u00fcltek igen dr\u00e0g\u00e0k voltak; az olcs\u00f2bb fajt\u00e0kat f\u0151tt \u00e0llatb\u0151rb\u0151l gy\u00e0rtott\u00e0k. Az elk\u00f6vetkez\u0151 sz\u00e0zadokban porcel\u00e0nb\u00f2l \u00e8s nemesf\u00e8mb\u0151l is k\u00e8sz\u00ectett\u00e8k \u0151ket, \u00ecgy d\u00ecszt\u00e0rgyakk\u00e0 \u00e8s gy\u0171jtem\u00e8nyek \u00e8rt\u00e8kes darabjaiv\u00e0 is v\u00e0ltak. Ipari gy\u00e0rt\u00e0sa a XX. sz\u00e0zadban kezd\u0151d\u00f6tt meg; manaps\u00e0g ac\u00e8l, m\u0171anyag \u00e8s szilikon gy\u0171sz\u0171k k\u00f6z\u00f6tt egyar\u00e0nt v\u00e0logathatunk. K\u00fcl\u00f6nb\u00f6z\u0151 m\u00e8rtekben kaphat\u00f2ak, a Neked megfelel\u0151t \u00f9gy kell kiv\u00e0lasztanod, hogy az ujjad ker\u00fclet\u00e8nek megfeleljen: ha t\u00f9l kicsi vagy ha t\u00f9l laza, akkor \u00f6r\u00f6kre elveheti a kedved a gy\u0171sz\u0171 haszn\u00e0lat\u00e0t\u00f2l varr\u00e0s k\u00f6zben.<br \/>\n<img loading=\"lazy\" decoding=\"async\" class=\"alignnone size-medium wp-image-1330 aligncenter\" src=\"https:\/\/evibossanyi.com\/wp-content\/uploads\/2020\/05\/Progetto-senza-titolo6-300x300.png\" alt=\"\" width=\"300\" height=\"300\" srcset=\"https:\/\/evibossanyi.com\/wp-content\/uploads\/2020\/05\/Progetto-senza-titolo6-300x300.png 300w, https:\/\/evibossanyi.com\/wp-content\/uploads\/2020\/05\/Progetto-senza-titolo6-100x100.png 100w, https:\/\/evibossanyi.com\/wp-content\/uploads\/2020\/05\/Progetto-senza-titolo6-600x600.png 600w, https:\/\/evibossanyi.com\/wp-content\/uploads\/2020\/05\/Progetto-senza-titolo6-1024x1024.png 1024w, https:\/\/evibossanyi.com\/wp-content\/uploads\/2020\/05\/Progetto-senza-titolo6-150x150.png 150w, https:\/\/evibossanyi.com\/wp-content\/uploads\/2020\/05\/Progetto-senza-titolo6-768x768.png 768w, https:\/\/evibossanyi.com\/wp-content\/uploads\/2020\/05\/Progetto-senza-titolo6.png 1080w\" sizes=\"(max-width: 300px) 100vw, 300px\" \/><\/p>\n<h2>Szab\u00f2kr\u00e8ta<\/h2>\n<p>Seg\u00ects\u00e8g\u00e8vel gyorsan \u00e8s k\u00f6nnyen, k\u00f6zvetlen\u00fcl az anyagon jel\u00f6lhetsz minden v\u00e0g\u00e0st vagy varr\u00e0st. Mindig hegyesnek kell lennie, hogy a rajzolt vonal v\u00e8kony legyen. Plussz egy tipp: az elhaszn\u00e0lt pipereszappan v\u00e8kony, sz\u00e0raz maradv\u00e0nyai is kit\u0171n\u0151en alkalmasak a jel\u00f6l\u00e8sre.<br \/>\n<img loading=\"lazy\" decoding=\"async\" class=\"size-medium wp-image-1332 aligncenter\" src=\"https:\/\/evibossanyi.com\/wp-content\/uploads\/2020\/05\/Progetto-senza-titolo7-300x300.png\" alt=\"\" width=\"300\" height=\"300\" srcset=\"https:\/\/evibossanyi.com\/wp-content\/uploads\/2020\/05\/Progetto-senza-titolo7-300x300.png 300w, https:\/\/evibossanyi.com\/wp-content\/uploads\/2020\/05\/Progetto-senza-titolo7-100x100.png 100w, https:\/\/evibossanyi.com\/wp-content\/uploads\/2020\/05\/Progetto-senza-titolo7-600x600.png 600w, https:\/\/evibossanyi.com\/wp-content\/uploads\/2020\/05\/Progetto-senza-titolo7-1024x1024.png 1024w, https:\/\/evibossanyi.com\/wp-content\/uploads\/2020\/05\/Progetto-senza-titolo7-150x150.png 150w, https:\/\/evibossanyi.com\/wp-content\/uploads\/2020\/05\/Progetto-senza-titolo7-768x768.png 768w, https:\/\/evibossanyi.com\/wp-content\/uploads\/2020\/05\/Progetto-senza-titolo7.png 1080w\" sizes=\"(max-width: 300px) 100vw, 300px\" \/><\/p>\n<h2>Gombost\u0171<\/h2>\n<p>V\u00e8kony, nagyon hegyes \u00e8s sima, csiszolt fel\u00fclet\u0171 kell hogy legyen. Legjobban a rozsdamentes ac\u00e8lb\u00f2l k\u00e8sz\u00fclt \u00fcveg- vagy f\u00e8mfej\u0171 gombost\u0171k. Ha durva fel\u00fclet\u0171 vagy tompa t\u00f6nkreteszi nemcsak a sz\u00f6veteket, de m\u00e8g a filcet is. A g\u00f6mb\u00f6ly\u0171 v\u00e8g\u0171 gombost\u0171t pedig csak k\u00f6t\u00f6tt anyagokhoz haszn\u00e0ld.<br \/>\n<img loading=\"lazy\" decoding=\"async\" class=\"size-medium wp-image-1337 aligncenter\" src=\"https:\/\/evibossanyi.com\/wp-content\/uploads\/2020\/05\/Progetto-senza-titolo8-300x300.png\" alt=\"\" width=\"300\" height=\"300\" srcset=\"https:\/\/evibossanyi.com\/wp-content\/uploads\/2020\/05\/Progetto-senza-titolo8-300x300.png 300w, https:\/\/evibossanyi.com\/wp-content\/uploads\/2020\/05\/Progetto-senza-titolo8-100x100.png 100w, https:\/\/evibossanyi.com\/wp-content\/uploads\/2020\/05\/Progetto-senza-titolo8-600x600.png 600w, https:\/\/evibossanyi.com\/wp-content\/uploads\/2020\/05\/Progetto-senza-titolo8-1024x1024.png 1024w, https:\/\/evibossanyi.com\/wp-content\/uploads\/2020\/05\/Progetto-senza-titolo8-150x150.png 150w, https:\/\/evibossanyi.com\/wp-content\/uploads\/2020\/05\/Progetto-senza-titolo8-768x768.png 768w, https:\/\/evibossanyi.com\/wp-content\/uploads\/2020\/05\/Progetto-senza-titolo8.png 1080w\" sizes=\"(max-width: 300px) 100vw, 300px\" \/><\/p>\n<h2>Varr\u00f2t\u0171<\/h2>\n<p>A legels\u0151 t\u0171k csontb\u00f2l vagy f\u00e0b\u00f2l k\u00e8sz\u00fcltek, k\u00e8s\u0151bb bronzb\u00f2l, manaps\u00e0g pedig bevont ac\u00e8lb\u00f2l gy\u00e0rtj\u00e0k \u0151ket. L\u00e8teznek r\u00f6videk, k\u00f6zepes hossz\u00f9s\u00e0g\u00f9ak \u00e8s hossz\u00f9ak. Minden hossznak 12-f\u00e8le vastags\u00e0ga van; min\u00e8l magasabb a sz\u00e0m, ann\u00e0l v\u00e8konyabb a t\u0171. Ha filccel dolgozol \u00e0ltal\u00e0ban 1-t\u0151l 6-os vastags\u00e0gig terjed\u0151 varr\u00f2- \u00e8s k\u00e8zimunka t\u0171kre lesz sz\u00fcks\u00e8ged. A 7-t\u0151l 9-es illetve 10-t\u0151l 12-es sz\u00e0mmal jel\u00f6lt vastags\u00e0g\u00f9ak m\u00e0r kev\u00e8sb\u00e8 alkalmasak a filc varr\u00e0s\u00e0hoz &#8211; el\u0151bbiek selyemjelleg\u0171 anyagok varr\u00e0s\u00e0ra, ut\u00f2bbiak beszeg\u00e8sek \u00e8s gomblyukak elk\u00e8sz\u00ect\u00e8s\u00e8re alkalmasak. A t\u0171 vastags\u00e0g\u00e0t minden esetben a filc \u00e8s a c\u00e8rna vastags\u00e0g\u00e0nak, valamint az \u00f6lt\u00e8s t\u00ecpus\u00e0nak megfelel\u0151en v\u00e0laszd meg.<br \/>\n<img loading=\"lazy\" decoding=\"async\" class=\"size-medium wp-image-1339 aligncenter\" src=\"https:\/\/evibossanyi.com\/wp-content\/uploads\/2020\/05\/Progetto-senza-titolo9-300x300.png\" alt=\"\" width=\"300\" height=\"300\" srcset=\"https:\/\/evibossanyi.com\/wp-content\/uploads\/2020\/05\/Progetto-senza-titolo9-300x300.png 300w, https:\/\/evibossanyi.com\/wp-content\/uploads\/2020\/05\/Progetto-senza-titolo9-100x100.png 100w, https:\/\/evibossanyi.com\/wp-content\/uploads\/2020\/05\/Progetto-senza-titolo9-600x600.png 600w, https:\/\/evibossanyi.com\/wp-content\/uploads\/2020\/05\/Progetto-senza-titolo9-1024x1024.png 1024w, https:\/\/evibossanyi.com\/wp-content\/uploads\/2020\/05\/Progetto-senza-titolo9-150x150.png 150w, https:\/\/evibossanyi.com\/wp-content\/uploads\/2020\/05\/Progetto-senza-titolo9-768x768.png 768w, https:\/\/evibossanyi.com\/wp-content\/uploads\/2020\/05\/Progetto-senza-titolo9.png 1080w\" sizes=\"(max-width: 300px) 100vw, 300px\" \/><\/p>\n<h2>Varr\u00f2c\u00e8rna<\/h2>\n<p>T\u00f6bbf\u00e8le c\u00e8rnafajta l\u00e8tezik, a legismertebbek a pamutb\u00f2l \u00e8s a szintetikus sz\u00e0lakb\u00f2l gy\u00e0rtott fajt\u00e0k. A pamut varr\u00f2c\u00e8rn\u00e0t merceriz\u00e0l\u00e0ssal teszik f\u00e8nyess\u00e8, v\u00e8kony illetve k\u00f6zepesen vastag pamutsz\u00f6vet varr\u00e0s\u00e0ra alkalmas. A m\u0171sz\u00e0las varr\u00f2c\u00e8rn\u00e0kr\u00f2l \u00e0ltal\u00e0noss\u00e0gban elmondhat\u00f2, hogy szinte b\u00e0rmilyen anyagot varrhatunk vel\u00fck k\u00e8zzel \u00e8s g\u00e8ppel egyar\u00e0nt. A j\u00f2 c\u00e8rna minden esetben ellen\u00e0ll\u00f2, kell\u0151k\u00e8ppen rugalmas, sima fel\u00fclet\u0171 \u00e8s a legkisebb s\u00f9rl\u00f2d\u00e0ssal kell hogy \u00e0thaladjon a t\u0171 \u00e0ltal l\u00e8trehozott lyukon.<br \/>\n<img loading=\"lazy\" decoding=\"async\" class=\"size-medium wp-image-1341 aligncenter\" src=\"https:\/\/evibossanyi.com\/wp-content\/uploads\/2020\/05\/Progetto-senza-titolo10-300x300.png\" alt=\"\" width=\"300\" height=\"300\" srcset=\"https:\/\/evibossanyi.com\/wp-content\/uploads\/2020\/05\/Progetto-senza-titolo10-300x300.png 300w, https:\/\/evibossanyi.com\/wp-content\/uploads\/2020\/05\/Progetto-senza-titolo10-100x100.png 100w, https:\/\/evibossanyi.com\/wp-content\/uploads\/2020\/05\/Progetto-senza-titolo10-600x600.png 600w, https:\/\/evibossanyi.com\/wp-content\/uploads\/2020\/05\/Progetto-senza-titolo10-1024x1024.png 1024w, https:\/\/evibossanyi.com\/wp-content\/uploads\/2020\/05\/Progetto-senza-titolo10-150x150.png 150w, https:\/\/evibossanyi.com\/wp-content\/uploads\/2020\/05\/Progetto-senza-titolo10-768x768.png 768w, https:\/\/evibossanyi.com\/wp-content\/uploads\/2020\/05\/Progetto-senza-titolo10.png 1080w\" sizes=\"(max-width: 300px) 100vw, 300px\" \/><\/p>\n<h2>T\u0171p\u00e0rna<\/h2>\n<p>Szabadon v\u00e0lasztott form\u00e0ban, b\u00e0rmilyen m\u00f2dszerrel k\u00e8sz\u00fclhet, csak az a fontos, hogy a t\u0171k \u00e8s a gombost\u0171k k\u00e8nyelmes t\u00e0rol\u00e0s\u00e0ra alkalmas legyen. Egy j\u00f2 tan\u00e0cs? Az alap\u00f6lt\u00e8sek megismer\u00e8se ut\u00e0n gyakorl\u00e0sk\u00e8ppen varrj egyet magadnak, legyen ez a varr\u00f2k\u00e8szleted els\u0151, saj\u00e0t k\u00e8sz\u00ect\u00e8s\u0171 darabja!<br \/>\n<img loading=\"lazy\" decoding=\"async\" class=\"size-medium wp-image-392 aligncenter\" src=\"https:\/\/evibossanyi.com\/wp-content\/uploads\/2020\/03\/feltro-06-porta-aghi-e-puntaspilli-autunnali-300x300.jpg\" alt=\"\" width=\"300\" height=\"300\" srcset=\"https:\/\/evibossanyi.com\/wp-content\/uploads\/2020\/03\/feltro-06-porta-aghi-e-puntaspilli-autunnali-300x300.jpg 300w, https:\/\/evibossanyi.com\/wp-content\/uploads\/2020\/03\/feltro-06-porta-aghi-e-puntaspilli-autunnali-100x100.jpg 100w, https:\/\/evibossanyi.com\/wp-content\/uploads\/2020\/03\/feltro-06-porta-aghi-e-puntaspilli-autunnali-600x600.jpg 600w, https:\/\/evibossanyi.com\/wp-content\/uploads\/2020\/03\/feltro-06-porta-aghi-e-puntaspilli-autunnali-150x150.jpg 150w, https:\/\/evibossanyi.com\/wp-content\/uploads\/2020\/03\/feltro-06-porta-aghi-e-puntaspilli-autunnali.jpg 700w\" sizes=\"(max-width: 300px) 100vw, 300px\" \/><\/p>\n\t\t\t\t\t\t\t\t<\/div>\n\t\t\t\t<\/div>\n\t\t\t\t\t<\/div>\n\t\t<\/div>\n\t\t\t\t\t<\/div>\n\t\t<\/section>\n\t\t\t\t<section class=\"elementor-section elementor-top-section elementor-element elementor-element-5e2d326 elementor-section-boxed elementor-section-height-default elementor-section-height-default\" data-id=\"5e2d326\" data-element_type=\"section\" data-settings=\"{&quot;jet_parallax_layout_list&quot;:[]}\">\n\t\t\t\t\t\t<div class=\"elementor-container elementor-column-gap-default\">\n\t\t\t\t\t<div class=\"elementor-column elementor-col-100 elementor-top-column elementor-element elementor-element-0c3820c\" data-id=\"0c3820c\" data-element_type=\"column\">\n\t\t\t<div class=\"elementor-widget-wrap elementor-element-populated\">\n\t\t\t\t\t\t<div class=\"elementor-element elementor-element-e3b4d76 elementor-widget elementor-widget-text-editor\" data-id=\"e3b4d76\" data-element_type=\"widget\" data-widget_type=\"text-editor.default\">\n\t\t\t\t<div class=\"elementor-widget-container\">\n\t\t\t\t\t\t\t\t\t<h2>Hozz okos d\u00f6nt\u00e8seket a megszerzett tud\u00e0s \u00e0ltal!<\/h2><p style=\"text-align: left;\">Miut\u00e0n elolvastad mindk\u00e8t, a t\u00e8m\u00e0val kapcsolatos bejegyz\u00e8semet megismerhetted a kreat\u00ecv munk\u00e0dhoz n\u00e8lk\u00fcl\u00f6zhetetlen seg\u00e8deszk\u00f6z\u00f6k \u00e8s anyagok tulajdons\u00e0gait \u00e8s pontosan ennek a megszerzett tud\u00e0snak k\u00f6sz\u00f6nhet\u0151en felesleges p\u00e8nz- \u00e8s id\u0151pocs\u00e8kol\u00e0s n\u00e8lk\u00fcl v\u00e0s\u00e0rolhatt\u00e0l meg mindent, ami sz\u00fcks\u00e8ges.<\/p><p style=\"text-align: left;\">Hogyan mondod? Van m\u00e8g p\u00e0r k\u00e8ts\u00e8ged a t\u00f6k\u00e8letes \u00f6lt\u00e8sek megval\u00f2s\u00ect\u00e0s\u00e0val kapcsolatban? Mi sem egyszer\u0171bb, olvasd el a <a href=\"https:\/\/evibossanyi.com\/hu\/tutorial-hu\/hogyan-varrd-a-filcet-az-5-alapoltes-amelyekre-minkenkeppen-szukseged-lesz\/\">k\u00f6vetkez\u0151 \u00f9tmutat\u00f2mat<\/a>, amelyet kifejezetten ez\u00e8rt \u00ecrtam!<\/p>\t\t\t\t\t\t\t\t<\/div>\n\t\t\t\t<\/div>\n\t\t\t\t\t<\/div>\n\t\t<\/div>\n\t\t\t\t\t<\/div>\n\t\t<\/section>\n\t\t\t\t<section class=\"elementor-section elementor-top-section elementor-element elementor-element-75f5173 elementor-section-boxed elementor-section-height-default elementor-section-height-default\" data-id=\"75f5173\" data-element_type=\"section\" data-settings=\"{&quot;jet_parallax_layout_list&quot;:[]}\">\n\t\t\t\t\t\t<div class=\"elementor-container elementor-column-gap-default\">\n\t\t\t\t\t<div class=\"elementor-column elementor-col-100 elementor-top-column elementor-element elementor-element-c46808a\" data-id=\"c46808a\" data-element_type=\"column\">\n\t\t\t<div class=\"elementor-widget-wrap elementor-element-populated\">\n\t\t\t\t\t\t<div class=\"elementor-element elementor-element-3ec6c91 elementor-widget elementor-widget-text-editor\" data-id=\"3ec6c91\" data-element_type=\"widget\" data-widget_type=\"text-editor.default\">\n\t\t\t\t<div class=\"elementor-widget-container\">\n\t\t\t\t\t\t\t\t\t<h2><span style=\"color: #81b1d9;\">Ha tetszett \u00e8s hasznosnak tal\u00e0ltad ezt a bejegyz\u00e8st k\u00e8rlek oszd meg az al\u00e0bbi gombokra seg\u00ects\u00e8g\u00e8vel, hogy m\u00e0sok is k\u00f6nnyen megtal\u00e0lhass\u00e0k \u00e8s elolvashass\u00e0k a blog tartalm\u00e0t. K\u00f6sz\u00f6n\u00f6m sz\u00e8pen!<\/span><\/h2>\n\t\t\t\t\t\t\t\t<\/div>\n\t\t\t\t<\/div>\n\t\t\t\t\t<\/div>\n\t\t<\/div>\n\t\t\t\t\t<\/div>\n\t\t<\/section>\n\t\t\t\t<\/div>\n\t\t","protected":false},"excerpt":{"rendered":"<p>Az el\u0151z\u0151 bejegyz\u00e8sben a filcr\u0151l olvashatt\u00e0l \u00e8rdekess\u00e8geket, megismerhetted annak szerkezet\u00e8t, tulajdons\u00e0gait, ez\u00e0ltal meggy\u0151z\u0151dhett\u00e8l arr\u00f2l is, hogy filccel dolgozni t\u00f6bb okb\u00f2l kifoly\u00f2lag is sokkal k\u00f6nnyebb dolgozni, mint a hagyom\u00e0nyos sz\u00f6vetek t\u00f6bbs\u00e8g\u00e8vel. Igaz, a legt\u00f6bb esetben eg\u00e8szen m\u00e0s c\u00e8lra is alkalmazzuk, m\u00e8gis pont ugyanazokra az eszk\u00f6z\u00f6kre lesz sz\u00fcks\u00e8g\u00fcnk mintha sz\u00f6vettel dolgozn\u00e0nk. Ebben a bejegyz\u00e8sben nemcsak azoknak a [&hellip;]<\/p>\n","protected":false},"author":2,"featured_media":1310,"comment_status":"open","ping_status":"open","sticky":false,"template":"","format":"standard","meta":{"site-sidebar-layout":"default","site-content-layout":"","ast-site-content-layout":"","site-content-style":"default","site-sidebar-style":"default","ast-global-header-display":"","ast-banner-title-visibility":"","ast-main-header-display":"","ast-hfb-above-header-display":"","ast-hfb-below-header-display":"","ast-hfb-mobile-header-display":"","site-post-title":"","ast-breadcrumbs-content":"","ast-featured-img":"","footer-sml-layout":"","theme-transparent-header-meta":"","adv-header-id-meta":"","stick-header-meta":"","header-above-stick-meta":"","header-main-stick-meta":"","header-below-stick-meta":"","astra-migrate-meta-layouts":"default","ast-page-background-enabled":"default","ast-page-background-meta":{"desktop":{"background-color":"","background-image":"","background-repeat":"repeat","background-position":"center center","background-size":"auto","background-attachment":"scroll","background-type":"","background-media":"","overlay-type":"","overlay-color":"","overlay-opacity":"","overlay-gradient":""},"tablet":{"background-color":"","background-image":"","background-repeat":"repeat","background-position":"center center","background-size":"auto","background-attachment":"scroll","background-type":"","background-media":"","overlay-type":"","overlay-color":"","overlay-opacity":"","overlay-gradient":""},"mobile":{"background-color":"","background-image":"","background-repeat":"repeat","background-position":"center center","background-size":"auto","background-attachment":"scroll","background-type":"","background-media":"","overlay-type":"","overlay-color":"","overlay-opacity":"","overlay-gradient":""}},"ast-content-background-meta":{"desktop":{"background-color":"var(--ast-global-color-5)","background-image":"","background-repeat":"repeat","background-position":"center center","background-size":"auto","background-attachment":"scroll","background-type":"","background-media":"","overlay-type":"","overlay-color":"","overlay-opacity":"","overlay-gradient":""},"tablet":{"background-color":"var(--ast-global-color-5)","background-image":"","background-repeat":"repeat","background-position":"center center","background-size":"auto","background-attachment":"scroll","background-type":"","background-media":"","overlay-type":"","overlay-color":"","overlay-opacity":"","overlay-gradient":""},"mobile":{"background-color":"var(--ast-global-color-5)","background-image":"","background-repeat":"repeat","background-position":"center center","background-size":"auto","background-attachment":"scroll","background-type":"","background-media":"","overlay-type":"","overlay-color":"","overlay-opacity":"","overlay-gradient":""}},"footnotes":""},"categories":[46,49],"tags":[],"class_list":["post-1459","post","type-post","status-publish","format-standard","has-post-thumbnail","hentry","category-filcbol-oteletesen","category-kreativ-varras"],"_links":{"self":[{"href":"https:\/\/evibossanyi.com\/hu\/wp-json\/wp\/v2\/posts\/1459","targetHints":{"allow":["GET"]}}],"collection":[{"href":"https:\/\/evibossanyi.com\/hu\/wp-json\/wp\/v2\/posts"}],"about":[{"href":"https:\/\/evibossanyi.com\/hu\/wp-json\/wp\/v2\/types\/post"}],"author":[{"embeddable":true,"href":"https:\/\/evibossanyi.com\/hu\/wp-json\/wp\/v2\/users\/2"}],"replies":[{"embeddable":true,"href":"https:\/\/evibossanyi.com\/hu\/wp-json\/wp\/v2\/comments?post=1459"}],"version-history":[{"count":0,"href":"https:\/\/evibossanyi.com\/hu\/wp-json\/wp\/v2\/posts\/1459\/revisions"}],"wp:featuredmedia":[{"embeddable":true,"href":"https:\/\/evibossanyi.com\/hu\/wp-json\/wp\/v2\/media\/1310"}],"wp:attachment":[{"href":"https:\/\/evibossanyi.com\/hu\/wp-json\/wp\/v2\/media?parent=1459"}],"wp:term":[{"taxonomy":"category","embeddable":true,"href":"https:\/\/evibossanyi.com\/hu\/wp-json\/wp\/v2\/categories?post=1459"},{"taxonomy":"post_tag","embeddable":true,"href":"https:\/\/evibossanyi.com\/hu\/wp-json\/wp\/v2\/tags?post=1459"}],"curies":[{"name":"wp","href":"https:\/\/api.w.org\/{rel}","templated":true}]}}