{"id":32,"count":1,"description":"A szakmai v\u00e0r\u00e0sokon tartott foglalkoz\u00e0sok id\u0151tartama egy \u00e8s k\u00e8t \u00f2ra k\u00f6z\u00f6tt v\u00e0ltakozik a kiv\u00e0lasztott kreat\u00ecv terv neh\u00e8zs\u00e8gi fok\u00e0t\u00f2l f\u00fcgg\u0151en. A r\u00e8sztvev\u0151 rendelkez\u00e8s\u00e8re \u00e0ll az \u00e0ltala kiv\u00e0lasztott terv megval\u00f2s\u00ect\u00e0s\u00e0hoz sz\u00fcks\u00e8ges teljes anyagsz\u00fcks\u00e8glet. A foglalkoz\u00e0sok eg\u00e8sz nap folyamatosan, turnusokban folynak ez\u00e8rt aj\u00e0nlott az el\u0151zetes  helyfoglal\u00e0s.","link":"https:\/\/evibossanyi.com\/hu\/category\/foglalkozasok\/","name":"Foglalkoz\u00e0sok","slug":"foglalkozasok","taxonomy":"category","parent":0,"meta":[],"_links":{"self":[{"href":"https:\/\/evibossanyi.com\/hu\/wp-json\/wp\/v2\/categories\/32","targetHints":{"allow":["GET"]}}],"collection":[{"href":"https:\/\/evibossanyi.com\/hu\/wp-json\/wp\/v2\/categories"}],"about":[{"href":"https:\/\/evibossanyi.com\/hu\/wp-json\/wp\/v2\/taxonomies\/category"}],"wp:post_type":[{"href":"https:\/\/evibossanyi.com\/hu\/wp-json\/wp\/v2\/posts?categories=32"}],"curies":[{"name":"wp","href":"https:\/\/api.w.org\/{rel}","templated":true}]}}